{"id":8898,"date":"2012-12-12T21:46:16","date_gmt":"2012-12-13T00:46:16","guid":{"rendered":"http:\/\/www.24baires.com\/?p=8898"},"modified":"2012-12-13T11:44:22","modified_gmt":"2012-12-13T14:44:22","slug":"scioli-concedio-gran-parte-de-los-reclamos-docentes-y-se-inicia-una-tregua","status":"publish","type":"post","link":"https:\/\/www.24baires.com\/?p=8898","title":{"rendered":"Scioli concedi\u00f3 gran parte de los reclamos docentes y se inicia una tregua"},"content":{"rendered":"<p>El Frente Gremial Docente Bonaerense (FGDB) se reuni\u00f3 con el Gobernador de la Provincia de Buenos Aires, Daniel Scioli, con la Directora General de Cultura y Educaci\u00f3n, Nora De Lucia, y con el Jefe de Gabinete de la Provincia de Buenos Aires, Alberto P\u00e9rez, en Capital Federal donde se encuentra la sede del Banco Provincia.<!--more--><\/p>\n<p>Luego de varios cambios de horario y lugar, y pese a que ninguna de las partes quiso brindar precisiones sobre el momento en el que se desarrollar\u00eda la reuni\u00f3n (que en un principio estaba pautada a las 17 horas en la gobernaci\u00f3n) ,esta tarde se produjo el encuentro entre el Frente Gremial Docente y el gobierno bonaerense que tuvo lugar en la sede que el Banco Provincia posee en Capital Federal.<\/p>\n<p>Sobre la reuni\u00f3n, el Secretario General de SUTEBA, Roberto Baradel, declar\u00f3: \u201cHa sido una reuni\u00f3n importante donde encontramos varias de las respuestas que los docentes ven\u00edamos reclamando durante este semestre, lo que es fruto de la consecuencia, de la lucha y de la fortaleza\u201d.<\/p>\n<p>Durante la reuni\u00f3n, el gobernador dio respuestas a los reclamos del FGDB que en un comunicado resumieron:<\/p>\n<p>. \u00a0Salarios adeudados: \u00a0A los salarios adeudados se comprometi\u00f3 a liquidarlos, con un adicional, el 21 de diciembre.<\/p>\n<p>\u00b7 Decreto de Asignaciones Familiares: \u00a0Se hizo entrega al FGDB del Decreto N\u00ba 1460\/12, donde se establece el cambio de topes de la percepci\u00f3n de Asignaciones Familiares y se va a pagar con retroactividad a partir del 1\u00ba de septiembre.<\/p>\n<p>\u00b7 Paritarias: \u00a0Fijaron fecha para la primera reuni\u00f3n el 14 de enero de 2013.<\/p>\n<p>\u00b7 Transportes Escolares y SAE: Se comprometieron a regularizar el transporte escolar y el Servicio Alimentario Escolar (SAE) y el funcionamiento de las escuelas de verano.<\/p>\n<p>\u00b7 Infraestructura: Presentaron un plan de infraestructura, que ser\u00e1 reforzado en articulaci\u00f3n de los municipios.<\/p>\n<p>\u00b7 Descuento ilegal de paros: En cuanto a los d\u00edas de paro, el FGDB le exigi\u00f3 que cumpla con el fallo judicial. El gobierno bonaerense plante\u00f3 que hab\u00eda apelado la medida y que iba a cumplir con lo que dictaminara finalmente la justicia.<\/p>\n<p>\u00b7 Aguinaldo: \u00a0Anunci\u00f3 que van a pagar el aguinaldo entre el d\u00eda 20 y 21 de diciembre.<\/p>\n<p>Adem\u00e1s el Frente Gremial Docente Bonaerense qued\u00f3 en sesi\u00f3n permanente a los efectos de monitorear el real cumplimiento de lo anteriormente mencionado.<\/p>\n<p>De la reuni\u00f3n participaron el Frente Gremial Docente -integrado por Suteba, Feb, Sadop, Amet y la Uda-, el gobernador Daniel Scioli, el jefe de Gabinete Alberto P\u00e9rez, el ministro de Trabajo Oscar Cuartango, y la directora general de Educaci\u00f3n, Nora De Luc\u00eda.<\/p>\n","protected":false},"excerpt":{"rendered":"<p>El Frente Gremial Docente Bonaerense (FGDB) se reuni\u00f3 con el Gobernador de la Provincia de Buenos Aires, Daniel Scioli, con la Directora General de Cultura y Educaci\u00f3n, Nora De Lucia, y con el Jefe de Gabinete de la Provincia de Buenos Aires, Alberto P\u00e9rez, en Capital Federal donde se encuentra la sede del Banco Provincia.<\/p>\n","protected":false},"author":11,"featured_media":0,"comment_status":"open","ping_status":"open","sticky":false,"template":"","format":"standard","meta":{"_jetpack_newsletter_access":"","_jetpack_dont_email_post_to_subs":false,"_jetpack_newsletter_tier_id":0,"_jetpack_memberships_contains_paywalled_content":false,"_jetpack_memberships_contains_paid_content":false,"footnotes":""},"categories":[40],"tags":[],"class_list":["post-8898","post","type-post","status-publish","format-standard","hentry","category-provincia"],"jetpack_featured_media_url":"","jetpack_shortlink":"https:\/\/wp.me\/p2JWE0-2jw","jetpack-related-posts":[{"id":114229,"url":"https:\/\/www.24baires.com\/?p=114229","url_meta":{"origin":8898,"position":0},"title":"El Frente Gremial Docente rechaz\u00f3 la primera propuesta salarial de Kicillof","author":"GB","date":"27\/02\/2020","format":false,"excerpt":"Contin\u00faan las negociaciones a cuatro d\u00edas del inicio de clases. Hoy habr\u00e1 una nueva reuni\u00f3n El Frente Gremial Docenterechaz\u00f3 la primera propuesta salarial del gobernador Axel Kicillofpor \"insuficiente\".\"Contin\u00faan las negociaciones\", inform\u00f3 el Frente a cuatro d\u00edas del inicio de clases programado el 2 de marzo en este territorio. El Sindicato\u2026","rel":"","context":"En \u00abProvincia\u00bb","block_context":{"text":"Provincia","link":"https:\/\/www.24baires.com\/?cat=40"},"img":{"alt_text":"","src":"https:\/\/i0.wp.com\/www.24baires.com\/wp-content\/uploads\/2020\/02\/paritaria-docente.jpg?resize=350%2C200","width":350,"height":200,"srcset":"https:\/\/i0.wp.com\/www.24baires.com\/wp-content\/uploads\/2020\/02\/paritaria-docente.jpg?resize=350%2C200 1x, https:\/\/i0.wp.com\/www.24baires.com\/wp-content\/uploads\/2020\/02\/paritaria-docente.jpg?resize=525%2C300 1.5x"},"classes":[]},{"id":47733,"url":"https:\/\/www.24baires.com\/?p=47733","url_meta":{"origin":8898,"position":1},"title":"Docentes bonaerenses marchan este mi\u00e9rcoles en Capital Federal","author":"AF","date":"10\/06\/2014","format":false,"excerpt":"Docentes bonaerenses marchar\u00e1n este mi\u00e9rcoles hacia la Casa de la Provincia de Buenos Aires en Capital Federal para reclamar por la implementaci\u00f3n de programas de educaci\u00f3n prometidos y por el recorte en el cupo de comedores escolares que denunciaron la semana pasada. Bajo el lema \u201cCon ajuste no hay Educaci\u00f3n\u2026","rel":"","context":"En \u00abSociedad\u00bb","block_context":{"text":"Sociedad","link":"https:\/\/www.24baires.com\/?cat=1"},"img":{"alt_text":"petrocini","src":"https:\/\/i0.wp.com\/www.24baires.com\/wp-content\/uploads\/2014\/03\/petrocini.jpg?resize=350%2C200","width":350,"height":200,"srcset":"https:\/\/i0.wp.com\/www.24baires.com\/wp-content\/uploads\/2014\/03\/petrocini.jpg?resize=350%2C200 1x, https:\/\/i0.wp.com\/www.24baires.com\/wp-content\/uploads\/2014\/03\/petrocini.jpg?resize=525%2C300 1.5x"},"classes":[]},{"id":8572,"url":"https:\/\/www.24baires.com\/?p=8572","url_meta":{"origin":8898,"position":2},"title":"Docentes reiteran que \u00abno comenzar\u00e1n las clases\u201d tras la reuni\u00f3n con Scioli","author":"Grupo Sierra","date":"10\/12\/2012","format":false,"excerpt":"LA PLATA - Lo advirtieron al finalizar el encuentro entre el gobierno bonaerense y el Frente Gremial. Se produjo un cuarto intermedio hasta el mi\u00e9rcoles \u201csolicitado por el gobernador\u201d, donde \u201cesperamos tener una respuesta\u201d, asegur\u00f3 Petrocini de la FEB. Por su parte, Roberto Baradel de SUTEBAdjo que \u201clos docentes no\u2026","rel":"","context":"En \u00abProvincia\u00bb","block_context":{"text":"Provincia","link":"https:\/\/www.24baires.com\/?cat=40"},"img":{"alt_text":"","src":"https:\/\/i0.wp.com\/www.24baires.com\/wp-content\/uploads\/2012\/12\/baradel-declaraciones.jpg?resize=350%2C200","width":350,"height":200,"srcset":"https:\/\/i0.wp.com\/www.24baires.com\/wp-content\/uploads\/2012\/12\/baradel-declaraciones.jpg?resize=350%2C200 1x, https:\/\/i0.wp.com\/www.24baires.com\/wp-content\/uploads\/2012\/12\/baradel-declaraciones.jpg?resize=525%2C300 1.5x"},"classes":[]},{"id":122894,"url":"https:\/\/www.24baires.com\/?p=122894","url_meta":{"origin":8898,"position":3},"title":"Los docentes bonaerenses son los peor pagos entre las provincias \u201cgrandes\u201d y perdieron el 18% del sueldo","author":"GB","date":"23\/02\/2026","format":false,"excerpt":"El salario docente en provincia de Buenos Aires es m\u00e1s bajo que en C\u00f3rdoba, Santa Fe y CABA. El contexto de un paro anunciado. Cuando faltan apenas d\u00edas para el inicio formal del ciclo lectivo 2026 \u2013previsto para el 2 de marzo\u2013, los docentes de la Provincia de Buenos Aires\u2026","rel":"","context":"En \u00abProvincia\u00bb","block_context":{"text":"Provincia","link":"https:\/\/www.24baires.com\/?cat=40"},"img":{"alt_text":"","src":"https:\/\/i0.wp.com\/www.24baires.com\/wp-content\/uploads\/2026\/02\/docentes-pba.jpg?resize=350%2C200","width":350,"height":200,"srcset":"https:\/\/i0.wp.com\/www.24baires.com\/wp-content\/uploads\/2026\/02\/docentes-pba.jpg?resize=350%2C200 1x, https:\/\/i0.wp.com\/www.24baires.com\/wp-content\/uploads\/2026\/02\/docentes-pba.jpg?resize=525%2C300 1.5x, https:\/\/i0.wp.com\/www.24baires.com\/wp-content\/uploads\/2026\/02\/docentes-pba.jpg?resize=700%2C400 2x"},"classes":[]},{"id":121500,"url":"https:\/\/www.24baires.com\/?p=121500","url_meta":{"origin":8898,"position":4},"title":"La Provincia convoc\u00f3 a estatales y docentes a discutir paritarias","author":"GB","date":"02\/08\/2024","format":false,"excerpt":"Luego del pedido de UPCN y la reuni\u00f3n informal de este mi\u00e9rcoles, el Gobierno bonaerense y los gremios estatales y docentes volver\u00e1n a discutir paritarias el pr\u00f3ximo jueves. El Gobierno bonaerense convoc\u00f3 a los gremios estatales y docentes a retomar las negociaciones paritarias de este mes el pr\u00f3ximo jueves, en\u2026","rel":"","context":"En \u00abProvincia\u00bb","block_context":{"text":"Provincia","link":"https:\/\/www.24baires.com\/?cat=40"},"img":{"alt_text":"","src":"https:\/\/i0.wp.com\/www.24baires.com\/wp-content\/uploads\/2024\/03\/paritarias-estatales.webp?resize=350%2C200","width":350,"height":200,"srcset":"https:\/\/i0.wp.com\/www.24baires.com\/wp-content\/uploads\/2024\/03\/paritarias-estatales.webp?resize=350%2C200 1x, https:\/\/i0.wp.com\/www.24baires.com\/wp-content\/uploads\/2024\/03\/paritarias-estatales.webp?resize=525%2C300 1.5x, https:\/\/i0.wp.com\/www.24baires.com\/wp-content\/uploads\/2024\/03\/paritarias-estatales.webp?resize=700%2C400 2x"},"classes":[]},{"id":42912,"url":"https:\/\/www.24baires.com\/?p=42912","url_meta":{"origin":8898,"position":5},"title":"Provincia cit\u00f3 a los docentes, a partir de las 10, para una nueva reuni\u00f3n","author":"GB","date":"28\/03\/2014","format":false,"excerpt":"El gobierno bonaerense cit\u00f3 a los gremios docentes a una nueva reuni\u00f3n para seguir discutiendo en el marco de las paritarias, cuando se cumple el d\u00eda n\u00famero 17 de la huelga de los maestros. El encuentro fue convocado para esta ma\u00f1ana a las 10, confirmaron fuentes del gobierno provincial. La\u2026","rel":"","context":"En \u00abProvincia\u00bb","block_context":{"text":"Provincia","link":"https:\/\/www.24baires.com\/?cat=40"},"img":{"alt_text":"aula vac\u00eda","src":"https:\/\/i0.wp.com\/www.24baires.com\/wp-content\/uploads\/2014\/03\/aula-vac%C3%ADa.jpg?resize=350%2C200","width":350,"height":200,"srcset":"https:\/\/i0.wp.com\/www.24baires.com\/wp-content\/uploads\/2014\/03\/aula-vac%C3%ADa.jpg?resize=350%2C200 1x, https:\/\/i0.wp.com\/www.24baires.com\/wp-content\/uploads\/2014\/03\/aula-vac%C3%ADa.jpg?resize=525%2C300 1.5x"},"classes":[]}],"jetpack_sharing_enabled":true,"jetpack_likes_enabled":true,"_links":{"self":[{"href":"https:\/\/www.24baires.com\/index.php?rest_route=\/wp\/v2\/posts\/8898","targetHints":{"allow":["GET"]}}],"collection":[{"href":"https:\/\/www.24baires.com\/index.php?rest_route=\/wp\/v2\/posts"}],"about":[{"href":"https:\/\/www.24baires.com\/index.php?rest_route=\/wp\/v2\/types\/post"}],"author":[{"embeddable":true,"href":"https:\/\/www.24baires.com\/index.php?rest_route=\/wp\/v2\/users\/11"}],"replies":[{"embeddable":true,"href":"https:\/\/www.24baires.com\/index.php?rest_route=%2Fwp%2Fv2%2Fcomments&post=8898"}],"version-history":[{"count":3,"href":"https:\/\/www.24baires.com\/index.php?rest_route=\/wp\/v2\/posts\/8898\/revisions"}],"predecessor-version":[{"id":8903,"href":"https:\/\/www.24baires.com\/index.php?rest_route=\/wp\/v2\/posts\/8898\/revisions\/8903"}],"wp:attachment":[{"href":"https:\/\/www.24baires.com\/index.php?rest_route=%2Fwp%2Fv2%2Fmedia&parent=8898"}],"wp:term":[{"taxonomy":"category","embeddable":true,"href":"https:\/\/www.24baires.com\/index.php?rest_route=%2Fwp%2Fv2%2Fcategories&post=8898"},{"taxonomy":"post_tag","embeddable":true,"href":"https:\/\/www.24baires.com\/index.php?rest_route=%2Fwp%2Fv2%2Ftags&post=8898"}],"curies":[{"name":"wp","href":"https:\/\/api.w.org\/{rel}","templated":true}]}}