{"id":8894,"date":"2012-12-12T08:50:47","date_gmt":"2012-12-12T11:50:47","guid":{"rendered":"http:\/\/www.24baires.com\/?p=8894"},"modified":"2012-12-12T20:57:30","modified_gmt":"2012-12-12T23:57:30","slug":"en-pleno-recambio-de-quincena-los-guardavidas-se-movilizan-al-peaje-samborombon-con-reclamos-a-scioli","status":"publish","type":"post","link":"https:\/\/www.24baires.com\/?p=8894","title":{"rendered":"En pleno recambio de quincena los Guardavidas se movilizan al peaje Samboromb\u00f3n con reclamos a Scioli"},"content":{"rendered":"<p>Los trabajadores, agrupados en Sugara, protestan por la \u00abinacci\u00f3n\u00bb de la Comisi\u00f3n Provincial de Guardavidas. Cabe resaltar que a fines de noviembre ya se hab\u00edan movilizado a la Gobernaci\u00f3n con el mismo reclamo. \u00a0La movilizaci\u00f3n ser\u00e1 el pr\u00f3ximo s\u00e1bado a ese peaje de la Ruta 2 cercano a Chascom\u00fas.\u00a0<!--more--><br \/>\nEl Sindicato \u00danico de Guardavidas de la Rep\u00fablica Argentina (SUGARA) confirm\u00f3 una movilizaci\u00f3n al peaje de Samboromb\u00f3n este s\u00e1bado 15, de cara al inicio de la temporada de verano y ante la \u201causencia de di\u00e1logo y de pol\u00edticas de seguridad en Playa\u201d de la gesti\u00f3n de Daniel Scioli.<\/p>\n<p>A trav\u00e9s de un comunicado, el secretario general de SUGARA, Roberto Solari, advirti\u00f3 que la movilizaci\u00f3n se debe a \u201cla inacci\u00f3n\u201d que presenta la Comisi\u00f3n Provincial de Guardavidas, dependiente de la Jefatura de Gabinete de la Provincia a cargo de Alberto P\u00e9rez.<\/p>\n<p>\u201cEstamos muy preocupados dado que la responsabilidad de la pol\u00edtica de seguridad de los ba\u00f1istas de la provincia est\u00e1 delegada en manos de una persona que \u2018no es guardavidas\u2019, \u2018no entiende nada de la actividad\u2019, su soberbia le impide aceptar consejos sobre la profesi\u00f3n\u2019 y \u2018su \u00fanico m\u00e9rito, y el as\u00ed lo expresa, es ser pariente del jefe de Gabinete\u2019\u201d, enumer\u00f3 Solari, en referencia a Luis Filareti, titular de la Comisi\u00f3n Provincial de Guardavidas.<\/p>\n<p>El Secretario General de SUGARA alert\u00f3 que \u201chace un a\u00f1o la Comisi\u00f3n no gestiona a favor de la seguridad en playas y natatorios, motivo que nos genera gran preocupaci\u00f3n por lo que pueda pasar en el transcurso de esta temporada en materia de prevenci\u00f3n\u201d.<\/p>\n<p>&nbsp;<\/p>\n<p>&nbsp;<\/p>\n<p>&nbsp;<\/p>\n","protected":false},"excerpt":{"rendered":"<p>Los trabajadores, agrupados en Sugara, protestan por la \u00abinacci\u00f3n\u00bb de la Comisi\u00f3n Provincial de Guardavidas. Cabe resaltar que a fines de noviembre ya se hab\u00edan movilizado a la Gobernaci\u00f3n con el mismo reclamo. \u00a0La movilizaci\u00f3n ser\u00e1 el pr\u00f3ximo s\u00e1bado a ese peaje de la Ruta 2 cercano a Chascom\u00fas.\u00a0<\/p>\n","protected":false},"author":11,"featured_media":0,"comment_status":"open","ping_status":"open","sticky":false,"template":"","format":"standard","meta":{"_jetpack_newsletter_access":"","_jetpack_dont_email_post_to_subs":false,"_jetpack_newsletter_tier_id":0,"_jetpack_memberships_contains_paywalled_content":false,"_jetpack_memberships_contains_paid_content":false,"footnotes":""},"categories":[40],"tags":[],"class_list":["post-8894","post","type-post","status-publish","format-standard","hentry","category-provincia"],"jetpack_featured_media_url":"","jetpack_shortlink":"https:\/\/wp.me\/p2JWE0-2js","jetpack-related-posts":[{"id":6796,"url":"https:\/\/www.24baires.com\/?p=6796","url_meta":{"origin":8894,"position":0},"title":"Guardavidas se movilizar\u00e1n exigiendo pol\u00edticas de seguridad en playa","author":"AF","date":"26\/11\/2012","format":false,"excerpt":"El Sindicato \u00danico de Guardavidas de la Rep\u00fablica Argentina (SUGARA) confirm\u00f3 una movilizaci\u00f3n masiva a la Casa de Gobierno bonaerense, el pr\u00f3ximo mi\u00e9rcoles, ante la \u201causencia de pol\u00edticas de seguridad en Playa\u201d de la gesti\u00f3n de Daniel Scioli de cara al inicio de la temporada de verano. As\u00ed lo confirm\u00f3\u2026","rel":"","context":"En \u00abSociedad\u00bb","block_context":{"text":"Sociedad","link":"https:\/\/www.24baires.com\/?cat=1"},"img":{"alt_text":"","src":"https:\/\/i0.wp.com\/www.24baires.com\/wp-content\/uploads\/2012\/11\/guardavidas.png?resize=350%2C200","width":350,"height":200},"classes":[]},{"id":58879,"url":"https:\/\/www.24baires.com\/?p=58879","url_meta":{"origin":8894,"position":1},"title":"Provincia present\u00f3 una propuesta a los guardavidas del sector privado de Mar del Plata","author":"GB","date":"19\/12\/2014","format":false,"excerpt":"En una reuni\u00f3n desarrollada en el Sal\u00f3n de Acuerdos del despacho del Gobernador Daniel Scioli, el gobierno provincial present\u00f3 una propuesta concreta al sector de guardavidas para dar respuesta a las demandas expresadas en los \u00faltimos d\u00edas por aquellos trabajadores que no est\u00e1n contemplados en el r\u00e9gimen previsional del IPS.\u2026","rel":"","context":"En \u00abSociedad\u00bb","block_context":{"text":"Sociedad","link":"https:\/\/www.24baires.com\/?cat=1"},"img":{"alt_text":"mesa guardavidas","src":"https:\/\/i0.wp.com\/www.24baires.com\/wp-content\/uploads\/2014\/12\/mesa-guardavidas-300x225.jpg?resize=350%2C200","width":350,"height":200},"classes":[]},{"id":7113,"url":"https:\/\/www.24baires.com\/?p=7113","url_meta":{"origin":8894,"position":2},"title":"Guardavidas furiosos marcharon a la Gobernaci\u00f3n","author":"AF","date":"28\/11\/2012","format":false,"excerpt":"LA PLATA - Piden que la Jefatura de Gabinete remueva de su cargo al titular de la Comisi\u00f3n Provincial de Guardavidas, a quien acusan de \u201cusurpar un cargo y no entender nada de la actividad\u201d. Piden que \u201cse tome la profesi\u00f3n con seriedad\u201d y no descartan profundizar las medidas de\u2026","rel":"","context":"En \u00abSociedad\u00bb","block_context":{"text":"Sociedad","link":"https:\/\/www.24baires.com\/?cat=1"},"img":{"alt_text":"","src":"https:\/\/i0.wp.com\/www.24baires.com\/wp-content\/uploads\/2012\/11\/guardavidas-gobernaci%C3%B3n.jpg?resize=350%2C200","width":350,"height":200,"srcset":"https:\/\/i0.wp.com\/www.24baires.com\/wp-content\/uploads\/2012\/11\/guardavidas-gobernaci%C3%B3n.jpg?resize=350%2C200 1x, https:\/\/i0.wp.com\/www.24baires.com\/wp-content\/uploads\/2012\/11\/guardavidas-gobernaci%C3%B3n.jpg?resize=525%2C300 1.5x"},"classes":[]},{"id":106300,"url":"https:\/\/www.24baires.com\/?p=106300","url_meta":{"origin":8894,"position":3},"title":"Guardavidas marplatenses parar\u00e1n por tiempo indeterminado","author":"AF","date":"10\/01\/2019","format":false,"excerpt":"El Sindicato de Guardavidas y Afines y la Uni\u00f3n de Guardavidas Agremiados (UGA) de la localidad bonaerense de Mar del Plata confirmaron que este s\u00e1bado realizar\u00e1n un paro total de actividades con movilizaci\u00f3n incluida. La medida de fuerza es por tiempo indeterminado y le aconsejan a los turistas que no\u2026","rel":"","context":"En \u00abSociedad\u00bb","block_context":{"text":"Sociedad","link":"https:\/\/www.24baires.com\/?cat=1"},"img":{"alt_text":"","src":"https:\/\/i0.wp.com\/www.24baires.com\/wp-content\/uploads\/2016\/01\/guardavidas.jpg?resize=350%2C200","width":350,"height":200,"srcset":"https:\/\/i0.wp.com\/www.24baires.com\/wp-content\/uploads\/2016\/01\/guardavidas.jpg?resize=350%2C200 1x, https:\/\/i0.wp.com\/www.24baires.com\/wp-content\/uploads\/2016\/01\/guardavidas.jpg?resize=525%2C300 1.5x"},"classes":[]},{"id":12159,"url":"https:\/\/www.24baires.com\/?p=12159","url_meta":{"origin":8894,"position":4},"title":"San Bernardo cuenta con playas cardio protegidas","author":"AF","date":"14\/01\/2013","format":false,"excerpt":"A tres a\u00f1os de iniciarse el proyecto de las playas cardio protegidas, la localidad balnearia que gestiona Juan Pablo de Jes\u00fas, contar\u00e1 una vez m\u00e1s con un Desfibrilador Externo Autom\u00e1tico para que lo utilicen los guardavidas en caso de paro cardiorrespiratorio. Brinda un \u00e1rea protegida de 300 metros en tres\u2026","rel":"","context":"En \u00abLocales\u00bb","block_context":{"text":"Locales","link":"https:\/\/www.24baires.com\/?cat=38"},"img":{"alt_text":"","src":"","width":0,"height":0},"classes":[]},{"id":113942,"url":"https:\/\/www.24baires.com\/?p=113942","url_meta":{"origin":8894,"position":5},"title":"Ministerio de Trabajo dict\u00f3 conciliaci\u00f3n obligatoria y el paro de guardavidas qued\u00f3 sin efecto","author":"GB","date":"29\/01\/2020","format":false,"excerpt":"NECOCHEA-La Municipalidad de la ciudad balnearia y la Asociaci\u00f3n de Guardavidas de Necochea y Quequ\u00e9n (AGNQ) no llegan a un acuerdo y el reclamo se extiende en el tiempo. El Ministerio de Trabajo bonaerense intervino nuevamente en el conflicto entre la municipalidad de Necochea y los guardavidas. Ante un nuevo\u2026","rel":"","context":"En \u00abMunicipios\u00bb","block_context":{"text":"Municipios","link":"https:\/\/www.24baires.com\/?cat=44"},"img":{"alt_text":"","src":"https:\/\/i0.wp.com\/www.24baires.com\/wp-content\/uploads\/2016\/01\/guardavidas.jpg?resize=350%2C200","width":350,"height":200,"srcset":"https:\/\/i0.wp.com\/www.24baires.com\/wp-content\/uploads\/2016\/01\/guardavidas.jpg?resize=350%2C200 1x, https:\/\/i0.wp.com\/www.24baires.com\/wp-content\/uploads\/2016\/01\/guardavidas.jpg?resize=525%2C300 1.5x"},"classes":[]}],"jetpack_sharing_enabled":true,"jetpack_likes_enabled":true,"_links":{"self":[{"href":"https:\/\/www.24baires.com\/index.php?rest_route=\/wp\/v2\/posts\/8894","targetHints":{"allow":["GET"]}}],"collection":[{"href":"https:\/\/www.24baires.com\/index.php?rest_route=\/wp\/v2\/posts"}],"about":[{"href":"https:\/\/www.24baires.com\/index.php?rest_route=\/wp\/v2\/types\/post"}],"author":[{"embeddable":true,"href":"https:\/\/www.24baires.com\/index.php?rest_route=\/wp\/v2\/users\/11"}],"replies":[{"embeddable":true,"href":"https:\/\/www.24baires.com\/index.php?rest_route=%2Fwp%2Fv2%2Fcomments&post=8894"}],"version-history":[{"count":3,"href":"https:\/\/www.24baires.com\/index.php?rest_route=\/wp\/v2\/posts\/8894\/revisions"}],"predecessor-version":[{"id":8897,"href":"https:\/\/www.24baires.com\/index.php?rest_route=\/wp\/v2\/posts\/8894\/revisions\/8897"}],"wp:attachment":[{"href":"https:\/\/www.24baires.com\/index.php?rest_route=%2Fwp%2Fv2%2Fmedia&parent=8894"}],"wp:term":[{"taxonomy":"category","embeddable":true,"href":"https:\/\/www.24baires.com\/index.php?rest_route=%2Fwp%2Fv2%2Fcategories&post=8894"},{"taxonomy":"post_tag","embeddable":true,"href":"https:\/\/www.24baires.com\/index.php?rest_route=%2Fwp%2Fv2%2Ftags&post=8894"}],"curies":[{"name":"wp","href":"https:\/\/api.w.org\/{rel}","templated":true}]}}