{"id":8885,"date":"2012-12-12T08:45:50","date_gmt":"2012-12-12T11:45:50","guid":{"rendered":"http:\/\/www.24baires.com\/?p=8885"},"modified":"2012-12-12T20:33:58","modified_gmt":"2012-12-12T23:33:58","slug":"la-cooperativa-electrica-de-balcarce-cierra-el-ano-con-un-crecimiento-de-200-millones","status":"publish","type":"post","link":"https:\/\/www.24baires.com\/?p=8885","title":{"rendered":"La Cooperativa El\u00e9ctrica de Balcarce cierra el a\u00f1o con un crecimiento de $ 200 millones"},"content":{"rendered":"<p><img data-recalc-dims=\"1\" loading=\"lazy\" decoding=\"async\" class=\"alignleft size-medium wp-image-8888\" title=\"coop balcarce Guzman y Delgado\" src=\"https:\/\/i0.wp.com\/www.24baires.com\/wp-content\/uploads\/2012\/12\/coop-balcarce-Guzman-y-Delgado.jpg?resize=300%2C191\" alt=\"\" width=\"300\" height=\"191\" srcset=\"https:\/\/i0.wp.com\/www.24baires.com\/wp-content\/uploads\/2012\/12\/coop-balcarce-Guzman-y-Delgado.jpg?resize=300%2C191&amp;ssl=1 300w, https:\/\/i0.wp.com\/www.24baires.com\/wp-content\/uploads\/2012\/12\/coop-balcarce-Guzman-y-Delgado.jpg?w=560&amp;ssl=1 560w\" sizes=\"auto, (max-width: 300px) 100vw, 300px\" \/>El cierre del a\u00f1o lo encuentra con un crecimiento patrimonial insuperable, y trabajando para resolver deudas fiscales heredadas de anteriores gestiones, al titular de la Cooperativa El\u00e9ctrica General Balcarce Ltda, Jorge Guzm\u00e1n quien se siente satisfecho, m\u00e1xime luego del un\u00e1nime respaldo de unos cien delegados que lo eligieron por un nuevo per\u00edodo al frente de la entidad.<!--more--><\/p>\n<p>Convertido a su vez en es uno de los referentes pol\u00edticos con mayor proyecci\u00f3n en el Partido de Balcarce, sigue con proyectos tendientes a lograr un mayor crecimiento de la Cooperativa que hoy ocupa a unas 160 personas y es uno de los puntales de la Balcarce Productiva.<\/p>\n<p>Al realizar un balance del \u00faltimo a\u00f1o de gesti\u00f3n, Guzm\u00e1n resalt\u00f3 \u201cen general ha sido absolutamente positivo en todo lo que es actividad en general; a\u00fan nos quedan resolver temas heredados en lo econ\u00f3mico pero estamos en el camino correcto\u201d, destacando que \u201cen lo patrimonial hoy tenemos unos $ 200.000.000.- y que se ve reflejado con el aporte de las nuevas unidades de negocios. Tambi\u00e9n hemos adquirido durante el a\u00f1o 14 camionetas Ford, 2 gr\u00faas, un cami\u00f3n \u201c.<\/p>\n<p>Dijo adem\u00e1s que se \u201chan hecho inversiones en el caso de las c\u00e1maras , que ten\u00edan una estructura de casi 36 a\u00f1os de antiguedad . Lo que es la parte de transformaci\u00f3n de invirtieron $ 2.500.000 y que hoy se encuentran con unas celdas totalmente modernizadas\u201d.<br \/>\nReiter\u00f3 que \u201ctal cual lo dijimos en alguna oportunidad, estamos trabajando para un Balcarce a 30\/ 35 a\u00f1os vista, pensando en una Cooperativa que se pueda desenvolver sin mayores sobresaltos en lo que es la parte energ\u00e9tica\u201d<\/p>\n<p><strong>Unidades de Negocios<\/strong><br \/>\nAl hablar sobre las distintas unidades de negocios, Guzm\u00e1n acot\u00f3 que \u201c en lo que es Sepelios nosotros ven\u00edamos con p\u00e9rdidas y ahora hemos revertido la situaci\u00f3n que se refleja en el ultimo balance bimensual que nos ha dejado un super\u00e1vit de $130.000\u201d<br \/>\nCon respecto a las otras unidades , entiende que \u201chabr\u00e1 que esperar un poco ya que son muy nuevas, como la de Seguros , y Pagos a trav\u00e9s del Bapro\u201d. Sobre este \u00faltimo resalt\u00f3 el apoyo de la gente \u201cque acude masivamente. Hoy no nos dan los cupos y hasta un nuevo balance no los vamos a poder ampliar. Pero lentamente vamos por el buen camino\u201d<br \/>\nRa\u00fal Delgado, integrante del Consejo de Administraci\u00f3n por su parte hizo saber que \u201cactualmente se est\u00e1 trabajando en un nuevo servicio de Farmacia. Es un proyecto bastante ambicioso y abarcativo. Hemos firmado un convenio marco con Amed (Asociaci\u00f3n Mutual 11 de Febrero) , la cual desarrolla distintas actividades como farmacia, mutual, prestamos a sus afiliados, venta de electrodom\u00e9sticos entre otras actividades\u201d<br \/>\n\u201cHoy la prioridad es la Farmacia, pero creemos que con el correr del tiempo iremos incorporando otros servicios que se brinda a trav\u00e9s de la Mutual, si entendemos que son buenos para la comunidad balcarce\u00f1a en general\u201d<\/p>\n<p><strong>La relaci\u00f3n con el Sindicato<\/strong><br \/>\nGuzm\u00e1n entiende en tal sentido que \u201cfelizmente hemos llegado a un punto de equilibrio merced a un trabajo muy solvente por parte de Delgado (el encargado de negociar y acercar las partes). Hoy estamos mucho mas maduros en el di\u00e1logo que nos permiti\u00f3 llegar a un equilibrio mas que importante entre el Sindicato y la Cooperativa\u201d<br \/>\n\u201cLa relaci\u00f3n es buena. Con paz social y trabajando en conjunto. De otra manera ser\u00eda muy dif\u00edcil\u201d acot\u00f3 Delgado que \u201csolo con Luz y Fuerza tenemos unas 120 personas\u201d, a lo que le suman \u201cotras unidades de negocios, asesores del Consejo de Administraci\u00f3n desde el punto de vista laboral y tributario\u2026que hacen un total de unas 160 personas en general\u201d.<\/p>\n<p><strong>Intensa actividad social<\/strong><br \/>\nCon motivo del A\u00f1o Internacional de las Cooperativas se realizaron adem\u00e1s auspicios y celebraciones en ese sentido \u201cque nos permiti\u00f3 tener un contacto m\u00e1s flu\u00eddo con las distintas instituciones balcarce\u00f1as. As\u00ed como se don\u00f3 la Copa Challenger para la Liga Balcarce de F\u00fatbol; se hizo en cierre de la Fiesta del A\u00f1o Internacional de las Cooperativas, donde pasaron mas de 5000 personas por el cerro \u201cEl Triunfo\u201d. Se sortearon casi 200 premios ( LCD, heladeras, microondas, etc) entre los asociados que fueron aportados por los comercios de la ciudad, que adem\u00e1s cont\u00f3 con el apoyo de la Municipalidad\u201d<\/p>\n","protected":false},"excerpt":{"rendered":"<p>El cierre del a\u00f1o lo encuentra con un crecimiento patrimonial insuperable, y trabajando para resolver deudas fiscales heredadas de anteriores gestiones, al titular de la Cooperativa El\u00e9ctrica General Balcarce Ltda, Jorge Guzm\u00e1n quien se siente satisfecho, m\u00e1xime luego del un\u00e1nime respaldo de unos cien delegados que lo eligieron por un nuevo per\u00edodo al frente de la entidad.<\/p>\n","protected":false},"author":11,"featured_media":0,"comment_status":"open","ping_status":"open","sticky":false,"template":"","format":"standard","meta":{"_jetpack_newsletter_access":"","_jetpack_dont_email_post_to_subs":false,"_jetpack_newsletter_tier_id":0,"_jetpack_memberships_contains_paywalled_content":false,"_jetpack_memberships_contains_paid_content":false,"footnotes":""},"categories":[1],"tags":[],"class_list":["post-8885","post","type-post","status-publish","format-standard","hentry","category-sociedad"],"jetpack_featured_media_url":"","jetpack_shortlink":"https:\/\/wp.me\/p2JWE0-2jj","jetpack-related-posts":[{"id":12280,"url":"https:\/\/www.24baires.com\/?p=12280","url_meta":{"origin":8885,"position":0},"title":"La Cooperativa El\u00e9ctrica de Balcarce proyecta grandes mejoras para este 2013","author":"AF","date":"15\/01\/2013","format":false,"excerpt":"La Cooperativa de electricidad de Balcarce busca ayudar a la gente que viene por diferentes cuestiones, la problem\u00e1tica que se presenta a diario es que la gente no tiene para pagar el consumo de energ\u00eda y de ah\u00ed se deriva en el resto de las cosas. \u201cLo que nos mueve\u2026","rel":"","context":"En \u00abLocales\u00bb","block_context":{"text":"Locales","link":"https:\/\/www.24baires.com\/?cat=38"},"img":{"alt_text":"cooperativa electricidad balcarce","src":"https:\/\/i0.wp.com\/www.24baires.com\/wp-content\/uploads\/2013\/01\/cooperativa-electricidad-balcarce-300x201.jpg?resize=350%2C200","width":350,"height":200},"classes":[]},{"id":104992,"url":"https:\/\/www.24baires.com\/?p=104992","url_meta":{"origin":8885,"position":1},"title":"Balcarce: despidieron a 150 trabajadores de una empresa que realizaba obras el\u00e9ctricas","author":"GB","date":"18\/10\/2018","format":false,"excerpt":"Se trata de personas que trabajaban para a firma Intesar en una obra que conectaba la estaci\u00f3n transformadora de Vivorat\u00e1 con Bah\u00eda Blanca. En lo que va del a\u00f1o, la empresa ya hab\u00eda despedido a 400 operarios. Una nueva oleada de despidos afecta al distrito de Balcarce. Esta semana la\u2026","rel":"","context":"En \u00abSociedad\u00bb","block_context":{"text":"Sociedad","link":"https:\/\/www.24baires.com\/?cat=1"},"img":{"alt_text":"","src":"https:\/\/i0.wp.com\/www.24baires.com\/wp-content\/uploads\/2018\/10\/despidos-balcarece.jpg?resize=350%2C200","width":350,"height":200,"srcset":"https:\/\/i0.wp.com\/www.24baires.com\/wp-content\/uploads\/2018\/10\/despidos-balcarece.jpg?resize=350%2C200 1x, https:\/\/i0.wp.com\/www.24baires.com\/wp-content\/uploads\/2018\/10\/despidos-balcarece.jpg?resize=525%2C300 1.5x"},"classes":[]},{"id":119629,"url":"https:\/\/www.24baires.com\/?p=119629","url_meta":{"origin":8885,"position":2},"title":"Balcarce lanz\u00f3 \u201cM\u00e1s luces, menos ruidos\u201d para evitar la protecnia sonora","author":"GB","date":"14\/12\/2022","format":false,"excerpt":"A menos de 15 d\u00edas del comienzo navide\u00f1o y las fiesta de fin de a\u00f1o, varias ONGs y el municipio lanzaron una campa\u00f1a para que se utilice pirotecnia no sonora dado que perjudica a personas con problemas de salud y a los animales. Varias ONG de la comuna de Balcarce\u2026","rel":"","context":"En \u00abMunicipios\u00bb","block_context":{"text":"Municipios","link":"https:\/\/www.24baires.com\/?cat=44"},"img":{"alt_text":"","src":"https:\/\/i0.wp.com\/www.24baires.com\/wp-content\/uploads\/2018\/10\/pirotecnia.jpg?resize=350%2C200","width":350,"height":200,"srcset":"https:\/\/i0.wp.com\/www.24baires.com\/wp-content\/uploads\/2018\/10\/pirotecnia.jpg?resize=350%2C200 1x, https:\/\/i0.wp.com\/www.24baires.com\/wp-content\/uploads\/2018\/10\/pirotecnia.jpg?resize=525%2C300 1.5x, https:\/\/i0.wp.com\/www.24baires.com\/wp-content\/uploads\/2018\/10\/pirotecnia.jpg?resize=700%2C400 2x"},"classes":[]},{"id":100836,"url":"https:\/\/www.24baires.com\/?p=100836","url_meta":{"origin":8885,"position":3},"title":"Desafectan a siete polic\u00edas en Balcarce que dejaban salir a presos a cambio de dinero","author":"GB","date":"02\/03\/2018","format":false,"excerpt":"Fue tras una denuncia de la familia de Luc\u00eda Bernaola quienes aseguraban que Federico Sasso, acusado del homicidio de la joven, sal\u00eda del calabozo La Auditor\u00eda General de Asuntos Internos (AGAI) del Ministerio de Seguridad de la Provincia de Buenos Aires desafect\u00f3 a siete polic\u00edas que prestaban servicio en la\u2026","rel":"","context":"En \u00abPoliciales\u00bb","block_context":{"text":"Policiales","link":"https:\/\/www.24baires.com\/?cat=49"},"img":{"alt_text":"","src":"https:\/\/i0.wp.com\/www.24baires.com\/wp-content\/uploads\/2018\/03\/comisaria-de-balcarse.jpg?resize=350%2C200","width":350,"height":200,"srcset":"https:\/\/i0.wp.com\/www.24baires.com\/wp-content\/uploads\/2018\/03\/comisaria-de-balcarse.jpg?resize=350%2C200 1x, https:\/\/i0.wp.com\/www.24baires.com\/wp-content\/uploads\/2018\/03\/comisaria-de-balcarse.jpg?resize=525%2C300 1.5x"},"classes":[]},{"id":11806,"url":"https:\/\/www.24baires.com\/?p=11806","url_meta":{"origin":8885,"position":4},"title":"Balcarce: inauguran edificio anexo al Palacio Comunal","author":"AF","date":"11\/01\/2013","format":false,"excerpt":"\u201cInaugurar este anexo nos demuestra que somos una gesti\u00f3n en movimiento. Esto es el fruto de todas las gestiones, de todos los viajes a La Plata y Buenos Aires. Siempre digo no son de paseo sino de gesti\u00f3n, no son para viaticar sino para gestionar, que es algo totalmente diferente\u201d\u2026","rel":"","context":"En \u00abSociedad\u00bb","block_context":{"text":"Sociedad","link":"https:\/\/www.24baires.com\/?cat=1"},"img":{"alt_text":"anexo balcarce","src":"https:\/\/i0.wp.com\/www.24baires.com\/wp-content\/uploads\/2013\/01\/anexo-balcarce-300x133.jpg?resize=350%2C200","width":350,"height":200},"classes":[]},{"id":38005,"url":"https:\/\/www.24baires.com\/?p=38005","url_meta":{"origin":8885,"position":5},"title":"Opciones de veraneo: Balcarce, un cl\u00e1sico de mar y sierra","author":"Grupo Sierra","date":"06\/01\/2014","format":false,"excerpt":"Consultado sobre la oferta tur\u00edstica que ofrece la localidad de Balcarce, su Intendente, Jos\u00e9 Echeverr\u00eda dijo que \u201cBalcarce es un cl\u00e1sico del circuito de mar y sierra. Teniendo en cuenta que estamos a media hora de Mar del Plata, a una hora de Necochea, de Tandil, Miramar, tenemos muchas alternativas\u2026","rel":"","context":"En \u00abLocales\u00bb","block_context":{"text":"Locales","link":"https:\/\/www.24baires.com\/?cat=38"},"img":{"alt_text":"Balcarce-buenosaires","src":"https:\/\/i0.wp.com\/www.24baires.com\/wp-content\/uploads\/2014\/01\/Balcarce-buenosaires.jpg?resize=350%2C200","width":350,"height":200,"srcset":"https:\/\/i0.wp.com\/www.24baires.com\/wp-content\/uploads\/2014\/01\/Balcarce-buenosaires.jpg?resize=350%2C200 1x, https:\/\/i0.wp.com\/www.24baires.com\/wp-content\/uploads\/2014\/01\/Balcarce-buenosaires.jpg?resize=525%2C300 1.5x"},"classes":[]}],"jetpack_sharing_enabled":true,"jetpack_likes_enabled":true,"_links":{"self":[{"href":"https:\/\/www.24baires.com\/index.php?rest_route=\/wp\/v2\/posts\/8885","targetHints":{"allow":["GET"]}}],"collection":[{"href":"https:\/\/www.24baires.com\/index.php?rest_route=\/wp\/v2\/posts"}],"about":[{"href":"https:\/\/www.24baires.com\/index.php?rest_route=\/wp\/v2\/types\/post"}],"author":[{"embeddable":true,"href":"https:\/\/www.24baires.com\/index.php?rest_route=\/wp\/v2\/users\/11"}],"replies":[{"embeddable":true,"href":"https:\/\/www.24baires.com\/index.php?rest_route=%2Fwp%2Fv2%2Fcomments&post=8885"}],"version-history":[{"count":4,"href":"https:\/\/www.24baires.com\/index.php?rest_route=\/wp\/v2\/posts\/8885\/revisions"}],"predecessor-version":[{"id":8891,"href":"https:\/\/www.24baires.com\/index.php?rest_route=\/wp\/v2\/posts\/8885\/revisions\/8891"}],"wp:attachment":[{"href":"https:\/\/www.24baires.com\/index.php?rest_route=%2Fwp%2Fv2%2Fmedia&parent=8885"}],"wp:term":[{"taxonomy":"category","embeddable":true,"href":"https:\/\/www.24baires.com\/index.php?rest_route=%2Fwp%2Fv2%2Fcategories&post=8885"},{"taxonomy":"post_tag","embeddable":true,"href":"https:\/\/www.24baires.com\/index.php?rest_route=%2Fwp%2Fv2%2Ftags&post=8885"}],"curies":[{"name":"wp","href":"https:\/\/api.w.org\/{rel}","templated":true}]}}