{"id":88800,"date":"2016-10-17T19:46:23","date_gmt":"2016-10-17T22:46:23","guid":{"rendered":"http:\/\/www.24baires.com\/?p=88800"},"modified":"2016-10-17T19:46:23","modified_gmt":"2016-10-17T22:46:23","slug":"la-otra-muerte","status":"publish","type":"post","link":"https:\/\/www.24baires.com\/?p=88800","title":{"rendered":"La otra muerte"},"content":{"rendered":"<p><img data-recalc-dims=\"1\" loading=\"lazy\" decoding=\"async\" src=\"https:\/\/i0.wp.com\/www.24baires.com\/wp-content\/uploads\/2016\/10\/Luc%C3%ADa-P%C3%A9rez.jpg?resize=560%2C386\" alt=\"lucia-perez\" width=\"560\" height=\"386\" class=\"aligncenter size-full wp-image-88710\" srcset=\"https:\/\/i0.wp.com\/www.24baires.com\/wp-content\/uploads\/2016\/10\/Luc%C3%ADa-P%C3%A9rez.jpg?w=560&amp;ssl=1 560w, https:\/\/i0.wp.com\/www.24baires.com\/wp-content\/uploads\/2016\/10\/Luc%C3%ADa-P%C3%A9rez.jpg?resize=300%2C207&amp;ssl=1 300w\" sizes=\"auto, (max-width: 560px) 100vw, 560px\" \/>A las mujeres nos matan por ser mujeres. Eso tiene un nombre. Est\u00e1 tipificado jur\u00eddicamente: se llama femicidio. Pero la mayor\u00eda de los medios, sobre todo los hegem\u00f3nicos, nos niegan hasta eso: somos \u201cotro caso m\u00e1s de homicidio\u201d, en sus fr\u00edas p\u00e1ginas que, cuando no cuentan mal lo que nos pasa, fomentan la misoginia y el machismo.<!--more--><\/p>\n<p>Se pone, una vez m\u00e1s, el foco en la v\u00edctima, en la nueva mujer masacrada. Se habla de su vida, de qu\u00e9 hac\u00eda y con qui\u00e9n. Y eso es s\u00f3lo una forma de buscar justificativos para un tipo de crimen que tiene un \u00fanico motivo, que nada tiene que ver con cu\u00e1ntos porros fum\u00f3 Luc\u00eda: el femicidio es el acto horrible realizado por un hijo dilecto de la sociedad patriarcal. Alguien que cree, que por su condici\u00f3n de mujer, cualquiera de nosotras debe someterse, como sea, a sus designios y deseos. Y ah\u00ed, no s\u00f3lo nos violan, nos humillan, nos violentan de decenas de otras maneras, nos lastiman: nos matan. Nos matan. A nosotras se nos va la vida mientras algunos eligen hablar de \u201cnarcotr\u00e1fico\u201d, por ejemplo.<br \/>\nA Luc\u00eda no la mat\u00f3 la droga. A Luc\u00eda no la mat\u00f3 una red narco, ni un dealer enojado o un adicto fuera de s\u00ed. A Luc\u00eda la asesinaron hombres que creyeron que pod\u00edan hacer de su cuerpo el campo f\u00e9rtil de sus perversiones y su misoginia.<br \/>\nY el reflector deber\u00eda estar puesto ah\u00ed, deber\u00edamos utilizar cada espacio radial y televisivo, cada palabra dicha o escrita en educar, en generar estrategias en conjunto para abolir la matriz patriarcal de esta sociedad engendradora de hombres que matan mujeres por ser mujeres.<br \/>\nPero no. Pasan los d\u00edas y vemos c\u00f3mo por un click m\u00e1s, el t\u00edtulo y los comentarios son sobre otras cosas. Es como si dej\u00e1ramos el cuerpo de Luc\u00eda ah\u00ed tirado, en la salita en donde la llevaron, y lo pis\u00e1ramos, lo escupi\u00e9ramos. Es decir, lo vej\u00e1ramos de nuevo.<br \/>\nLuc\u00eda muri\u00f3 de dolor. \u00bfSe entiende? Le doli\u00f3 tanto, porque la empalaron, que muri\u00f3, despu\u00e9s de que le hicieran infinidad de otras aberraciones. No fue el Chapo Guzm\u00e1n ajustando cuentas, no fueron monstruos ni extraterrestres. Fueron hombres. Hombres que viven en nuestra ciudad, que circulan por nuestros barrios. No son demonios, son hijos sanos del patriarcado, porque nacieron y se criaron as\u00ed: creyendo que pueden dominarnos, usarnos y tirarnos, como cosas.<br \/>\nY los mismos medios que nos bombardean con la \u201cinseguridad\u201d, son los que elijen desviar el foco y colocarlo en otro lado. Como hicieron con tantas otras pibas v\u00edctimas de femicidio. Que si la ropa, que si la hora, que si sal\u00eda mucho, que si fumaba o tomaba&#8230; Poniendo la culpa sobre sus cad\u00e1veres, como mortaja cruel e injusta.<br \/>\nNos matan y casi, casi, dicen que andamos por ah\u00ed suicid\u00e1ndonos por usar pollera corta, por andar de noche, por fumar un porro o tomar una birra. Porque creen que buscamos que nos apoyen en el bondi, que nos sigan por la calle dici\u00e9ndonos todas las perversiones que se les pueden ocurrir en esos segundos que los cruzamos en alguna vereda. Piensan que queremos que nos fuercen a hacer cosas, porque creen que cuando decimos no, en realidad queremos decir que si.<br \/>\nEse es el n\u00facleo s\u00f3lido de la sociedad enferma. Una sociedad que cr\u00eda hombres que matan mujeres por ser mujeres. Y eso es lo que hay que repetir, lo que hay que subrayar. De lo que hay que hablar hasta que se entienda, hasta que sea eso lo que se ense\u00f1e, lo que se difunda, y no si es muy tarde para que andemos por ah\u00ed \u201csolas\u201d.<br \/>\nNos matan, todos los d\u00edas. Nos violan, nos acuchillan, nos degollan, nos prenden fuego, nos empalan, nos tiran en bolsas de basura. Todos los d\u00edas. Y ni siquiera hablan de femicidio, cosa que resulta clave para empezar a entender una problem\u00e1tica que nos atraviesa como un rayo a todos y todas.<br \/>\nPero las tumbas las ocupamos nosotras. Y ninguna marcha trae de vuelta a Luc\u00eda. Ninguna jornada, ninguna concentraci\u00f3n, ning\u00fan posteo indignado en Facebook le devuelve la vida. Pero vamos a seguir manifest\u00e1ndonos, porque es la \u00fanica manera de seguir diciendo las cosas por su nombre, de insistir en la urgencia obvia. Nos matan por ser mujeres. Ocultar esto, soslayar la \u00fanica verdad, es someternos a otra muerte y seguir sosteniendo la estructura machista de la sociedad en la que transcurre nuestra vida y en la que muchas de nosotras la pierde.<\/p>\n","protected":false},"excerpt":{"rendered":"<p>A las mujeres nos matan por ser mujeres. Eso tiene un nombre. Est\u00e1 tipificado jur\u00eddicamente: se llama femicidio. Pero la mayor\u00eda de los medios, sobre todo los hegem\u00f3nicos, nos niegan hasta eso: somos \u201cotro caso m\u00e1s de homicidio\u201d, en sus fr\u00edas p\u00e1ginas que, cuando no cuentan mal lo que nos pasa, fomentan la misoginia y el machismo.<\/p>\n","protected":false},"author":8,"featured_media":0,"comment_status":"open","ping_status":"open","sticky":false,"template":"","format":"standard","meta":{"_jetpack_newsletter_access":"","_jetpack_dont_email_post_to_subs":false,"_jetpack_newsletter_tier_id":0,"_jetpack_memberships_contains_paywalled_content":false,"_jetpack_memberships_contains_paid_content":false,"footnotes":""},"categories":[64],"tags":[],"class_list":["post-88800","post","type-post","status-publish","format-standard","hentry","category-opinion"],"jetpack_featured_media_url":"","jetpack_shortlink":"https:\/\/wp.me\/p2JWE0-n6g","jetpack-related-posts":[{"id":118828,"url":"https:\/\/www.24baires.com\/?p=118828","url_meta":{"origin":88800,"position":0},"title":"En los primeros meses de 2022 se cometieron 81 femicidios en Argentina","author":"GB","date":"06\/05\/2022","format":false,"excerpt":"\u00a0 Lo aseguraron desde el Observatorio de Femicidios de la Multisectorial de la Mujer de Mar del Plata Observatorio de Femicidios de la Multisectorial de la Mujer de Mar del Plata expres\u00f3 su preocupaci\u00f3n por la escalada de la violencia machista, reflejada en los 81 femicidios que se registraron en\u2026","rel":"","context":"En \u00abSociedad\u00bb","block_context":{"text":"Sociedad","link":"https:\/\/www.24baires.com\/?cat=1"},"img":{"alt_text":"","src":"https:\/\/i0.wp.com\/www.24baires.com\/wp-content\/uploads\/2019\/11\/femicidios-300x168.jpg?resize=350%2C200","width":350,"height":200},"classes":[]},{"id":80841,"url":"https:\/\/www.24baires.com\/?p=80841","url_meta":{"origin":88800,"position":1},"title":"Buenos Aires fue la provincia con m\u00e1s femicidios en el 2015","author":"GB","date":"31\/03\/2016","format":false,"excerpt":"El dato surge del informa presentado hoy por el Observatorio de Femicidios Marisel Zambrano, de la ONG La Casa del Encuentro. Los cr\u00edmenes dejaron sin madre a 214 ni\u00f1as y ni\u00f1os. El tr\u00e1gico ranking lo encabeza la provincia de Buenos Aires, aunque Salta tiene la tasa m\u00e1s alta del delito\u2026","rel":"","context":"En \u00abSociedad\u00bb","block_context":{"text":"Sociedad","link":"https:\/\/www.24baires.com\/?cat=1"},"img":{"alt_text":"niunamenos","src":"https:\/\/i0.wp.com\/www.24baires.com\/wp-content\/uploads\/2015\/05\/niunamenos.jpg?resize=350%2C200","width":350,"height":200,"srcset":"https:\/\/i0.wp.com\/www.24baires.com\/wp-content\/uploads\/2015\/05\/niunamenos.jpg?resize=350%2C200 1x, https:\/\/i0.wp.com\/www.24baires.com\/wp-content\/uploads\/2015\/05\/niunamenos.jpg?resize=525%2C300 1.5x"},"classes":[]},{"id":108540,"url":"https:\/\/www.24baires.com\/?p=108540","url_meta":{"origin":88800,"position":2},"title":"#NiUnaMenos: marchar\u00e1n a la Gobernaci\u00f3n para exigir \u201cbasta de femicidios y travesticidios\u201d","author":"GB","date":"03\/06\/2019","format":false,"excerpt":"En un nuevo 3 de junio, se espera una masiva movilizaci\u00f3n en todo el pa\u00eds y en la provincia de Buenos Aires tendr\u00e1 su epicentro en La Plata. Exigir\u00e1n justicia por Johana Ramallo y la separaci\u00f3n de las iglesias del Estado. Este lunes 3 de junio nuevamente en todo el\u2026","rel":"","context":"En \u00abSociedad\u00bb","block_context":{"text":"Sociedad","link":"https:\/\/www.24baires.com\/?cat=1"},"img":{"alt_text":"","src":"https:\/\/i0.wp.com\/www.24baires.com\/wp-content\/uploads\/2017\/08\/MARCHA-NI-UNA-MENOS-MUJERES-FEMICIDIOS.jpg?resize=350%2C200","width":350,"height":200,"srcset":"https:\/\/i0.wp.com\/www.24baires.com\/wp-content\/uploads\/2017\/08\/MARCHA-NI-UNA-MENOS-MUJERES-FEMICIDIOS.jpg?resize=350%2C200 1x, https:\/\/i0.wp.com\/www.24baires.com\/wp-content\/uploads\/2017\/08\/MARCHA-NI-UNA-MENOS-MUJERES-FEMICIDIOS.jpg?resize=525%2C300 1.5x"},"classes":[]},{"id":100889,"url":"https:\/\/www.24baires.com\/?p=100889","url_meta":{"origin":88800,"position":3},"title":"Con 14 femicidios en 2018, reclaman pol\u00edticas de prevenci\u00f3n y contenci\u00f3n de mujeres","author":"GB","date":"06\/03\/2018","format":false,"excerpt":"Un relevamiento contabiliz\u00f3 44 casos en todo el pa\u00eds y el territorio bonaerense aparece como una de las zonas m\u00e1s cr\u00edticas. A nivel nacional piden m\u00e1s presupuesto En la previa del paro y marcha nacional #8M, se conocieron datos alarmantes sobre femicidios en el pa\u00eds que vuelven a dejar a\u2026","rel":"","context":"En \u00abSociedad\u00bb","block_context":{"text":"Sociedad","link":"https:\/\/www.24baires.com\/?cat=1"},"img":{"alt_text":"","src":"https:\/\/i0.wp.com\/www.24baires.com\/wp-content\/uploads\/2017\/08\/MARCHA-NI-UNA-MENOS-MUJERES-FEMICIDIOS.jpg?resize=350%2C200","width":350,"height":200,"srcset":"https:\/\/i0.wp.com\/www.24baires.com\/wp-content\/uploads\/2017\/08\/MARCHA-NI-UNA-MENOS-MUJERES-FEMICIDIOS.jpg?resize=350%2C200 1x, https:\/\/i0.wp.com\/www.24baires.com\/wp-content\/uploads\/2017\/08\/MARCHA-NI-UNA-MENOS-MUJERES-FEMICIDIOS.jpg?resize=525%2C300 1.5x"},"classes":[]},{"id":102516,"url":"https:\/\/www.24baires.com\/?p=102516","url_meta":{"origin":88800,"position":4},"title":"Femicidios: se registraron 114 casos en lo que va del a\u00f1o y gran concentraci\u00f3n en la Provincia","author":"GB","date":"04\/06\/2018","format":false,"excerpt":"A horas de que se realice la gran marcha por el Ni una Menos en La Plata, las estad\u00edsticas de la Casa del Encuentro marcan un femicidio cada 32 horas, con 114 casos en lo que va del a\u00f1o. La provincia una de las zonas con m\u00e1s urgencia. Ayer, miles\u2026","rel":"","context":"En \u00abPol\u00edtica\u00bb","block_context":{"text":"Pol\u00edtica","link":"https:\/\/www.24baires.com\/?cat=51"},"img":{"alt_text":"","src":"https:\/\/i0.wp.com\/www.24baires.com\/wp-content\/uploads\/2018\/06\/ni-una-menos.jpg?resize=350%2C200","width":350,"height":200,"srcset":"https:\/\/i0.wp.com\/www.24baires.com\/wp-content\/uploads\/2018\/06\/ni-una-menos.jpg?resize=350%2C200 1x, https:\/\/i0.wp.com\/www.24baires.com\/wp-content\/uploads\/2018\/06\/ni-una-menos.jpg?resize=525%2C300 1.5x"},"classes":[]},{"id":84367,"url":"https:\/\/www.24baires.com\/?p=84367","url_meta":{"origin":88800,"position":5},"title":"Cifras escalofriantes: en 2015 hubo un femicidio cada 37 horas","author":"GB","date":"29\/06\/2016","format":false,"excerpt":"Seg\u00fan un informe de la Corte Suprema 235 mujeres fueron v\u00edctimas de violencia de g\u00e9nero. El 70% los agresores era pareja o familiar. Al menos 235 mujeres fueron v\u00edctimas de femicidio durante 2015 -un promedio de una cada 37 horas-; el 70 por ciento de los agresores era cercano -pareja\u2026","rel":"","context":"En \u00abSociedad\u00bb","block_context":{"text":"Sociedad","link":"https:\/\/www.24baires.com\/?cat=1"},"img":{"alt_text":"ni una menos2","src":"https:\/\/i0.wp.com\/www.24baires.com\/wp-content\/uploads\/2016\/06\/ni-una-menos2.jpg?resize=350%2C200","width":350,"height":200,"srcset":"https:\/\/i0.wp.com\/www.24baires.com\/wp-content\/uploads\/2016\/06\/ni-una-menos2.jpg?resize=350%2C200 1x, https:\/\/i0.wp.com\/www.24baires.com\/wp-content\/uploads\/2016\/06\/ni-una-menos2.jpg?resize=525%2C300 1.5x"},"classes":[]}],"jetpack_sharing_enabled":true,"jetpack_likes_enabled":true,"_links":{"self":[{"href":"https:\/\/www.24baires.com\/index.php?rest_route=\/wp\/v2\/posts\/88800","targetHints":{"allow":["GET"]}}],"collection":[{"href":"https:\/\/www.24baires.com\/index.php?rest_route=\/wp\/v2\/posts"}],"about":[{"href":"https:\/\/www.24baires.com\/index.php?rest_route=\/wp\/v2\/types\/post"}],"author":[{"embeddable":true,"href":"https:\/\/www.24baires.com\/index.php?rest_route=\/wp\/v2\/users\/8"}],"replies":[{"embeddable":true,"href":"https:\/\/www.24baires.com\/index.php?rest_route=%2Fwp%2Fv2%2Fcomments&post=88800"}],"version-history":[{"count":1,"href":"https:\/\/www.24baires.com\/index.php?rest_route=\/wp\/v2\/posts\/88800\/revisions"}],"predecessor-version":[{"id":88801,"href":"https:\/\/www.24baires.com\/index.php?rest_route=\/wp\/v2\/posts\/88800\/revisions\/88801"}],"wp:attachment":[{"href":"https:\/\/www.24baires.com\/index.php?rest_route=%2Fwp%2Fv2%2Fmedia&parent=88800"}],"wp:term":[{"taxonomy":"category","embeddable":true,"href":"https:\/\/www.24baires.com\/index.php?rest_route=%2Fwp%2Fv2%2Fcategories&post=88800"},{"taxonomy":"post_tag","embeddable":true,"href":"https:\/\/www.24baires.com\/index.php?rest_route=%2Fwp%2Fv2%2Ftags&post=88800"}],"curies":[{"name":"wp","href":"https:\/\/api.w.org\/{rel}","templated":true}]}}