{"id":88644,"date":"2016-10-12T21:30:50","date_gmt":"2016-10-13T00:30:50","guid":{"rendered":"http:\/\/www.24baires.com\/?p=88644"},"modified":"2016-10-12T21:30:50","modified_gmt":"2016-10-13T00:30:50","slug":"arroyo-y-la-reivindicacion-de-la-muerte-el-hambre-y-la-peste","status":"publish","type":"post","link":"https:\/\/www.24baires.com\/?p=88644","title":{"rendered":"Arroyo y la reivindicaci\u00f3n de la muerte, el hambre y la peste"},"content":{"rendered":"<p><img data-recalc-dims=\"1\" loading=\"lazy\" decoding=\"async\" src=\"https:\/\/i0.wp.com\/www.24baires.com\/wp-content\/uploads\/2015\/09\/arroyo.jpg?resize=560%2C341\" alt=\"arroyo\" width=\"560\" height=\"341\" class=\"aligncenter size-full wp-image-71912\" srcset=\"https:\/\/i0.wp.com\/www.24baires.com\/wp-content\/uploads\/2015\/09\/arroyo.jpg?w=560&amp;ssl=1 560w, https:\/\/i0.wp.com\/www.24baires.com\/wp-content\/uploads\/2015\/09\/arroyo.jpg?resize=300%2C183&amp;ssl=1 300w\" sizes=\"auto, (max-width: 560px) 100vw, 560px\" \/>\u201cVinieron. Ellos ten\u00edan la Biblia y nosotros ten\u00edamos la tierra.<br \/>\nY nos dijeron: cierren los ojos y recen.<br \/>\nY cuando abrimos los ojos, ellos ten\u00edan la tierra<br \/>\ny nosotros ten\u00edamos la Biblia\u201d<\/p>\n<p>(Eduardo Galeano)<br \/>\n<!--more--><\/p>\n<p>Am\u00e9rica no fue descubierta un 12 de octubre de 1492. El genocidio m\u00e1s grande de la Historia comenz\u00f3 ese d\u00eda, y sigue. Hoy no se festeja ning\u00fan descubrimiento, porque no podemos festejar el saqueo al que sometieron a nuestros pueblos.<br \/>\nHoy la Patria Grande est\u00e1 de pie, porque la sangre derramada dej\u00f3 de ser ese r\u00edo por donde se escurr\u00edan los sue\u00f1os de los postergados: ahora escribimos nuestra propia Historia con ella, porque lo escrito con sangre no se olvida. Porque hemos perdido el miedo al Imperio y lo miramos de igual a igual, porque somos soberanos.<br \/>\nAunque se hallan reinstaurado gobiernos conservadores y neoliberales en nuestras tierras, nada es igual. Porque aqu\u00ed naci\u00f3 un Ernesto Guevara y un Hugo Ch\u00e1vez, porque en Bolivia sigue gobernando un hijo dilecto de las entra\u00f1as de esta Patria inmensa. Porque en Ecuador, Rafael Correa combate el olvido que quiere volver a expander la derecha, como un manto de tinieblas. Porque no somos los mismos despu\u00e9s de enterrar el ALCA. Ni despu\u00e9s de los gobiernos que posicionaron la regi\u00f3n a nivel global, que se unieron para enfrentar a los poderosos de siempre, que han hecho de nuestros pa\u00edses el pasto f\u00e9rtil del que siempre comieron con renovada hambre, d\u00e9cada a d\u00e9cada. Comieron hasta la ra\u00edz y siguieron engullendo con sus fauces inmensas, voraces. Somos un pueblo empoderado.<br \/>\n\u201cNosotros tenemos hoy una religi\u00f3n, un idioma y un estilo de vida gracias a Espa\u00f1a\u201d, dice desde desde la Edad Media el Intendente Carlos Fernando Arroyo. Y as\u00ed escupe sobre millones de tumbas sin nombre, pero ba\u00f1adas con la misma sangre. Desconoce con sus palabras m\u00e1s de cinco siglos de ocupaci\u00f3n, saqueo, violaciones y homicidios.<br \/>\nArroyo no habla en mi nombre, nunca. Pero no alcanza con eso, creo que es imprescindible elevar nuestras voces cada vez que mujeres y hombres como \u00e9l quieren imponernos su ideolog\u00eda prehist\u00f3rica en pos de construir una realidad que se acomoda a esos cerebros obsoletos y que siempre nos deja afuera.<br \/>\nNo le voy a pedir a Arroyo que piense diferente, ni que gobierne como yo lo har\u00eda, pero s\u00ed puedo exigirle que se haga cargo de sus palabras, para poder, una vez m\u00e1s, ponerme en la vereda de enfrente. Porque, en este caso puntual, reivindicar el genocidio del que fueron v\u00edctima repetida los pueblos originarios, como si no hubieran existido, como si Espa\u00f1a hubiera inventado Am\u00e9rica apenas pisando arena americana, bajados de sus carabelas, es aberrante. Repudio hoy, ayer y siempre todos los enclaves coloniales, del que nuestra Patria Grande sigue siendo reh\u00e9n, como ocurre con Gran Breta\u00f1a y su ocupaci\u00f3n de las Islas Malvinas.<br \/>\nPorque eso son \u201clas conquistas\u201d, avasallamientos brutales de los pueblos que habitaban los sitios donde iban llegando estos portadores de religi\u00f3n, idioma y estilo de vida. Cosas que impusieron a fuego y muerte. Ya exist\u00edamos, ya ten\u00edamos nuestros credos y lenguas, as\u00ed como formas de vida. Aqu\u00ed hab\u00eda civilizaciones, Arroyo, no tierra muerta donde gracias a Col\u00f3n se sembraron personas, ideas y estilos de supervivencia que florecieron gracias, de nuevo, al cuidado paternal de adelantados humanitarios.<br \/>\nPorque no te regala nada el que viene a robarte, a exterminarte. A imponerte lo que \u00e9l siente, lo que \u00e9l piensa, lo que \u00e9l hace. Quienes llegan y s\u00f3lo traen biblias, pestes y muerte, s\u00f3lo vienen a esclavizarte.<br \/>\nC\u00f3mo malversan la historia, c\u00f3mo gustan de repetir el discurso de esos vencedores, que no son m\u00e1s que los asesinos que escribieron el pasado mojando la pluma en la carne de sus asesinados. Pero claro, eso son. Arroyo, en perfecta sinton\u00eda ideol\u00f3gica con Macri y sus pol\u00edticas conservadoras, gobierna desde ah\u00ed. Entonces se entiende que no repudie, por ejemplo, que tipos como Pampill\u00f3n agredan y amenacen a la comunidad boliviana en Mar del Plata. Porque tienen la mente viviendo muy lejos del presente, porque son s\u00fabditos ideol\u00f3gicos del Imperialismo, porque nos prefieren exterminados antes que libres y soberanos.<br \/>\nEs una \u00e9poca dif\u00edcil, \u00e9sta. Volvieron los conservadores anacr\u00f3nicos y son gobierno. Pero nosotros aprendimos mucho en estos a\u00f1os. Somos orgullosos de nuestras ra\u00edces, que penetran mucho m\u00e1s profundo y llegan mucho m\u00e1s lejos de lo que ellos est\u00e1n dispuestos a reconocer.<br \/>\nEs simple: mi apellido es S\u00e1nchez, claro que mis antepasados son espa\u00f1oles, pero yo nac\u00ed ac\u00e1, en esta hermosa Patria Grande. Todos esos muertos son m\u00edos. Nac\u00ed y vivo en este territorio tantas veces arrasado por los que bajaron de los barcos, y luego por los que vinieron despu\u00e9s. Porque el colonialismo no termin\u00f3. La vuelta del FMI a Argentina es prueba sobrada de eso. La diferencia, enorme, es que ahora quienes ganaron les abren las puertas de par en par, les sonr\u00eden y bajan la cabeza. Pero no en mi nombre, nunca.<br \/>\nQu\u00e9 viva Am\u00e9rica, qu\u00e9 vivan los libertadores que de norte a sur batallaron contra los invasores, qu\u00e9 vivan los que aun luchan contra usurpadores, contra el hambre, la pobreza, el colonialismo econ\u00f3mico y cultural y contra el patriarcado y la misoginia, que tambi\u00e9n vino con la biblia, el idioma y el estilo de vida que Arroyo con tanto cari\u00f1o elige reivindicar.<\/p>\n","protected":false},"excerpt":{"rendered":"<p>\u201cVinieron. Ellos ten\u00edan la Biblia y nosotros ten\u00edamos la tierra. Y nos dijeron: cierren los ojos y recen. Y cuando abrimos los ojos, ellos ten\u00edan la tierra y nosotros ten\u00edamos la Biblia\u201d (Eduardo Galeano)<\/p>\n","protected":false},"author":8,"featured_media":0,"comment_status":"open","ping_status":"open","sticky":false,"template":"","format":"standard","meta":{"_jetpack_newsletter_access":"","_jetpack_dont_email_post_to_subs":false,"_jetpack_newsletter_tier_id":0,"_jetpack_memberships_contains_paywalled_content":false,"_jetpack_memberships_contains_paid_content":false,"footnotes":""},"categories":[64],"tags":[],"class_list":["post-88644","post","type-post","status-publish","format-standard","hentry","category-opinion"],"jetpack_featured_media_url":"","jetpack_shortlink":"https:\/\/wp.me\/p2JWE0-n3K","jetpack-related-posts":[{"id":17725,"url":"https:\/\/www.24baires.com\/?p=17725","url_meta":{"origin":88644,"position":0},"title":"Carlotto: \u201cLatinoam\u00e9rica tendr\u00e1 un vac\u00edo enorme porque ten\u00eda un proyecto de Patria Grande\u201d","author":"AF","date":"07\/03\/2013","format":false,"excerpt":"Esas fueron las palabras de la Presidenta de Abuelas Plaza de Mayo, Estela De Carlotto, quien expres\u00f3 su reflexi\u00f3n sobre el fallecimiento de Ch\u00e1vez. A su vez, la referente en la lucha por los Derechos Humanos dijo que \u201c\u00c9l dej\u00f3 un destino y lo hizo p\u00fablico, esperemos que el pueblo\u2026","rel":"","context":"En \u00abSociedad\u00bb","block_context":{"text":"Sociedad","link":"https:\/\/www.24baires.com\/?cat=1"},"img":{"alt_text":"carlotto ch\u00e1vez","src":"https:\/\/i0.wp.com\/www.24baires.com\/wp-content\/uploads\/2013\/03\/carlotto-ch%C3%A1vez.jpg?resize=350%2C200","width":350,"height":200},"classes":[]},{"id":24386,"url":"https:\/\/www.24baires.com\/?p=24386","url_meta":{"origin":88644,"position":1},"title":"Berisso es una fiesta: Villa San Carlos ascendi\u00f3 a la B Nacional","author":"Grupo Sierra","date":"25\/05\/2013","format":false,"excerpt":"Gol de Troncoso a los 12 minutos del primer tiempo, para darle al equipo de Rezza la victoria, sin tener que mirar a lo que pasaba en Vicente L\u00f3pez. Festejo en todo Berisso. El f\u00fatbol de la regi\u00f3n de la capital provincial est\u00e1 alegre con el Celeste que estar\u00e1 en\u2026","rel":"","context":"En \u00abDeportes\u00bb","block_context":{"text":"Deportes","link":"https:\/\/www.24baires.com\/?cat=12"},"img":{"alt_text":"san_carlos berisso","src":"https:\/\/i0.wp.com\/www.24baires.com\/wp-content\/uploads\/2013\/05\/san_carlos-berisso.jpg?resize=350%2C200","width":350,"height":200,"srcset":"https:\/\/i0.wp.com\/www.24baires.com\/wp-content\/uploads\/2013\/05\/san_carlos-berisso.jpg?resize=350%2C200 1x, https:\/\/i0.wp.com\/www.24baires.com\/wp-content\/uploads\/2013\/05\/san_carlos-berisso.jpg?resize=525%2C300 1.5x"},"classes":[]},{"id":20679,"url":"https:\/\/www.24baires.com\/?p=20679","url_meta":{"origin":88644,"position":2},"title":"Esteban Echeverr\u00eda festej\u00f3 su 100\u00ba aniversario","author":"AF","date":"10\/04\/2013","format":false,"excerpt":"Las actividades por el centenario del partido de Esteban Echeverr\u00eda comenzaron bien temprano y prosiguieron durante toda la jornada. Una de las actividades centrales fue un desfile del que participaron asociaciones sociales e instituciones educativas del partido. Una vez finalizado, comenz\u00f3 un festival que fue seguido de cerca por decenas\u2026","rel":"","context":"En \u00abLocales\u00bb","block_context":{"text":"Locales","link":"https:\/\/www.24baires.com\/?cat=38"},"img":{"alt_text":"100 a\u00f1os echeverr\u00eda","src":"https:\/\/i0.wp.com\/www.24baires.com\/wp-content\/uploads\/2013\/04\/100-a%C3%B1os-echeverr%C3%ADa-300x190.jpg?resize=350%2C200","width":350,"height":200},"classes":[]},{"id":894,"url":"https:\/\/www.24baires.com\/?p=894","url_meta":{"origin":88644,"position":3},"title":"\u201cLa expropiaci\u00f3n estaba encaminada hasta que Scioli vino a festejar su cumplea\u00f1os en el Hermitage\u201d","author":"Grupo Sierra","date":"03\/10\/2012","format":false,"excerpt":"MAR DEL PLATA - Luego de que el bloque de concejales de Acci\u00f3n Marplatense autorizara al intendente Pulti a comprar con sobreprecio un predio lindero al viejo basural, propiedad del empresario Aldrey Iglesias; la ex diputada provincial Julia Garc\u00eda, autora del proyecto de ley de expropiaci\u00f3n de esas tierras, subray\u00f3\u2026","rel":"","context":"En \u00abPol\u00edtica\u00bb","block_context":{"text":"Pol\u00edtica","link":"https:\/\/www.24baires.com\/?cat=51"},"img":{"alt_text":"","src":"https:\/\/i0.wp.com\/www.24baires.com\/wp-content\/uploads\/2012\/10\/scioli-aldrey-2.jpg?resize=350%2C200","width":350,"height":200,"srcset":"https:\/\/i0.wp.com\/www.24baires.com\/wp-content\/uploads\/2012\/10\/scioli-aldrey-2.jpg?resize=350%2C200 1x, https:\/\/i0.wp.com\/www.24baires.com\/wp-content\/uploads\/2012\/10\/scioli-aldrey-2.jpg?resize=525%2C300 1.5x"},"classes":[]},{"id":66605,"url":"https:\/\/www.24baires.com\/?p=66605","url_meta":{"origin":88644,"position":4},"title":"Las banderas bien arriba, sin olvidarnos de nada","author":"AF","date":"27\/05\/2015","format":false,"excerpt":"Quiero escribir sobre la plaza del 25. Tengo un c\u00famulo de emociones e ideas que se atropellan por salir todas juntas, como los Tres Chiflados, haciendo el cl\u00e1sico chiste de la puerta. Y quiero escribir sobre la Plaza de Mayo que vi este lunes, porque la viv\u00ed, la palpit\u00e9 con\u2026","rel":"","context":"En \u00abOpini\u00f3n\u00bb","block_context":{"text":"Opini\u00f3n","link":"https:\/\/www.24baires.com\/?cat=64"},"img":{"alt_text":"plaza 25","src":"https:\/\/i0.wp.com\/www.24baires.com\/wp-content\/uploads\/2015\/05\/plaza-25.jpg?resize=350%2C200","width":350,"height":200,"srcset":"https:\/\/i0.wp.com\/www.24baires.com\/wp-content\/uploads\/2015\/05\/plaza-25.jpg?resize=350%2C200 1x, https:\/\/i0.wp.com\/www.24baires.com\/wp-content\/uploads\/2015\/05\/plaza-25.jpg?resize=525%2C300 1.5x"},"classes":[]},{"id":63088,"url":"https:\/\/www.24baires.com\/?p=63088","url_meta":{"origin":88644,"position":5},"title":"Con 91 a\u00f1os, recorri\u00f3 1400 km a pie para ir a Luj\u00e1n","author":"Grupo Sierra","date":"12\/03\/2015","format":false,"excerpt":"Emma Moroncini es una abuela peregrina italiana de 91 a\u00f1os, que se ha convertido en un \u00edcono de fortaleza. Lleg\u00f3 a la Argentina para cumplir una promesa: recorrer 1.400 kil\u00f3metros a pie desde Tucum\u00e1n a Luj\u00e1n para pedir por la paz del mundo y los j\u00f3venes. La historia de Emma\u2026","rel":"","context":"En \u00abSociedad\u00bb","block_context":{"text":"Sociedad","link":"https:\/\/www.24baires.com\/?cat=1"},"img":{"alt_text":"","src":"","width":0,"height":0},"classes":[]}],"jetpack_sharing_enabled":true,"jetpack_likes_enabled":true,"_links":{"self":[{"href":"https:\/\/www.24baires.com\/index.php?rest_route=\/wp\/v2\/posts\/88644","targetHints":{"allow":["GET"]}}],"collection":[{"href":"https:\/\/www.24baires.com\/index.php?rest_route=\/wp\/v2\/posts"}],"about":[{"href":"https:\/\/www.24baires.com\/index.php?rest_route=\/wp\/v2\/types\/post"}],"author":[{"embeddable":true,"href":"https:\/\/www.24baires.com\/index.php?rest_route=\/wp\/v2\/users\/8"}],"replies":[{"embeddable":true,"href":"https:\/\/www.24baires.com\/index.php?rest_route=%2Fwp%2Fv2%2Fcomments&post=88644"}],"version-history":[{"count":1,"href":"https:\/\/www.24baires.com\/index.php?rest_route=\/wp\/v2\/posts\/88644\/revisions"}],"predecessor-version":[{"id":88645,"href":"https:\/\/www.24baires.com\/index.php?rest_route=\/wp\/v2\/posts\/88644\/revisions\/88645"}],"wp:attachment":[{"href":"https:\/\/www.24baires.com\/index.php?rest_route=%2Fwp%2Fv2%2Fmedia&parent=88644"}],"wp:term":[{"taxonomy":"category","embeddable":true,"href":"https:\/\/www.24baires.com\/index.php?rest_route=%2Fwp%2Fv2%2Fcategories&post=88644"},{"taxonomy":"post_tag","embeddable":true,"href":"https:\/\/www.24baires.com\/index.php?rest_route=%2Fwp%2Fv2%2Ftags&post=88644"}],"curies":[{"name":"wp","href":"https:\/\/api.w.org\/{rel}","templated":true}]}}