{"id":8858,"date":"2012-12-12T16:45:53","date_gmt":"2012-12-12T19:45:53","guid":{"rendered":"http:\/\/www.24baires.com\/?p=8858"},"modified":"2012-12-12T16:15:41","modified_gmt":"2012-12-12T19:15:41","slug":"casal-fue-al-senado-bonaerense-a-defender-el-proyecto-sobre-excarcelaciones","status":"publish","type":"post","link":"https:\/\/www.24baires.com\/?p=8858","title":{"rendered":"Casal fue al Senado bonaerense a defender el proyecto sobre excarcelaciones"},"content":{"rendered":"<p><img data-recalc-dims=\"1\" loading=\"lazy\" decoding=\"async\" class=\"aligncenter size-full wp-image-8859\" title=\"casal-632x350\" src=\"https:\/\/i0.wp.com\/www.24baires.com\/wp-content\/uploads\/2012\/12\/casal-632x350.jpg?resize=560%2C310\" alt=\"\" width=\"560\" height=\"310\" srcset=\"https:\/\/i0.wp.com\/www.24baires.com\/wp-content\/uploads\/2012\/12\/casal-632x350.jpg?w=560&amp;ssl=1 560w, https:\/\/i0.wp.com\/www.24baires.com\/wp-content\/uploads\/2012\/12\/casal-632x350.jpg?resize=300%2C166&amp;ssl=1 300w\" sizes=\"auto, (max-width: 560px) 100vw, 560px\" \/><\/p>\n<p>El ministro de Justicia y Seguridad de la provincia de Buenos Aires, <strong>Ricardo Casal, alert\u00f3 sobre el incremento del uso de armas en el plenario de comisiones<\/strong>, donde la iniciativa logr\u00f3 despacho favorable para la \u00faltima sesi\u00f3n del a\u00f1o.<!--more--><\/p>\n<p>El proyecto impulsado por el gobierno de Daniel Scioli que apunta a reformar al C\u00f3digo de Procedimiento Penal de la Provincia de Buenos Aires para limitar el beneficio de las excarcelaciones para quienes hayan sido detenidos con portaci\u00f3n ilegal de armas, entre otros casos, ser\u00e1 sancionado el jueves en el Senado bonaerense, luego de la pol\u00e9mica que se gener\u00f3 por las resistencias de sectores del kirchnerismo y de la oposici\u00f3n contra la norma.<\/p>\n<p>La iniciativa tuvo despacho favorable de las comisiones de Legislaci\u00f3n General y Seguridad del cuerpo, de la que particip\u00f3 el ministro de Justicia y Seguridad, Ricardo Casal.<\/p>\n<p>El dictamen fue firmado por los legisladores del oficialismo, el PRO Peronismo y el radicalismo, aunque los senadores del Frente Amplio Progresista (FAP) y la Coalici\u00f3n C\u00edvica (CC) preparar\u00e1n un despacho de minor\u00eda.<\/p>\n<p>La semana pasada, el proyecto no hab\u00eda conseguido dictamen a partir del rechazo de la oposici\u00f3n y por los reparos del senador kirchnerista Luciano Martini, quien finalmente termin\u00f3 acompa\u00f1ando la norma.<\/p>\n<p>La postura de los bloques que firmaron el dictamen fue duramente cuestionada por el diputado de Nuevo Encuentro, Marcelo Sa\u00edn. \u201cMe extra\u00f1a que los compa\u00f1eros que luchan contra la violencia institucional levanten la mano aprobando esto para darle una atribuci\u00f3n judicial a la misma polic\u00eda a la que el Senado acus\u00f3 de convivir con el delito\u201d, dijo.<\/p>\n<p>Durante el plenario de comisiones, el ministro Casal, quien fue acompa\u00f1ado por el subsecretario de Pol\u00edtica Criminal C\u00e9sar Albarrac\u00edn, defendi\u00f3 el proyecto al afirmar que \u201cda miedo la enorme cantidad de armas que se secuestran en los operativos policiales\u201d. Y agreg\u00f3 que en los \u00faltimos tiempos se detect\u00f3 \u201cla aparici\u00f3n de armas de origen ruso, con la particularidad de que se les agrega un cargador especial para que puedan hacer hasta 75 disparos\u201d.<\/p>\n<p>Albarrac\u00edn, por su parte, se explay\u00f3 en defensa del proyecto que hab\u00eda generado resistencias en un sector del oficialismo y entre los legisladores kirchneristas del bloque de Nuevo Encuentro, al se\u00f1alar que en la Provincia \u201cse registr\u00f3 un incremento del 21 por ciento en los delitos de robo con uso de armas\u201d, de acuerdo a los datos estad\u00edsticos de la Procuraci\u00f3n General de la Suprema Corte.<\/p>\n<p>&nbsp;<\/p>\n<p>&nbsp;<\/p>\n<p>&nbsp;<\/p>\n<p>&nbsp;<\/p>\n<p>&nbsp;<\/p>\n<p>&nbsp;<\/p>\n<p>&nbsp;<\/p>\n<p>&nbsp;<\/p>\n","protected":false},"excerpt":{"rendered":"<p>El ministro de Justicia y Seguridad de la provincia de Buenos Aires, Ricardo Casal, alert\u00f3 sobre el incremento del uso de armas en el plenario de comisiones, donde la iniciativa logr\u00f3 despacho favorable para la \u00faltima sesi\u00f3n del a\u00f1o.<\/p>\n","protected":false},"author":11,"featured_media":0,"comment_status":"open","ping_status":"open","sticky":false,"template":"","format":"standard","meta":{"_jetpack_newsletter_access":"","_jetpack_dont_email_post_to_subs":false,"_jetpack_newsletter_tier_id":0,"_jetpack_memberships_contains_paywalled_content":false,"_jetpack_memberships_contains_paid_content":false,"footnotes":""},"categories":[40],"tags":[],"class_list":["post-8858","post","type-post","status-publish","format-standard","hentry","category-provincia"],"jetpack_featured_media_url":"","jetpack_shortlink":"https:\/\/wp.me\/p2JWE0-2iS","jetpack-related-posts":[{"id":7149,"url":"https:\/\/www.24baires.com\/?p=7149","url_meta":{"origin":8858,"position":0},"title":"Acusan a Scioli y a Casal de impulsar leyes inconstitucionales","author":"AF","date":"28\/11\/2012","format":false,"excerpt":"As\u00ed lo asegur\u00f3 el Defensor Penal Juvenil, Juli\u00e1n Axat, al ser consultado sobre la ley de excarcelaciones del gobernador Daniel Scioli que ya cuenta con media sanci\u00f3n de Diputados. Diferentes sectores piden una audiencia p\u00fablica, aunque en caso de que la norma sea sancionada ya analizan una \u201cdemanda de inconstitucionalidad\u201d\u2026","rel":"","context":"En \u00abPol\u00edtica\u00bb","block_context":{"text":"Pol\u00edtica","link":"https:\/\/www.24baires.com\/?cat=51"},"img":{"alt_text":"","src":"https:\/\/i0.wp.com\/www.24baires.com\/wp-content\/uploads\/2012\/11\/casal-scioli.jpg?resize=350%2C200","width":350,"height":200,"srcset":"https:\/\/i0.wp.com\/www.24baires.com\/wp-content\/uploads\/2012\/11\/casal-scioli.jpg?resize=350%2C200 1x, https:\/\/i0.wp.com\/www.24baires.com\/wp-content\/uploads\/2012\/11\/casal-scioli.jpg?resize=525%2C300 1.5x"},"classes":[]},{"id":7766,"url":"https:\/\/www.24baires.com\/?p=7766","url_meta":{"origin":8858,"position":1},"title":"El Senado bonaerense analiza el pedido de audiencia p\u00fablica para ley de excarcelaciones","author":"AF","date":"03\/12\/2012","format":false,"excerpt":"Defensores de los derechos humanos, magistrados y funcionarios judiciales le entregaron este lunes al vicegobernador Gabriel Mariotto la solicitud con centenares de firmas para que la iniciativa de Scioli y Casal sea debatida por la ciudadan\u00eda antes de su tratamiento en la C\u00e1mara alta. Representantes del Centro de Estudios Legales\u2026","rel":"","context":"En \u00abPol\u00edtica\u00bb","block_context":{"text":"Pol\u00edtica","link":"https:\/\/www.24baires.com\/?cat=51"},"img":{"alt_text":"","src":"https:\/\/i0.wp.com\/www.24baires.com\/wp-content\/uploads\/2012\/11\/senado-BA.jpg?resize=350%2C200","width":350,"height":200},"classes":[]},{"id":25858,"url":"https:\/\/www.24baires.com\/?p=25858","url_meta":{"origin":8858,"position":2},"title":"La C\u00e1mara de Diputados provincial sancion\u00f3 la ley que limita las excarcelaciones","author":"Grupo Sierra","date":"13\/06\/2013","format":false,"excerpt":"El proyecto del gobernador Daniel Scioli y su ministro Ricardo Casal fue convertido en ley esta tarde. La nueva norma restringe la liberaci\u00f3n de aquellas personas que sean detenidas con armas de fuego ilegales e intenten fugarse eludiendo el accionar policial. Por otro lado, se se dio media sanci\u00f3n a\u2026","rel":"","context":"En \u00abProvincia\u00bb","block_context":{"text":"Provincia","link":"https:\/\/www.24baires.com\/?cat=40"},"img":{"alt_text":"","src":"","width":0,"height":0},"classes":[]},{"id":8983,"url":"https:\/\/www.24baires.com\/?p=8983","url_meta":{"origin":8858,"position":3},"title":"Convirtieron en Ley el proyecto que limita las excarcelaciones","author":"AF","date":"13\/12\/2012","format":false,"excerpt":"El proyecto que envi\u00f3 el Ejecutivo, ya contaba con la aprobaci\u00f3n de Diputados. El mismo, limita las excarcelaciones cuando se porten armas de fuego ilegalmente y exista resistencia o evasi\u00f3n a un procedimiento por parte una autoridad p\u00fablica, y cuando los presuntos delincuentes tengan antecedentes por comisi\u00f3n de delitos con\u2026","rel":"","context":"En \u00abSociedad\u00bb","block_context":{"text":"Sociedad","link":"https:\/\/www.24baires.com\/?cat=1"},"img":{"alt_text":"","src":"https:\/\/i0.wp.com\/www.24baires.com\/wp-content\/uploads\/2012\/12\/senado-BA2-300x159.jpg?resize=350%2C200","width":350,"height":200},"classes":[]},{"id":18075,"url":"https:\/\/www.24baires.com\/?p=18075","url_meta":{"origin":8858,"position":4},"title":"Casal volvi\u00f3 a reclamarle a la Corte por la Ley de Excarcelaciones","author":"AF","date":"11\/03\/2013","format":false,"excerpt":"Tras el brutal asesinato del rugbier platense y la kiosquera de Jun\u00edn, el ministro de Justicia y Seguridad bonaerense, Ricardo Casal volvi\u00f3 a criticar a la corte provincial por haber suspendido la aplicaci\u00f3n de la Ley que limita excarcelaciones por tenencia de arma ilegal. El ministro de Justicia y Seguridad,\u2026","rel":"","context":"En \u00abPol\u00edtica\u00bb","block_context":{"text":"Pol\u00edtica","link":"https:\/\/www.24baires.com\/?cat=51"},"img":{"alt_text":"scioli casal armas","src":"https:\/\/i0.wp.com\/www.24baires.com\/wp-content\/uploads\/2013\/02\/scioli-casal-armas.jpg?resize=350%2C200","width":350,"height":200,"srcset":"https:\/\/i0.wp.com\/www.24baires.com\/wp-content\/uploads\/2013\/02\/scioli-casal-armas.jpg?resize=350%2C200 1x, https:\/\/i0.wp.com\/www.24baires.com\/wp-content\/uploads\/2013\/02\/scioli-casal-armas.jpg?resize=525%2C300 1.5x"},"classes":[]},{"id":15741,"url":"https:\/\/www.24baires.com\/?p=15741","url_meta":{"origin":8858,"position":5},"title":"La Corte provincial analizar\u00e1 si es inconstitucional la ley que limita las excarcelaciones","author":"Grupo Sierra","date":"15\/02\/2013","format":false,"excerpt":"Organismos de derechos humanos y defensores p\u00fablicos bonaerenses le pidieron al m\u00e1ximo tribunal de la Provincia que revise la norma. La vigencia de esta ley \u201cafecta la profundizaci\u00f3n de la institucionalidad democr\u00e1tica\u201d y \u201cprovoca un grave conflicto de orden normativo\u201d, fundamentaron en su presentaci\u00f3n. La Comisi\u00f3n Provincial por la Memoria\u2026","rel":"","context":"En \u00abProvincia\u00bb","block_context":{"text":"Provincia","link":"https:\/\/www.24baires.com\/?cat=40"},"img":{"alt_text":"","src":"","width":0,"height":0},"classes":[]}],"jetpack_sharing_enabled":true,"jetpack_likes_enabled":true,"_links":{"self":[{"href":"https:\/\/www.24baires.com\/index.php?rest_route=\/wp\/v2\/posts\/8858","targetHints":{"allow":["GET"]}}],"collection":[{"href":"https:\/\/www.24baires.com\/index.php?rest_route=\/wp\/v2\/posts"}],"about":[{"href":"https:\/\/www.24baires.com\/index.php?rest_route=\/wp\/v2\/types\/post"}],"author":[{"embeddable":true,"href":"https:\/\/www.24baires.com\/index.php?rest_route=\/wp\/v2\/users\/11"}],"replies":[{"embeddable":true,"href":"https:\/\/www.24baires.com\/index.php?rest_route=%2Fwp%2Fv2%2Fcomments&post=8858"}],"version-history":[{"count":3,"href":"https:\/\/www.24baires.com\/index.php?rest_route=\/wp\/v2\/posts\/8858\/revisions"}],"predecessor-version":[{"id":8862,"href":"https:\/\/www.24baires.com\/index.php?rest_route=\/wp\/v2\/posts\/8858\/revisions\/8862"}],"wp:attachment":[{"href":"https:\/\/www.24baires.com\/index.php?rest_route=%2Fwp%2Fv2%2Fmedia&parent=8858"}],"wp:term":[{"taxonomy":"category","embeddable":true,"href":"https:\/\/www.24baires.com\/index.php?rest_route=%2Fwp%2Fv2%2Fcategories&post=8858"},{"taxonomy":"post_tag","embeddable":true,"href":"https:\/\/www.24baires.com\/index.php?rest_route=%2Fwp%2Fv2%2Ftags&post=8858"}],"curies":[{"name":"wp","href":"https:\/\/api.w.org\/{rel}","templated":true}]}}