{"id":8855,"date":"2012-12-12T16:04:57","date_gmt":"2012-12-12T19:04:57","guid":{"rendered":"http:\/\/www.24baires.com\/?p=8855"},"modified":"2012-12-12T16:04:57","modified_gmt":"2012-12-12T19:04:57","slug":"provincia-y-capital-firmaron-el-acuerdo-por-los-residuos","status":"publish","type":"post","link":"https:\/\/www.24baires.com\/?p=8855","title":{"rendered":"Provincia y Capital firmaron el acuerdo por los residuos"},"content":{"rendered":"<p><strong>LA PLATA-<\/strong>\u00a0De esta forma, qued\u00f3 sellado el acuerdo de palabra entre Daniel Scioli y Mauricio Macri, <a href=\"http:\/\/www.24baires.com\/politica\/7849-macri-le-propuso-a-scioli-reducir-en-un-78-la-basura-que-entierra-en-la-provincia\/\" target=\"_blank\">quien se hab\u00eda comprometido a reducir en un a\u00f1o y medio un 78%<\/a> la producci\u00f3n de basura que la ciudad aut\u00f3noma deposita en rellenos sanitarios ubicados en territorio bonaerense.<!--more--><\/p>\n<p>Cerca de este mediod\u00eda en Casa de Gobierno, el Jefe de Gabinete bonaerense, Alberto P\u00e9rez; el ministro de Ambiente y Espacio P\u00fablico porte\u00f1o, Diego Santilli y el titular de la CEAMSE, Ra\u00fal Elizalde ratificaron el compromiso que d\u00edas atr\u00e1s hab\u00edan acordado el gobernador Daniel Scioli y el Jefe de Gobierno de la Capital Federal, Mauricio Macri, para que la ciudad aut\u00f3noma de Buenos Aires reduzca el env\u00edo de residuos a territorio provincial.<\/p>\n<p>Al finalizar el encuentro, el ministro coordinador bonaerense, explic\u00f3 que \u201cse firm\u00f3 un acta extraordinario donde se estableci\u00f3 lo que se hab\u00eda acordado en la reuni\u00f3n de hace algunos d\u00edas que se dio entre el gobernadorDaniel Scioli y el jefe de Gobierno de la Ciudad de Buenos Aires, Mauricio Macri\u201d.<\/p>\n<p>\u201cEn el acta est\u00e1 establecido que todo aquello que exceda lo que se acuerde no se va a recibir\u201d, asegur\u00f3 P\u00e9rez, quien luego ampli\u00f3: \u201cSe ratific\u00f3 a trav\u00e9s de este acta la reducci\u00f3n que va a ir haciendo la Ciudad desde enero hasta mitad de 2014, que da cuenta de la reducci\u00f3n de los residuos s\u00f3lidos urbanos que la Ciudad va a depositar en el predio del CEAMSE\u201d.<\/p>\n<p>Adem\u00e1s de los citados funcionarios participaron del encuentro el presidente del Organismo Provincial para el Desarrollo Sostenible (OPDS), Hugo Bilbao y su par de la Coordinaci\u00f3n Ecol\u00f3gica \u00c1rea Metropolitana Sociedad del Estado<br \/>\n(CEAMSE), Ra\u00fal Elizalde.<\/p>\n","protected":false},"excerpt":{"rendered":"<p>LA PLATA-\u00a0De esta forma, qued\u00f3 sellado el acuerdo de palabra entre Daniel Scioli y Mauricio Macri, quien se hab\u00eda comprometido a reducir en un a\u00f1o y medio un 78% la producci\u00f3n de basura que la ciudad aut\u00f3noma deposita en rellenos sanitarios ubicados en territorio bonaerense.<\/p>\n","protected":false},"author":11,"featured_media":0,"comment_status":"open","ping_status":"open","sticky":false,"template":"","format":"standard","meta":{"_jetpack_newsletter_access":"","_jetpack_dont_email_post_to_subs":false,"_jetpack_newsletter_tier_id":0,"_jetpack_memberships_contains_paywalled_content":false,"_jetpack_memberships_contains_paid_content":false,"footnotes":""},"categories":[40],"tags":[],"class_list":["post-8855","post","type-post","status-publish","format-standard","hentry","category-provincia"],"jetpack_featured_media_url":"","jetpack_shortlink":"https:\/\/wp.me\/p2JWE0-2iP","jetpack-related-posts":[{"id":122989,"url":"https:\/\/www.24baires.com\/?p=122989","url_meta":{"origin":8855,"position":0},"title":"\u201cTendr\u00e1 que buscar d\u00f3nde disponer sus residuos\u201d: la Provincia desaf\u00eda a la \u00abprioridad porte\u00f1a\u00bb","author":"GB","date":"13\/04\/2026","format":false,"excerpt":"El ministro de Gobierno bonaerense, Carlos Bianco, record\u00f3 que la Ciudad de Buenos Aires no paga por el pasivo ambiental que deja en la provincia de Buenos Aires. Escala la tensi\u00f3n. El gobierno de la provincia de Buenos Aires sali\u00f3 al cruce del decreto de \u201cprioridad porte\u00f1a\u201d firmado por Jorge\u2026","rel":"","context":"En \u00abProvincia\u00bb","block_context":{"text":"Provincia","link":"https:\/\/www.24baires.com\/?cat=40"},"img":{"alt_text":"","src":"https:\/\/i0.wp.com\/www.24baires.com\/wp-content\/uploads\/2025\/01\/bianco.webp?resize=350%2C200","width":350,"height":200,"srcset":"https:\/\/i0.wp.com\/www.24baires.com\/wp-content\/uploads\/2025\/01\/bianco.webp?resize=350%2C200 1x, https:\/\/i0.wp.com\/www.24baires.com\/wp-content\/uploads\/2025\/01\/bianco.webp?resize=525%2C300 1.5x, https:\/\/i0.wp.com\/www.24baires.com\/wp-content\/uploads\/2025\/01\/bianco.webp?resize=700%2C400 2x"},"classes":[]},{"id":7249,"url":"https:\/\/www.24baires.com\/?p=7249","url_meta":{"origin":8855,"position":1},"title":"La Guerra de la Basura: Scioli intima a Macri","author":"Grupo Sierra","date":"29\/11\/2012","format":false,"excerpt":"LA PLATA-\u00a0El gobernador bonaerense envi\u00f3 una carta al jefe de Gobierno porte\u00f1o para exigirle que reduzca la cantidad de residuos que la Capital Federal env\u00eda a la provincia. En medio de la pol\u00e9mica, ma\u00f1ana viernes, \u00a0Macri visitar\u00e1 La Plata para reunirse con j\u00f3venes del Pro. El gobernador Daniel Scioli intim\u00f3\u2026","rel":"","context":"En \u00abPol\u00edtica\u00bb","block_context":{"text":"Pol\u00edtica","link":"https:\/\/www.24baires.com\/?cat=51"},"img":{"alt_text":"","src":"https:\/\/i0.wp.com\/www.24baires.com\/wp-content\/uploads\/2012\/11\/relleno_sanitario-300x225.gif?resize=350%2C200","width":350,"height":200},"classes":[]},{"id":17135,"url":"https:\/\/www.24baires.com\/?p=17135","url_meta":{"origin":8855,"position":2},"title":"Scioli encabez\u00f3 la Asamblea Legislativa provincial y critic\u00f3 duramente a Macri","author":"Grupo Sierra","date":"01\/03\/2013","format":false,"excerpt":"LA PLATA.- El gobernador bonaerense\u00a0Daniel Scioli critic\u00f3 hoy al jefe de la Ciudad de Buenos Aires,\u00a0Mauricio Macri, por la demora en reducir la disposici\u00f3n de los\u00a0residuos que son depositados en los rellenos sanitarios de la\u00a0provincia de Buenos Aires.\u00a0Fue durante el mensaje de apertura de la actividad legislativa en la capital\u2026","rel":"","context":"En \u00abPol\u00edtica\u00bb","block_context":{"text":"Pol\u00edtica","link":"https:\/\/www.24baires.com\/?cat=51"},"img":{"alt_text":"scioli inicio 141 sesiones","src":"https:\/\/i0.wp.com\/www.24baires.com\/wp-content\/uploads\/2013\/03\/scioli-inicio-141-sesiones.jpg?resize=350%2C200","width":350,"height":200,"srcset":"https:\/\/i0.wp.com\/www.24baires.com\/wp-content\/uploads\/2013\/03\/scioli-inicio-141-sesiones.jpg?resize=350%2C200 1x, https:\/\/i0.wp.com\/www.24baires.com\/wp-content\/uploads\/2013\/03\/scioli-inicio-141-sesiones.jpg?resize=525%2C300 1.5x"},"classes":[]},{"id":11097,"url":"https:\/\/www.24baires.com\/?p=11097","url_meta":{"origin":8855,"position":3},"title":"Ahora Scioli y Macri inauguran obras juntos","author":"Grupo Sierra","date":"03\/01\/2013","format":false,"excerpt":"PARTIDO DE SAN MART\u00cdN.- Ambos mandatarios rechazaron que el acto en conjunto tenga un sentido pol\u00edtico o electoral y hablaron de \"trabajar en equipo\" en funci\u00f3n de pol\u00edticas que ataquen la problem\u00e1tica del cambio clim\u00e1tico. Inauguraron hoy una planta de tratamiento de residuos en la localidad de Jos\u00e9 Le\u00f3n Su\u00e1rez\u2026","rel":"","context":"En \u00abPol\u00edtica\u00bb","block_context":{"text":"Pol\u00edtica","link":"https:\/\/www.24baires.com\/?cat=51"},"img":{"alt_text":"scioli macri j l suarez","src":"https:\/\/i0.wp.com\/www.24baires.com\/wp-content\/uploads\/2013\/01\/scioli-macri-j-l-suarez1-300x196.jpg?resize=350%2C200","width":350,"height":200},"classes":[]},{"id":7516,"url":"https:\/\/www.24baires.com\/?p=7516","url_meta":{"origin":8855,"position":4},"title":"Macri le pidi\u00f3 a Scioli \u00abno kirchnerizar\u00bb la discusi\u00f3n por la basura","author":"AF","date":"01\/12\/2012","format":false,"excerpt":"El jefe de Gobierno porte\u00f1o, Mauricio Macri, pidi\u00f3 este s\u00e1bado al gobernador bonaerense, Daniel Scioli, \"no kirchnerizar\" la discusi\u00f3n por la basura con \"agresiones\", en momentos en que contin\u00faan los cruces entre funcionarios y la Naci\u00f3n se mete en la disputa. La pol\u00e9mica se desat\u00f3 a partir del reclamo que\u2026","rel":"","context":"En \u00abPol\u00edtica\u00bb","block_context":{"text":"Pol\u00edtica","link":"https:\/\/www.24baires.com\/?cat=51"},"img":{"alt_text":"","src":"https:\/\/i0.wp.com\/www.24baires.com\/wp-content\/uploads\/2012\/12\/macri-scioli.jpg?resize=350%2C200","width":350,"height":200,"srcset":"https:\/\/i0.wp.com\/www.24baires.com\/wp-content\/uploads\/2012\/12\/macri-scioli.jpg?resize=350%2C200 1x, https:\/\/i0.wp.com\/www.24baires.com\/wp-content\/uploads\/2012\/12\/macri-scioli.jpg?resize=525%2C300 1.5x"},"classes":[]},{"id":17120,"url":"https:\/\/www.24baires.com\/?p=17120","url_meta":{"origin":8855,"position":5},"title":"Collia defendi\u00f3 el sistema de salud bonaerense luego de las cr\u00edticas de Macri","author":"AF","date":"01\/03\/2013","format":false,"excerpt":"\u201cEn la provincia no preguntamos de d\u00f3nde viene un ciudadano a atenderse, sino que se lo atiende\u201d, enfatiz\u00f3 el ministro de Salud de la provincia de Buenos Aires, Alejandro Collia, luego de que el jefe de Gobierno porte\u00f1o, Mauricio Macri, criticara \"la debilidad\" del sistema sanitario bonaerense. El ministro de\u2026","rel":"","context":"En \u00abPol\u00edtica\u00bb","block_context":{"text":"Pol\u00edtica","link":"https:\/\/www.24baires.com\/?cat=51"},"img":{"alt_text":"","src":"","width":0,"height":0},"classes":[]}],"jetpack_sharing_enabled":true,"jetpack_likes_enabled":true,"_links":{"self":[{"href":"https:\/\/www.24baires.com\/index.php?rest_route=\/wp\/v2\/posts\/8855","targetHints":{"allow":["GET"]}}],"collection":[{"href":"https:\/\/www.24baires.com\/index.php?rest_route=\/wp\/v2\/posts"}],"about":[{"href":"https:\/\/www.24baires.com\/index.php?rest_route=\/wp\/v2\/types\/post"}],"author":[{"embeddable":true,"href":"https:\/\/www.24baires.com\/index.php?rest_route=\/wp\/v2\/users\/11"}],"replies":[{"embeddable":true,"href":"https:\/\/www.24baires.com\/index.php?rest_route=%2Fwp%2Fv2%2Fcomments&post=8855"}],"version-history":[{"count":1,"href":"https:\/\/www.24baires.com\/index.php?rest_route=\/wp\/v2\/posts\/8855\/revisions"}],"predecessor-version":[{"id":8856,"href":"https:\/\/www.24baires.com\/index.php?rest_route=\/wp\/v2\/posts\/8855\/revisions\/8856"}],"wp:attachment":[{"href":"https:\/\/www.24baires.com\/index.php?rest_route=%2Fwp%2Fv2%2Fmedia&parent=8855"}],"wp:term":[{"taxonomy":"category","embeddable":true,"href":"https:\/\/www.24baires.com\/index.php?rest_route=%2Fwp%2Fv2%2Fcategories&post=8855"},{"taxonomy":"post_tag","embeddable":true,"href":"https:\/\/www.24baires.com\/index.php?rest_route=%2Fwp%2Fv2%2Ftags&post=8855"}],"curies":[{"name":"wp","href":"https:\/\/api.w.org\/{rel}","templated":true}]}}