{"id":8842,"date":"2012-12-12T13:30:51","date_gmt":"2012-12-12T16:30:51","guid":{"rendered":"http:\/\/www.24baires.com\/?p=8842"},"modified":"2012-12-13T11:44:17","modified_gmt":"2012-12-13T14:44:17","slug":"susana-trimarco-que-me-maten-si-quieren-para-hacerme-callar","status":"publish","type":"post","link":"https:\/\/www.24baires.com\/?p=8842","title":{"rendered":"Susana Trimarco: \u00abQue me maten si quieren para hacerme callar\u00bb"},"content":{"rendered":"<div class=\"alignleft\"><object width=\"280\" height=\"210\" classid=\"clsid:d27cdb6e-ae6d-11cf-96b8-444553540000\" codebase=\"http:\/\/download.macromedia.com\/pub\/shockwave\/cabs\/flash\/swflash.cab#version=6,0,40,0\"><param name=\"allowFullScreen\" value=\"true\" \/><param name=\"allowscriptaccess\" value=\"always\" \/><param name=\"src\" value=\"http:\/\/www.youtube.com\/v\/up0h5rXtER4?version=3&amp;hl=es_ES;rel=0;showinfo=0;controls=0\" \/><param name=\"allowfullscreen\" value=\"true\" \/><\/object><\/div>\n<p>La madre de Marita Ver\u00f3n dijo que dar\u00e1 su vida para que se haga justicia por la desaparici\u00f3n de su hija,<a href=\"http:\/\/www.24baires.com\/sociedad\/8767-otra-vez-la-verguenza-judicial-absolvieron-a-todos-los-imputados-en-el-caso-marita-veron\/\" target=\"_blank\"> luego de que ayer fueran absueltos por la C\u00e1mara Penal de Tucum\u00e1n<\/a> los 13 imputados en la causa abierta por el secuestro y la desaparici\u00f3n de la joven.\u00a0\u00abNo derram\u00e9 una l\u00e1grima y el coraz\u00f3n sigue teniendo las mismas fuerzas, que me maten si quieren para hacerme callar\u00bb, sostuvo la mujer, que manifest\u00f3: \u00abVoy a dar mi vida para que esto no quede as\u00ed\u00bb.<\/p>\n<p><!--more--><\/p>\n<p>&nbsp;<\/p>\n<p>\u00abLucho por mi hija y por todas las familias de este pa\u00eds que no tienen voz ni voto\u00bb, afirm\u00f3 en declaraciones a TN, y pidi\u00f3 a los medios ayuda \u00abpara destapar esto\u00bb, en referencia a las redes de venta de droga y trata.<\/p>\n<p>Trimarco se\u00f1al\u00f3 que recibi\u00f3 el apoyo de muchos vecinos, familiares e incluso anoche la llam\u00f3 la presidenta de la Naci\u00f3n, Cristina Fernandez de Kirchner, luego del fallo de la justicia federal de Tucum\u00e1n que absolvi\u00f3 a los 13 acusados por la desaparici\u00f3n de la joven.<\/p>\n<p>\u00abCristina me dijo que esto no va a quedar as\u00ed\u00bb y destac\u00f3 la buena relaci\u00f3n y apoyo que recibi\u00f3 siempre desde el gobierno nacional.<\/p>\n<p>\u00abYo la quiero much\u00edsimo a la presidenta, Cristina a mi me ayud\u00f3, N\u00e9stor Kirchner a mi me ayud\u00f3, por eso la quiero. Hoy gracias a ellos tengo la Fundaci\u00f3n\u00bb, en referencia a la fundaci\u00f3n Mar\u00eda de los Angeles que alberga y protege a chicas v\u00edctima de redes de trata.<\/p>\n<p>Asimismo, agreg\u00f3 que la Presidenta le dijo: \u00abNo lo puedo creer, quiero que vengas para ac\u00e1, quer\u00eda que yo vaya, quiere hablar conmigo, me dijo que esto no puede quedar as\u00ed\u00bb.<\/p>\n<p>La mujer destac\u00f3 que seguir\u00e1 trabajando \u00abpara sacarle la careta a estos delincuentes\u00bb en referencia a los jueces que absolvieron a los 13 imputados en la causa y denunci\u00f3 que \u00abla `Chancha\u00b4 Ale est\u00e1 manejando el poder pol\u00edtico\u00bb.<\/p>\n<p>\u00abDespu\u00e9s de que le hicieron un allanamiento en la casa donde le sacaron un arsenal de armas, se hizo el enfermo dos meses, lo estaban cuidando la polic\u00eda como si fuera el rey de Francia y despu\u00e9s sac\u00f3 los d\u00f3lares de abajo del colch\u00f3n y le puso a los jueces y al poder pol\u00edtico\u00bb, denunci\u00f3 Trimarco.<\/p>\n<p>\u00abLos Ale son una mafia que manejan la droga y la prostituci\u00f3n en la provincia\u00bb, sentenci\u00f3, y detall\u00f3 que \u00aben el 2002 el gobernador Miranda era empleado de los Ale, \u00e9stos se metieron en la casa y firmaron un convenio para ser veedores de la ciudad\u00bb.<\/p>\n<p>\u00abTen\u00edan m\u00e1s de 3.500 remises y trabajaban con la polic\u00eda, pero ten\u00edan mejores armas y m\u00e1s m\u00f3viles que la polic\u00eda. Esto lo saben todos en la provincia, (el gobernador, Jos\u00e9) Alperovich lo sabe tambi\u00e9n, ayer me llam\u00f3 para desearme suerte y que se haga justicia\u00bb.<\/p>\n<p>Trimarco tambi\u00e9n denunci\u00f3 que el lunes \u00abme dijo un periodista de la Gaceta: Susana, van a salir todos absueltos, ya se acord\u00f3. Pero esto no va a quedar as\u00ed, no vamos a parar con mi equipo de abogados hasta que los pol\u00edticos hagan lo que tienen que hacer\u00bb.<\/p>\n<p>Trimarco tambi\u00e9n se\u00f1al\u00f3 que no se entiende \u00abqu\u00e9 sentido tiene que una persona a la que la drogaron, violaron y pegaron se siente ante los jueces a mentir, qu\u00e9 necesidad tienen de sentarse all\u00ed frente a esos tipos mirando a los ojos a los jueces y se\u00f1al\u00e1ndolos a los tipos, no hay persona en el mundo que pueda hacer eso\u00bb.<\/p>\n<p>\u00abEllas siguen con psic\u00f3logos y profesionales que las acompa\u00f1an y las cuidan. Las protegen la Fundaci\u00f3n y la Oficina de Rescate del Ministerio de Justicia de la Naci\u00f3n que van permanentemente todos los d\u00edas para ver c\u00f3mo est\u00e1n y qu\u00e9 necesitan\u00bb, explic\u00f3.<\/p>\n<p>\u00abYa no las agarran a golpes ni a patadas en la calle como lo hac\u00eda antes la misma polic\u00eda tucumana, que me perdone el gobernador pero tienen que cambiar la seguridad y la justicia de esta provincia, es una verg\u00fcenza\u00bb, sentenci\u00f3.<\/p>\n<p>&nbsp;<\/p>\n<p>&nbsp;<\/p>\n<p>&nbsp;<\/p>\n<p>&nbsp;<\/p>\n<p>&nbsp;<\/p>\n<p>&nbsp;<\/p>\n<p>&nbsp;<\/p>\n<p>&nbsp;<\/p>\n<p>&nbsp;<\/p>\n<p>&nbsp;<\/p>\n<p>&nbsp;<\/p>\n<p>&nbsp;<\/p>\n<p>&nbsp;<\/p>\n<p>&nbsp;<\/p>\n<p>&nbsp;<\/p>\n<p>&nbsp;<\/p>\n<p>&nbsp;<\/p>\n<p>&nbsp;<\/p>\n<p>&nbsp;<\/p>\n<p>&nbsp;<\/p>\n<p>&nbsp;<\/p>\n<p>&nbsp;<\/p>\n","protected":false},"excerpt":{"rendered":"<p>La madre de Marita Ver\u00f3n dijo que dar\u00e1 su vida para que se haga justicia por la desaparici\u00f3n de su hija, luego de que ayer fueran absueltos por la C\u00e1mara Penal de Tucum\u00e1n los 13 imputados en la causa abierta por el secuestro y la desaparici\u00f3n de la joven.\u00a0\u00abNo derram\u00e9 una l\u00e1grima y el coraz\u00f3n sigue teniendo las mismas fuerzas, [&#8230;]<\/p>\n","protected":false},"author":11,"featured_media":0,"comment_status":"open","ping_status":"open","sticky":false,"template":"","format":"standard","meta":{"_jetpack_newsletter_access":"","_jetpack_dont_email_post_to_subs":false,"_jetpack_newsletter_tier_id":0,"_jetpack_memberships_contains_paywalled_content":false,"_jetpack_memberships_contains_paid_content":false,"footnotes":""},"categories":[1],"tags":[],"class_list":["post-8842","post","type-post","status-publish","format-standard","hentry","category-sociedad"],"jetpack_featured_media_url":"","jetpack_shortlink":"https:\/\/wp.me\/p2JWE0-2iC","jetpack-related-posts":[],"jetpack_sharing_enabled":true,"jetpack_likes_enabled":true,"_links":{"self":[{"href":"https:\/\/www.24baires.com\/index.php?rest_route=\/wp\/v2\/posts\/8842","targetHints":{"allow":["GET"]}}],"collection":[{"href":"https:\/\/www.24baires.com\/index.php?rest_route=\/wp\/v2\/posts"}],"about":[{"href":"https:\/\/www.24baires.com\/index.php?rest_route=\/wp\/v2\/types\/post"}],"author":[{"embeddable":true,"href":"https:\/\/www.24baires.com\/index.php?rest_route=\/wp\/v2\/users\/11"}],"replies":[{"embeddable":true,"href":"https:\/\/www.24baires.com\/index.php?rest_route=%2Fwp%2Fv2%2Fcomments&post=8842"}],"version-history":[{"count":3,"href":"https:\/\/www.24baires.com\/index.php?rest_route=\/wp\/v2\/posts\/8842\/revisions"}],"predecessor-version":[{"id":8966,"href":"https:\/\/www.24baires.com\/index.php?rest_route=\/wp\/v2\/posts\/8842\/revisions\/8966"}],"wp:attachment":[{"href":"https:\/\/www.24baires.com\/index.php?rest_route=%2Fwp%2Fv2%2Fmedia&parent=8842"}],"wp:term":[{"taxonomy":"category","embeddable":true,"href":"https:\/\/www.24baires.com\/index.php?rest_route=%2Fwp%2Fv2%2Fcategories&post=8842"},{"taxonomy":"post_tag","embeddable":true,"href":"https:\/\/www.24baires.com\/index.php?rest_route=%2Fwp%2Fv2%2Ftags&post=8842"}],"curies":[{"name":"wp","href":"https:\/\/api.w.org\/{rel}","templated":true}]}}