{"id":8837,"date":"2012-12-12T15:12:30","date_gmt":"2012-12-12T18:12:30","guid":{"rendered":"http:\/\/www.24baires.com\/?p=8837"},"modified":"2012-12-12T15:26:49","modified_gmt":"2012-12-12T18:26:49","slug":"la-camara-de-diputados-bonaerenses-y-la-defensoria-del-pueblo-firmaron-convenio","status":"publish","type":"post","link":"https:\/\/www.24baires.com\/?p=8837","title":{"rendered":"La C\u00e1mara de Diputados y la Defensor\u00eda del Pueblo bonaerense firmaron convenio"},"content":{"rendered":"<p><img data-recalc-dims=\"1\" loading=\"lazy\" decoding=\"async\" class=\"alignleft size-medium wp-image-8838\" title=\"convenio\" src=\"https:\/\/i0.wp.com\/www.24baires.com\/wp-content\/uploads\/2012\/12\/convenio.jpg?resize=300%2C205\" alt=\"\" width=\"300\" height=\"205\" srcset=\"https:\/\/i0.wp.com\/www.24baires.com\/wp-content\/uploads\/2012\/12\/convenio.jpg?resize=300%2C205&amp;ssl=1 300w, https:\/\/i0.wp.com\/www.24baires.com\/wp-content\/uploads\/2012\/12\/convenio.jpg?w=560&amp;ssl=1 560w\" sizes=\"auto, (max-width: 300px) 100vw, 300px\" \/>El presidente de la C\u00e1mara de Diputados de la Provincia de Buenos Aires, Horacio Gonz\u00e1lez, firm\u00f3 este miercoles al mediod\u00eda un convenio de cooperaci\u00f3n t\u00e9cnica con el defensor del Pueblo bonaerense, Carlos Bonicatto, a trav\u00e9s del cual ambas instituciones acordaron formular un programa que incluya investigaci\u00f3n, capacitaci\u00f3n, desarrollo, seguimiento y promoci\u00f3n de la legislaci\u00f3n.<!--more--><\/p>\n<p>El acuerdo se enmarca dentro del plan de Fortalecimiento Institucional y de apertura a la ciudadan\u00eda dise\u00f1ado por Horacio Gonz\u00e1lez para vincular la tarea de los legisladores con las diferentes expresiones de la comunidad, en pos de dinamizar las leyes vigentes con un seguimiento exhaustivo y su actualizaci\u00f3n constante seg\u00fan las demandas planteadas por la poblaci\u00f3n.<\/p>\n<p>\u201cNosotros tomamos como premisa del trabajo que hacemos la vocaci\u00f3n de incluir a la gente, al pueblo, con su opini\u00f3n en cada una de las leyes que elaboramos. Esto nos permiti\u00f3 ampliar las fronteras de la C\u00e1mara de Diputados y vincularnos con las diversas expresiones que la sociedad manifiesta\u201d, subray\u00f3 Horacio Gonz\u00e1lez durante la ceremonia.<\/p>\n<p>\u201cTenemos que seguir fortaleciendo la confianza de la gente en el Estado, y para eso es necesario que los tres poderes trabajen de manera articulada, no disociada de los grandes intereses nacionales. Esa es la sinton\u00eda fina de la que nos habla la Presidenta de la Naci\u00f3n: resolver los problemas cotidianos del pueblo y, as\u00ed, revitalizar la democracia con m\u00e1s participaci\u00f3n popular\u201d, agreg\u00f3 el presidente de la C\u00e1mara de Diputados.<\/p>\n<p>Por su parte, Carlos Bonicatto destac\u00f3 la firma del convenio y lo consider\u00f3 como \u201cun salto cualitativo para ambas instituciones en el camino de evitar la vulneraci\u00f3n de derechos de los bonaerenses\u201d. \u201cLa Defensor\u00eda del Pueblo y la C\u00e1mara de Diputados somos representantes directos del poder popular y, por lo tanto, tenemos la obligaci\u00f3n de continuar con nuestra labor para consolidar la democracia, garantizar la gobernabilidad y dotar al pueblo de instrumentos de participaci\u00f3n\u201d, puntualiz\u00f3 el funcionario.<\/p>\n<p>Del acto para rubricar el convenio participaron tambi\u00e9n los diputados Mar\u00eda Alejandra Mart\u00ednez, Roc\u00edo Giaccone e Iv\u00e1n Budassi (FPV-PJ); el director ejecutivo del Observatorio Social Legislativo, Norberto Liwski; y funcionarios de ley de ambas instituciones.<\/p>\n","protected":false},"excerpt":{"rendered":"<p>El presidente de la C\u00e1mara de Diputados de la Provincia de Buenos Aires, Horacio Gonz\u00e1lez, firm\u00f3 este miercoles al mediod\u00eda un convenio de cooperaci\u00f3n t\u00e9cnica con el defensor del Pueblo bonaerense, Carlos Bonicatto, a trav\u00e9s del cual ambas instituciones acordaron formular un programa que incluya investigaci\u00f3n, capacitaci\u00f3n, desarrollo, seguimiento y promoci\u00f3n de la legislaci\u00f3n.<\/p>\n","protected":false},"author":4,"featured_media":0,"comment_status":"open","ping_status":"open","sticky":false,"template":"","format":"standard","meta":{"_jetpack_newsletter_access":"","_jetpack_dont_email_post_to_subs":false,"_jetpack_newsletter_tier_id":0,"_jetpack_memberships_contains_paywalled_content":false,"_jetpack_memberships_contains_paid_content":false,"footnotes":""},"categories":[1],"tags":[],"class_list":["post-8837","post","type-post","status-publish","format-standard","hentry","category-sociedad"],"jetpack_featured_media_url":"","jetpack_shortlink":"https:\/\/wp.me\/p2JWE0-2ix","jetpack-related-posts":[{"id":22015,"url":"https:\/\/www.24baires.com\/?p=22015","url_meta":{"origin":8837,"position":0},"title":"El partido de Navarro participa del programa &#8216;Los municipios en la C\u00e1mara&#8217;","author":"AF","date":"27\/04\/2013","format":false,"excerpt":"El presidente de la C\u00e1mara de Diputados de la Provincia de Buenos Aires, Horacio Gonz\u00e1lez, recorri\u00f3 la exposici\u00f3n que desarrolla el municipio de Navarro en el Sal\u00f3n de los Pasos Perdidos del palacio legislativo, en compa\u00f1\u00eda del intendente de ese distrito, Santiago Maggiotti. El encuentro se enmarca en el programa\u2026","rel":"","context":"En \u00abLocales\u00bb","block_context":{"text":"Locales","link":"https:\/\/www.24baires.com\/?cat=38"},"img":{"alt_text":"gonzalez maggiotti","src":"https:\/\/i0.wp.com\/www.24baires.com\/wp-content\/uploads\/2013\/04\/gonzalez-maggiotti.png?resize=350%2C200","width":350,"height":200},"classes":[]},{"id":9497,"url":"https:\/\/www.24baires.com\/?p=9497","url_meta":{"origin":8837,"position":1},"title":"\u00abMilitancia Popular\u00bb se reuni\u00f3 en Ituzaing\u00f3","author":"AF","date":"17\/12\/2012","format":false,"excerpt":"Encabezada por su conductor y presidente de la C\u00e1mara de Diputados de la Provincia de Buenos Aires, Horacio Gonz\u00e1lez, la agrupaci\u00f3n peronista \u201cMilitancia Popular\u201d se congreg\u00f3 en Ituzaing\u00f3 para ratificar \u201cla lealtad a N\u00e9stor Kirchner, a Cristina Fern\u00e1ndez, y al proyecto nacional y popular\u201d. \u201cMientras no haya igualdad en el\u2026","rel":"","context":"En \u00abPol\u00edtica\u00bb","block_context":{"text":"Pol\u00edtica","link":"https:\/\/www.24baires.com\/?cat=51"},"img":{"alt_text":"militancia popular ituzaingo","src":"https:\/\/i0.wp.com\/www.24baires.com\/wp-content\/uploads\/2012\/12\/militancia-popular-ituzaingo.png?resize=350%2C200","width":350,"height":200},"classes":[]},{"id":996,"url":"https:\/\/www.24baires.com\/?p=996","url_meta":{"origin":8837,"position":2},"title":"Diputados bonaerenses piden cumplir con la ley y el respeto a las instituciones","author":"Grupo Sierra","date":"04\/10\/2012","format":false,"excerpt":"La C\u00e1mara de Diputados de la provincia de Buenos Aires emiti\u00f3 hoy un comunicado con la firma de todos los bloques pol\u00edticos que la integran para plantear una fuerte defensa a la Constituci\u00f3n Nacional. La declaraci\u00f3n se emiti\u00f3 antes de la sesi\u00f3n de este jueves. Los diputados bonaerenses dieron a\u2026","rel":"","context":"En \u00abPol\u00edtica\u00bb","block_context":{"text":"Pol\u00edtica","link":"https:\/\/www.24baires.com\/?cat=51"},"img":{"alt_text":"","src":"","width":0,"height":0},"classes":[]},{"id":36438,"url":"https:\/\/www.24baires.com\/?p=36438","url_meta":{"origin":8837,"position":3},"title":"Horacio Gonz\u00e1lez, reelecto presidente en Diputados: \u00abLa agenda la propone la gente\u00bb","author":"Grupo Sierra","date":"08\/12\/2013","format":false,"excerpt":"El reelecto presidente de la C\u00e1mara de Diputados de la Provincia de Buenos Aires, Horacio Gonz\u00e1lez, destac\u00f3 hoy que en su nuevo mandato \"el desaf\u00edo seguir\u00e1 siendo llevar el trabajo de los legisladores a los barrios\" porque, asegur\u00f3, \"la pol\u00edtica es la herramienta insustituible para alcanzar los sue\u00f1os de transformaci\u00f3n\u2026","rel":"","context":"En \u00abProvincia\u00bb","block_context":{"text":"Provincia","link":"https:\/\/www.24baires.com\/?cat=40"},"img":{"alt_text":"Gonz\u00e1lez-Presidente-Camara","src":"https:\/\/i0.wp.com\/www.24baires.com\/wp-content\/uploads\/2013\/12\/Gonz%C3%A1lez-Presidente-Camara.jpg?resize=350%2C200","width":350,"height":200},"classes":[]},{"id":46404,"url":"https:\/\/www.24baires.com\/?p=46404","url_meta":{"origin":8837,"position":4},"title":"Recordar\u00e1n a N\u00e9stor Kirchner en la C\u00e1mara de Diputados provincial","author":"Grupo Sierra","date":"20\/05\/2014","format":false,"excerpt":"El homenaje se realizar\u00e1 en el Sal\u00f3n de los Pasos Perdidos de la Legislatura, al cumplirse un nuevo aniversario de su asunci\u00f3n presidencial. Como parte del ciclo \u201cPresidentes Argentinos\u201d, la C\u00e1mara de Diputados de la Provincia de Buenos Aires, presidida por Horacio Gonz\u00e1lez, rendir\u00e1 homenaje a N\u00e9stor Kirchner en ocasi\u00f3n\u2026","rel":"","context":"En \u00abMemoria\u00bb","block_context":{"text":"Memoria","link":"https:\/\/www.24baires.com\/?cat=50"},"img":{"alt_text":"n\u00e9stor k","src":"https:\/\/i0.wp.com\/www.24baires.com\/wp-content\/uploads\/2013\/04\/n%C3%A9stor-k.jpg?resize=350%2C200","width":350,"height":200,"srcset":"https:\/\/i0.wp.com\/www.24baires.com\/wp-content\/uploads\/2013\/04\/n%C3%A9stor-k.jpg?resize=350%2C200 1x, https:\/\/i0.wp.com\/www.24baires.com\/wp-content\/uploads\/2013\/04\/n%C3%A9stor-k.jpg?resize=525%2C300 1.5x"},"classes":[]},{"id":35334,"url":"https:\/\/www.24baires.com\/?p=35334","url_meta":{"origin":8837,"position":5},"title":"La C\u00e1mara de Diputados bonaerense realizar\u00e1 en Tandil un nuevo foro contra la trata de personas","author":"AF","date":"18\/11\/2013","format":false,"excerpt":"La iniciativa impulsada por el vicegobernador de Buenos Aires, Gabriel Mariotto y el presidente de la c\u00e1mara baja, Horacio Gonzalez, busca generar debates y consesos que produzcan una legislaci\u00f3n participativa respecto a la trata de personas. El segundo foro se realizar\u00e1 en la sede de Tandil de la Universidad Nacional\u2026","rel":"","context":"En \u00abSociedad\u00bb","block_context":{"text":"Sociedad","link":"https:\/\/www.24baires.com\/?cat=1"},"img":{"alt_text":"","src":"","width":0,"height":0},"classes":[]}],"jetpack_sharing_enabled":true,"jetpack_likes_enabled":true,"_links":{"self":[{"href":"https:\/\/www.24baires.com\/index.php?rest_route=\/wp\/v2\/posts\/8837","targetHints":{"allow":["GET"]}}],"collection":[{"href":"https:\/\/www.24baires.com\/index.php?rest_route=\/wp\/v2\/posts"}],"about":[{"href":"https:\/\/www.24baires.com\/index.php?rest_route=\/wp\/v2\/types\/post"}],"author":[{"embeddable":true,"href":"https:\/\/www.24baires.com\/index.php?rest_route=\/wp\/v2\/users\/4"}],"replies":[{"embeddable":true,"href":"https:\/\/www.24baires.com\/index.php?rest_route=%2Fwp%2Fv2%2Fcomments&post=8837"}],"version-history":[{"count":3,"href":"https:\/\/www.24baires.com\/index.php?rest_route=\/wp\/v2\/posts\/8837\/revisions"}],"predecessor-version":[{"id":8843,"href":"https:\/\/www.24baires.com\/index.php?rest_route=\/wp\/v2\/posts\/8837\/revisions\/8843"}],"wp:attachment":[{"href":"https:\/\/www.24baires.com\/index.php?rest_route=%2Fwp%2Fv2%2Fmedia&parent=8837"}],"wp:term":[{"taxonomy":"category","embeddable":true,"href":"https:\/\/www.24baires.com\/index.php?rest_route=%2Fwp%2Fv2%2Fcategories&post=8837"},{"taxonomy":"post_tag","embeddable":true,"href":"https:\/\/www.24baires.com\/index.php?rest_route=%2Fwp%2Fv2%2Ftags&post=8837"}],"curies":[{"name":"wp","href":"https:\/\/api.w.org\/{rel}","templated":true}]}}