{"id":8833,"date":"2012-12-12T08:51:34","date_gmt":"2012-12-12T11:51:34","guid":{"rendered":"http:\/\/www.24baires.com\/?p=8833"},"modified":"2012-12-12T14:54:50","modified_gmt":"2012-12-12T17:54:50","slug":"el-vocero-de-dios-comenzo-a-usar-twitter","status":"publish","type":"post","link":"https:\/\/www.24baires.com\/?p=8833","title":{"rendered":"El vocero de Dios comenz\u00f3 a usar Twitter"},"content":{"rendered":"<p><img data-recalc-dims=\"1\" loading=\"lazy\" decoding=\"async\" class=\"alignleft size-medium wp-image-8834\" title=\"twpapa\" src=\"https:\/\/i0.wp.com\/www.24baires.com\/wp-content\/uploads\/2012\/12\/twpapa.jpg?resize=300%2C257\" alt=\"\" width=\"300\" height=\"257\" srcset=\"https:\/\/i0.wp.com\/www.24baires.com\/wp-content\/uploads\/2012\/12\/twpapa.jpg?resize=300%2C257&amp;ssl=1 300w, https:\/\/i0.wp.com\/www.24baires.com\/wp-content\/uploads\/2012\/12\/twpapa.jpg?w=510&amp;ssl=1 510w\" sizes=\"auto, (max-width: 300px) 100vw, 300px\" \/>Benedicto XVI envi\u00f3 este mi\u00e9rcoles 12 de diciembre, fiesta de la Virgen de Guadalupe, su primer `tuit` a trav\u00e9s de @pontifex, con el objetivo de \u00abdar mayor alcance al mensaje evang\u00e9lico\u00bb.<!--more--><br \/>\nPontifex, el nombre de la cuenta, significa en lat\u00edn \u00abconstructor de puentes\u00bb y ser\u00e1 lanzada en ocho idiomas, entre ellos en espa\u00f1ol, cuyo usuario ser\u00e1 @pontifex_es. Se espera que el `tuit` sea enviado alrededor del medio d\u00eda (hora local).<\/p>\n<p>\u00abEl Papa emitir\u00e1 su primer mensaje desde su cuenta oficial de Twitter en una fecha dif\u00edcil de olvidar, a las 12 del 12 de diciembre de 2012\u00bb, se\u00f1ala el twit de la cadena CNN en espa\u00f1ol.<\/p>\n<p>Sin embargo, a pesar de que el primer mensaje del Papa no se esperaba hasta esta semana, desde que la cuenta fue presentada el pasado 3 de diciembre, ya cuenta con unos 980.000 seguidores.<\/p>\n<p>De este modo, durante la audiencia general de los mi\u00e9rcoles, el Pont\u00edfice lanzar\u00e1 su primer mensaje en 140 caracteres en esta nueva cuenta, original en ingl\u00e9s pero el mismo mensaje ser\u00e1 enviado simult\u00e1neamente en espa\u00f1ol, italiano, portugu\u00e9s, alem\u00e1n, franc\u00e9s, polaco y \u00e1rabe.<\/p>\n<p>En esta ocasi\u00f3n, el contenido del primer mensaje de esta nueva cuenta de Twitter de Benedicto XVI ser\u00e1 \u00abuna respuesta sobre una cuesti\u00f3n de la fe\u00bb, con motivo de la celebraci\u00f3n del A\u00f1o de la Fe.<\/p>\n<p>No ser\u00e1 la primera vez que el Pont\u00edfice utilice este medio para enviar un mensaje al mundo ya que en junio de 2011 el Papa se estren\u00f3 en esta red social con motivo de la presentaci\u00f3n del portal informativo del Vaticano con el mensaje: \u00abQueridos amigos, acabo de inaugurar www.news.va \u00a1Sea loado Jesucristo!. Con mis oraciones y mi bendici\u00f3n, Benedicto XVI\u00bb, seg\u00fan despacho de Europa Press.<\/p>\n<p>El asesor para la comunicaci\u00f3n de la Secretaria de Estado, el periodista norteamericano Greg Burke, indic\u00f3 que los primeros `tuit` del Papa ser\u00e1n enviados \u00abcon ocasi\u00f3n de la audiencia general de los mi\u00e9rcoles\u00bb, pero que \u00abno se descarta una frecuencia mayor\u00bb. Adem\u00e1s, aclar\u00f3 que la nueva cuenta del Papa por ahora no seguir\u00e1 a ninguna otra cuenta, sino que tendr\u00e1 seguidores y es una manera de animar a la Iglesia a tener mayor presencia en los nuevos medios.<\/p>\n","protected":false},"excerpt":{"rendered":"<p>Benedicto XVI envi\u00f3 este mi\u00e9rcoles 12 de diciembre, fiesta de la Virgen de Guadalupe, su primer `tuit` a trav\u00e9s de @pontifex, con el objetivo de \u00abdar mayor alcance al mensaje evang\u00e9lico\u00bb.<\/p>\n","protected":false},"author":4,"featured_media":0,"comment_status":"open","ping_status":"open","sticky":false,"template":"","format":"standard","meta":{"_jetpack_newsletter_access":"","_jetpack_dont_email_post_to_subs":false,"_jetpack_newsletter_tier_id":0,"_jetpack_memberships_contains_paywalled_content":false,"_jetpack_memberships_contains_paid_content":false,"footnotes":""},"categories":[1],"tags":[],"class_list":["post-8833","post","type-post","status-publish","format-standard","hentry","category-sociedad"],"jetpack_featured_media_url":"","jetpack_shortlink":"https:\/\/wp.me\/p2JWE0-2it","jetpack-related-posts":[{"id":42100,"url":"https:\/\/www.24baires.com\/?p=42100","url_meta":{"origin":8833,"position":0},"title":"El Papa Francisco revolucion\u00f3 Twitter y ahora va por Facebook","author":"Grupo Sierra","date":"14\/03\/2014","format":false,"excerpt":"Logr\u00f3 cambiar la relaci\u00f3n entre la Santa Sede y las redes sociales, pues no s\u00f3lo consigui\u00f3 cuadruplicar el n\u00famero de seguidores en Twitter y convertirse en el l\u00edder mundial con mayor impacto en ese medio sino que, a trav\u00e9s de su persona, el Vaticano desembarcar\u00e1 por primera vez en Facebook.\u2026","rel":"","context":"En \u00abTecnolog\u00eda\u00bb","block_context":{"text":"Tecnolog\u00eda","link":"https:\/\/www.24baires.com\/?cat=46"},"img":{"alt_text":"papa brasil","src":"https:\/\/i0.wp.com\/www.24baires.com\/wp-content\/uploads\/2013\/07\/papa-brasil.jpg?resize=350%2C200","width":350,"height":200,"srcset":"https:\/\/i0.wp.com\/www.24baires.com\/wp-content\/uploads\/2013\/07\/papa-brasil.jpg?resize=350%2C200 1x, https:\/\/i0.wp.com\/www.24baires.com\/wp-content\/uploads\/2013\/07\/papa-brasil.jpg?resize=525%2C300 1.5x"},"classes":[]},{"id":42510,"url":"https:\/\/www.24baires.com\/?p=42510","url_meta":{"origin":8833,"position":1},"title":"\u00bfTe acord\u00e1s de tu primera publicaci\u00f3n? Twitter s\u00ed","author":"Grupo Sierra","date":"20\/03\/2014","format":false,"excerpt":"La red social publica tu primer tuit para celebrar sus 8 a\u00f1os. Ocho a\u00f1os pasaron desde que la red social m\u00e1s cautivante de los \u00faltimos tiempos apareci\u00f3 en la vida de los internautas. Twitter revolucion\u00f3 la comunicaci\u00f3n tanto entre los usuarios de Internet como en los medios de comunicaci\u00f3n. Hoy\u2026","rel":"","context":"En \u00abTecnolog\u00eda\u00bb","block_context":{"text":"Tecnolog\u00eda","link":"https:\/\/www.24baires.com\/?cat=46"},"img":{"alt_text":"twitter public","src":"https:\/\/i0.wp.com\/www.24baires.com\/wp-content\/uploads\/2014\/03\/twitter-public.jpg?resize=350%2C200","width":350,"height":200,"srcset":"https:\/\/i0.wp.com\/www.24baires.com\/wp-content\/uploads\/2014\/03\/twitter-public.jpg?resize=350%2C200 1x, https:\/\/i0.wp.com\/www.24baires.com\/wp-content\/uploads\/2014\/03\/twitter-public.jpg?resize=525%2C300 1.5x"},"classes":[]},{"id":16097,"url":"https:\/\/www.24baires.com\/?p=16097","url_meta":{"origin":8833,"position":2},"title":"El Intendente de Olavarr\u00eda discute con el ministro Arl\u00eda por el mal estado de la Ruta 51","author":"AF","date":"19\/02\/2013","format":false,"excerpt":"A trav\u00e9s de su cuenta de Twitter el intendente de Olavarr\u00eda, Jos\u00e9 Eseverri, se dirigi\u00f3 al titular de la cartera bonaerense de Infraestructura para se\u00f1alar \"Necesitamos que atienda a los vecinos. Ud. Est\u00e1 ocupado armando un acto para el 21\". Inicialmente el jefe comunal hab\u00eda expuesto que \"la Ruta 51\u2026","rel":"","context":"En \u00abPol\u00edtica\u00bb","block_context":{"text":"Pol\u00edtica","link":"https:\/\/www.24baires.com\/?cat=51"},"img":{"alt_text":"tuit eseverri para arlia","src":"https:\/\/i0.wp.com\/www.24baires.com\/wp-content\/uploads\/2013\/02\/tuit-eseverri-para-arlia.jpg?resize=350%2C200","width":350,"height":200},"classes":[]},{"id":55307,"url":"https:\/\/www.24baires.com\/?p=55307","url_meta":{"origin":8833,"position":3},"title":"Desde un tuit, Twitter permitir\u00e1 hacer transferencias de dinero entre usuarios","author":"GB","date":"13\/10\/2014","format":false,"excerpt":"El sistema ser\u00e1 presentado ma\u00f1ana, en Par\u00eds, y funcionar\u00e1 en Francia. Es fruto del acuerdo entre la red social de microblogging y uno de los principales bancos de ese pa\u00eds, Grupo BPCE. La red social de microblogging y uno de los principales bancos de Francia, Grupo BPCE, presentar\u00e1n ma\u00f1ana un\u2026","rel":"","context":"En \u00abTecnolog\u00eda\u00bb","block_context":{"text":"Tecnolog\u00eda","link":"https:\/\/www.24baires.com\/?cat=46"},"img":{"alt_text":"tuit plata","src":"https:\/\/i0.wp.com\/www.24baires.com\/wp-content\/uploads\/2014\/10\/tuit-plata.jpg?resize=350%2C200","width":350,"height":200,"srcset":"https:\/\/i0.wp.com\/www.24baires.com\/wp-content\/uploads\/2014\/10\/tuit-plata.jpg?resize=350%2C200 1x, https:\/\/i0.wp.com\/www.24baires.com\/wp-content\/uploads\/2014\/10\/tuit-plata.jpg?resize=525%2C300 1.5x"},"classes":[]},{"id":108612,"url":"https:\/\/www.24baires.com\/?p=108612","url_meta":{"origin":8833,"position":4},"title":"Cristina comparti\u00f3 un mensaje del Papa por la manipulaci\u00f3n judicial contra opositores","author":"AF","date":"06\/06\/2019","format":false,"excerpt":"La senadora escribi\u00f3 en su cuenta de Twitter, minutos despu\u00e9s de conocido el en\u00e9simo procesamiento de Bonadio: \"Imperdibles 59 segundos de Francisco hablando de la manipulaci\u00f3n del Poder Judicial con fines de persecuci\u00f3n pol\u00edtica a opositores\". Cristina destac\u00f3 las expresiones del Papa Francisco, en las que advirti\u00f3 sobre la \"manipulaci\u00f3n\u2026","rel":"","context":"En \u00abPol\u00edtica\u00bb","block_context":{"text":"Pol\u00edtica","link":"https:\/\/www.24baires.com\/?cat=51"},"img":{"alt_text":"","src":"https:\/\/i0.wp.com\/www.24baires.com\/wp-content\/uploads\/2014\/03\/papa-cristina.jpg?resize=350%2C200","width":350,"height":200,"srcset":"https:\/\/i0.wp.com\/www.24baires.com\/wp-content\/uploads\/2014\/03\/papa-cristina.jpg?resize=350%2C200 1x, https:\/\/i0.wp.com\/www.24baires.com\/wp-content\/uploads\/2014\/03\/papa-cristina.jpg?resize=525%2C300 1.5x"},"classes":[]},{"id":7679,"url":"https:\/\/www.24baires.com\/?p=7679","url_meta":{"origin":8833,"position":5},"title":"Se cumplen 20 a\u00f1os desde el primer mensaje de texto enviado","author":"AF","date":"03\/12\/2012","format":false,"excerpt":"Fue un 3 de diciembre de 1992 cuando se envi\u00f3 el primer mensaje corto o SMS. Lo hizo el ingeniero brit\u00e1nico Neil Papworth, que en aquel momento ten\u00eda 22 a\u00f1os y trabajaba para la compa\u00f1\u00eda Vodafone. Un h\u00e1bito simple, casi obsoleto. Algo que ahora forma parte de la vida de\u2026","rel":"","context":"En \u00abTecnolog\u00eda\u00bb","block_context":{"text":"Tecnolog\u00eda","link":"https:\/\/www.24baires.com\/?cat=46"},"img":{"alt_text":"","src":"https:\/\/i0.wp.com\/www.24baires.com\/wp-content\/uploads\/2012\/12\/mensaje-300x179.jpg?resize=350%2C200","width":350,"height":200},"classes":[]}],"jetpack_sharing_enabled":true,"jetpack_likes_enabled":true,"_links":{"self":[{"href":"https:\/\/www.24baires.com\/index.php?rest_route=\/wp\/v2\/posts\/8833","targetHints":{"allow":["GET"]}}],"collection":[{"href":"https:\/\/www.24baires.com\/index.php?rest_route=\/wp\/v2\/posts"}],"about":[{"href":"https:\/\/www.24baires.com\/index.php?rest_route=\/wp\/v2\/types\/post"}],"author":[{"embeddable":true,"href":"https:\/\/www.24baires.com\/index.php?rest_route=\/wp\/v2\/users\/4"}],"replies":[{"embeddable":true,"href":"https:\/\/www.24baires.com\/index.php?rest_route=%2Fwp%2Fv2%2Fcomments&post=8833"}],"version-history":[{"count":2,"href":"https:\/\/www.24baires.com\/index.php?rest_route=\/wp\/v2\/posts\/8833\/revisions"}],"predecessor-version":[{"id":8836,"href":"https:\/\/www.24baires.com\/index.php?rest_route=\/wp\/v2\/posts\/8833\/revisions\/8836"}],"wp:attachment":[{"href":"https:\/\/www.24baires.com\/index.php?rest_route=%2Fwp%2Fv2%2Fmedia&parent=8833"}],"wp:term":[{"taxonomy":"category","embeddable":true,"href":"https:\/\/www.24baires.com\/index.php?rest_route=%2Fwp%2Fv2%2Fcategories&post=8833"},{"taxonomy":"post_tag","embeddable":true,"href":"https:\/\/www.24baires.com\/index.php?rest_route=%2Fwp%2Fv2%2Ftags&post=8833"}],"curies":[{"name":"wp","href":"https:\/\/api.w.org\/{rel}","templated":true}]}}