{"id":88326,"date":"2016-10-04T20:59:20","date_gmt":"2016-10-04T23:59:20","guid":{"rendered":"http:\/\/www.24baires.com\/?p=88326"},"modified":"2016-10-04T20:59:20","modified_gmt":"2016-10-04T23:59:20","slug":"enacom-llevara-a-cabo-un-esclarecimiento-sobre-la-instalacion-de-antenas-de-telefonia-celular","status":"publish","type":"post","link":"https:\/\/www.24baires.com\/?p=88326","title":{"rendered":"Enacom llevar\u00e1 a cabo un esclarecimiento sobre la instalaci\u00f3n de antenas de telefon\u00eda celular"},"content":{"rendered":"<p><img data-recalc-dims=\"1\" loading=\"lazy\" decoding=\"async\" src=\"https:\/\/i0.wp.com\/www.24baires.com\/wp-content\/uploads\/2016\/10\/KUNIK3.jpg?resize=560%2C449\" alt=\"kunik3\" width=\"560\" height=\"449\" class=\"aligncenter size-full wp-image-88327\" srcset=\"https:\/\/i0.wp.com\/www.24baires.com\/wp-content\/uploads\/2016\/10\/KUNIK3.jpg?w=560&amp;ssl=1 560w, https:\/\/i0.wp.com\/www.24baires.com\/wp-content\/uploads\/2016\/10\/KUNIK3.jpg?resize=300%2C241&amp;ssl=1 300w\" sizes=\"auto, (max-width: 560px) 100vw, 560px\" \/>El Director Nacional de Fomento y Desarrollo del Ente Nacional de Comunicaciones (ENACOM), Mart\u00edn Kunik, anticip\u00f3 que ese organismo realizar\u00e1 una \u201cfuerte tarea de esclarecimiento y concientizaci\u00f3n\u201d en los municipios de todo el pa\u00eds, para aclarar la verdadera incidencia de la radiaci\u00f3n proveniente de las antenas de telefon\u00eda m\u00f3vil.<!--more--><\/p>\n<p>\u201cOcurre que en muchas intendencias, la gente se preocupa porque le instalan una antena de telefon\u00eda m\u00f3vil, y le temen a las radiaciones. Pero hoy, la radiaci\u00f3n de una antena de 4G es menor a la que se produce en un hogar con el uso de un microondas\u201d, precis\u00f3 Kunik.<\/p>\n<p>En declaraciones al programa de tv \u201cPrimer Plano\u201d, que se emite por Cablevisi\u00f3n zona norte, Kunik dijo que \u201cobviamente las intendencias escuchan a los vecinos y determinan que se saquen las antenas de telefon\u00eda m\u00f3vil: Eso hace que, por un lado, cada vez haya menos antenas y la calidad del servicio se deteriore y, a la vez, y peor a\u00fan, las antenas que quedan deben irradiar m\u00e1s\u201d.<\/p>\n<p>\u201cEsto quiere decir que m\u00e1s antenas irradian cada vez menos, porque hace falta menos potencia por antena. A menos antenas, mayor irradiaci\u00f3n\u201d, para alcanzar el contacto entre antenas y hacia los tel\u00e9fonos, precis\u00f3 el funcionario nacional.<\/p>\n<p>Kunik dijo en tal sentido que se est\u00e1 tratando \u201cde realizar una tarea de concientizaci\u00f3n en los municipios grandes del conurbano, y en los municipios chicos del interior del pa\u00eds\u201d, concluy\u00f3.<\/p>\n<p>\u00bfC\u00f3mo funciona la telefon\u00eda m\u00f3vil?<\/p>\n<p>Para que la comunicaci\u00f3n entre dos dispositivos m\u00f3viles sea posible, es necesario que exista una infraestructura que realice las conexiones. Se compone de estaciones base y  nodos de conmutaci\u00f3n unidos por v\u00ednculos, construidos mediante radioenlaces o fibra \u00f3ptica. Esta infraestructura debe ser desplegada  en el \u00e1rea en la que se deba dar cobertura.<\/p>\n<p>El sistema se completa con los dispositivos m\u00f3viles (celulares, tablets, notebooks, etc.) que se comunican entre s\u00ed mediante la transmisi\u00f3n de ondas de radio. Esa transmisi\u00f3n inal\u00e1mbrica se realiza gracias a las  ondas electromagn\u00e9ticas originadas y recibidas por las antenas.<\/p>\n<p>La transmisi\u00f3n de energ\u00eda en forma de ondas electromagn\u00e9ticas a trav\u00e9s del aire se denomina radiaci\u00f3n o emisi\u00f3n. Las emisiones electromagn\u00e9ticas tienen dos tipos de frecuencia: Emisiones ionizantes (de alta frecuencia, como los rayos x) y Emisiones No ionizantes (de baja frecuencia, como las empleadas por el sistema de telefon\u00eda m\u00f3vil).<\/p>\n<p>Las radiaciones no ionizantes (RNI) carecen de energ\u00eda suficiente para afectar la estructura de los organismos. La potencia promedio transmitida desde una antena es de aproximadamente 100 watts, el equivalente a una bombita el\u00e9ctrica, menor a la de un televisor y la mitad que la de un lavarropas.<\/p>\n<p>Mediciones <\/p>\n<p>El ente regulatorio establece c\u00f3mo deben medirse las radiaciones para controlar que se respeten esos l\u00edmites. Todas las mediciones realizadas en Argentina han dado como resultado que las antenas de telefon\u00eda celular emiten RNI centenares de veces por debajo de los valores establecidos, cumpliendo rigurosamente con la normativa vigente, y los l\u00edmites de exposici\u00f3n establecidos por la Organizaci\u00f3n Mundial de la Salud.<\/p>\n<p>Las ondas utilizadas por la telefon\u00eda m\u00f3vil en todo el mundo, est\u00e1n en las frecuencias entre los 700 y 2100 MHz. En la Argentina las frecuencias utilizadas son pr\u00f3ximas a los 850 MHz y los 1900 MHZ. Los especialistas concluyen que el uso del tel\u00e9fono m\u00f3vil y la radiofrecuencia emitida por las antenas no tienen efectos perjudiciales para la salud.<\/p>\n<p>Seg\u00fan Miguel Galano, Gerente de Relaciones Externas y Regulaci\u00f3n de Telef\u00f3nica de Argentina, \u201cMovistar mide regularmente sus antenas en todo el pa\u00eds, garantizando a la poblaci\u00f3n el cumplimiento estricto de los est\u00e1ndares y seguridad y calidad, de acuerdo a lo establecido por la resoluci\u00f3n N\u00b0 202 MSyAS\/1195 del Ministerio de Salud, que determina los valores m\u00e1ximos que deben cumplir todos los sistemas que hagan uso del espectro radioel\u00e9ctrico\u201d.<\/p>\n<p>A\u00f1adi\u00f3 que  paralelamente, estas estaciones cumplen los criterios de la Comisi\u00f3n Internacional de Protecci\u00f3n contra las radiaciones no ionizantes, que es un organismo asesor de la Organizaci\u00f3n Mundial de la Salud (OMS).<\/p>\n<p>Galano dijo que recientemente se realizaron mediciones en las ciudades de Esquel, Mendoza, Villa La Angostura y Bariloche, junto a personal de ENACOM y autoridades municipales.<\/p>\n<p>\u201cEstos controles permitieron comprobar que las radiaciones que emite una antena est\u00e1n de 100 a 1.000 veces por debajo del l\u00edmite m\u00e1ximo permitido. Si comparamos con otras fuentes generadores de Radiaciones No Ionizantes (TV abierta, TDT, FMs, etc.) podemos deducir que los niveles originados en los sistemas de telefon\u00eda m\u00f3vil est\u00e1n muy por debajo de dicha fuentes\u201d, asegur\u00f3 el directivo de Telef\u00f3nica.<\/p>\n<p>Las mediciones, seg\u00fan se indic\u00f3, se llevaron a cabo con equipamiento de \u00faltima generaci\u00f3n, debidamente homologado por las normas vigentes y el organismo de contralor. Este equipamiento es calibrado y certificado cada dos a\u00f1os en Alemania, de donde es originario.<\/p>\n<p>\u201cComo empresa socialmente responsable, para Telef\u00f3nica es muy importante poder contribuir haciendo mediciones p\u00fablicas, no s\u00f3lo con equipos de la compa\u00f1\u00eda debidamente certificados, sino tambi\u00e9n con equipos y con personal de ENACOM, que es nuestro \u00f3rgano de contralor, con lo cual corroboramos que las mediciones que hacemos son precisas y que llevan tranquilidad a la poblaci\u00f3n\u201d, puntualiz\u00f3 Galano.<\/p>\n","protected":false},"excerpt":{"rendered":"<p>El Director Nacional de Fomento y Desarrollo del Ente Nacional de Comunicaciones (ENACOM), Mart\u00edn Kunik, anticip\u00f3 que ese organismo realizar\u00e1 una \u201cfuerte tarea de esclarecimiento y concientizaci\u00f3n\u201d en los municipios de todo el pa\u00eds, para aclarar la verdadera incidencia de la radiaci\u00f3n proveniente de las antenas de telefon\u00eda m\u00f3vil.<\/p>\n","protected":false},"author":8,"featured_media":0,"comment_status":"open","ping_status":"open","sticky":false,"template":"","format":"standard","meta":{"_jetpack_newsletter_access":"","_jetpack_dont_email_post_to_subs":false,"_jetpack_newsletter_tier_id":0,"_jetpack_memberships_contains_paywalled_content":false,"_jetpack_memberships_contains_paid_content":false,"footnotes":""},"categories":[54],"tags":[],"class_list":["post-88326","post","type-post","status-publish","format-standard","hentry","category-medios"],"jetpack_featured_media_url":"","jetpack_shortlink":"https:\/\/wp.me\/p2JWE0-mYC","jetpack-related-posts":[{"id":38609,"url":"https:\/\/www.24baires.com\/?p=38609","url_meta":{"origin":88326,"position":0},"title":"Crecen los controles sobre la instalaci\u00f3n de antenas de telefon\u00eda celular","author":"Grupo Sierra","date":"16\/01\/2014","format":false,"excerpt":"A trav\u00e9s de la Resoluci\u00f3n 87\/2013, que reemplaza a la anterior del a\u00f1o 2007, el Organismo Provincial para el Desarrollo Sostenible (OPDS), anunci\u00f3 este jueves que dispondr\u00e1 de mayores herramientas para el asesoramiento a municipios. Seg\u00fan se inform\u00f3 oficialmente, adem\u00e1s se podr\u00e1 solicitar el retiro de antenas en caso de\u2026","rel":"","context":"En \u00abProvincia\u00bb","block_context":{"text":"Provincia","link":"https:\/\/www.24baires.com\/?cat=40"},"img":{"alt_text":"","src":"","width":0,"height":0},"classes":[]},{"id":71855,"url":"https:\/\/www.24baires.com\/?p=71855","url_meta":{"origin":88326,"position":1},"title":"Piden que remuevan antenas de telefon\u00eda cercanas a centro de salud por la radiaci\u00f3n","author":"AF","date":"09\/09\/2015","format":false,"excerpt":"Desde la C\u00e1mara de Diputados de la provincia de Buenos Aires solicitaron la intervenci\u00f3n del Gobierno bonaerense para que revea la situaci\u00f3n en un barrio de Bah\u00eda Blanca donde se encuentran instaladas antenas de telefon\u00eda celular que funcionan a metros de un centro de ayuda para chicos con leucemia. El\u2026","rel":"","context":"En \u00abLocales\u00bb","block_context":{"text":"Locales","link":"https:\/\/www.24baires.com\/?cat=38"},"img":{"alt_text":"","src":"","width":0,"height":0},"classes":[]},{"id":45897,"url":"https:\/\/www.24baires.com\/?p=45897","url_meta":{"origin":88326,"position":2},"title":"Kicillof anunci\u00f3 la licitaci\u00f3n para incorporar tecnolog\u00eda 4G","author":"GB","date":"13\/05\/2014","format":false,"excerpt":"El ministro de Econom\u00eda, Axel Kicillof, anunci\u00f3 hoy la realizaci\u00f3n de la primera licitaci\u00f3n de espectro radioel\u00e9ctrico que \"abre las puertas a la cuarta generaci\u00f3n de telecomunicaciones m\u00f3viles. El ministro de Econom\u00eda, Axel Kicillof, remarc\u00f3 hoy la importancia de incrementar las inversiones de las empresas de telefon\u00eda m\u00f3vil existentes, al\u2026","rel":"","context":"En \u00abEconom\u00eda\u00bb","block_context":{"text":"Econom\u00eda","link":"https:\/\/www.24baires.com\/?cat=45"},"img":{"alt_text":"kicillof y de vido","src":"https:\/\/i0.wp.com\/www.24baires.com\/wp-content\/uploads\/2014\/05\/kicillof-y-de-vido.jpg?resize=350%2C200","width":350,"height":200,"srcset":"https:\/\/i0.wp.com\/www.24baires.com\/wp-content\/uploads\/2014\/05\/kicillof-y-de-vido.jpg?resize=350%2C200 1x, https:\/\/i0.wp.com\/www.24baires.com\/wp-content\/uploads\/2014\/05\/kicillof-y-de-vido.jpg?resize=525%2C300 1.5x"},"classes":[]},{"id":14494,"url":"https:\/\/www.24baires.com\/?p=14494","url_meta":{"origin":88326,"position":3},"title":"La unidad de los vecinos logr\u00f3 evitar que se instalen antenas de telefon\u00eda en Temperley","author":"Grupo Sierra","date":"03\/02\/2013","format":false,"excerpt":"Vecinos realizaron una asamblea en la plaza Col\u00f3n para rechazar la instalaci\u00f3n de antenas de telefon\u00eda celular en los espacios p\u00fablicos. Su reclamo fue escuchado y lograron que se d\u00e9 marcha atr\u00e1s con la instalaci\u00f3n de una torre en el parque. \u201cPor ahora quedaron sin efecto (las instalaciones)\u201d, indicaron desde\u2026","rel":"","context":"En \u00abLocales\u00bb","block_context":{"text":"Locales","link":"https:\/\/www.24baires.com\/?cat=38"},"img":{"alt_text":"temperley telefonia","src":"https:\/\/i0.wp.com\/www.24baires.com\/wp-content\/uploads\/2013\/02\/temperley-telefonia-300x190.jpg?resize=350%2C200","width":350,"height":200},"classes":[]},{"id":38051,"url":"https:\/\/www.24baires.com\/?p=38051","url_meta":{"origin":88326,"position":4},"title":"Maip\u00fa: una antena de comunicaci\u00f3n para Santo Domingo","author":"Grupo Sierra","date":"07\/01\/2014","format":false,"excerpt":"De acuerdo al convenio suscripto entre el Municipio de Maip\u00fa y la empresa Telecom Personal, ya qued\u00f3 levantada la antena de 35 metros de altura, que permite una sustancial mejora en la calidad de las comunicaciones de usuarios de telefon\u00eda celular, Internet y otras redes. Actualmente, la prestadora de comunicaciones\u2026","rel":"","context":"En \u00abLocales\u00bb","block_context":{"text":"Locales","link":"https:\/\/www.24baires.com\/?cat=38"},"img":{"alt_text":"","src":"","width":0,"height":0},"classes":[]},{"id":79343,"url":"https:\/\/www.24baires.com\/?p=79343","url_meta":{"origin":88326,"position":5},"title":"Analizan instalar antenas de telefon\u00eda m\u00f3vil en azoteas p\u00fablicas","author":"AF","date":"24\/02\/2016","format":false,"excerpt":"El Gobierno eval\u00faa la posibilidad de ofrecer a los operadores la utilizaci\u00f3n de las azoteas de edificios p\u00fablicos para que coloquen antenas y permitir as\u00ed elevar la calidad del servicio de comunicaciones. El gobierno argentino eval\u00faa la posibilidad de ofrecer a los operadores de telefon\u00eda m\u00f3vil la utilizaci\u00f3n de las\u2026","rel":"","context":"En \u00abTecnolog\u00eda\u00bb","block_context":{"text":"Tecnolog\u00eda","link":"https:\/\/www.24baires.com\/?cat=46"},"img":{"alt_text":"celulares cooperativos","src":"https:\/\/i0.wp.com\/www.24baires.com\/wp-content\/uploads\/2012\/09\/celulares-cooperativos.jpg?resize=350%2C200","width":350,"height":200,"srcset":"https:\/\/i0.wp.com\/www.24baires.com\/wp-content\/uploads\/2012\/09\/celulares-cooperativos.jpg?resize=350%2C200 1x, https:\/\/i0.wp.com\/www.24baires.com\/wp-content\/uploads\/2012\/09\/celulares-cooperativos.jpg?resize=525%2C300 1.5x"},"classes":[]}],"jetpack_sharing_enabled":true,"jetpack_likes_enabled":true,"_links":{"self":[{"href":"https:\/\/www.24baires.com\/index.php?rest_route=\/wp\/v2\/posts\/88326","targetHints":{"allow":["GET"]}}],"collection":[{"href":"https:\/\/www.24baires.com\/index.php?rest_route=\/wp\/v2\/posts"}],"about":[{"href":"https:\/\/www.24baires.com\/index.php?rest_route=\/wp\/v2\/types\/post"}],"author":[{"embeddable":true,"href":"https:\/\/www.24baires.com\/index.php?rest_route=\/wp\/v2\/users\/8"}],"replies":[{"embeddable":true,"href":"https:\/\/www.24baires.com\/index.php?rest_route=%2Fwp%2Fv2%2Fcomments&post=88326"}],"version-history":[{"count":1,"href":"https:\/\/www.24baires.com\/index.php?rest_route=\/wp\/v2\/posts\/88326\/revisions"}],"predecessor-version":[{"id":88328,"href":"https:\/\/www.24baires.com\/index.php?rest_route=\/wp\/v2\/posts\/88326\/revisions\/88328"}],"wp:attachment":[{"href":"https:\/\/www.24baires.com\/index.php?rest_route=%2Fwp%2Fv2%2Fmedia&parent=88326"}],"wp:term":[{"taxonomy":"category","embeddable":true,"href":"https:\/\/www.24baires.com\/index.php?rest_route=%2Fwp%2Fv2%2Fcategories&post=88326"},{"taxonomy":"post_tag","embeddable":true,"href":"https:\/\/www.24baires.com\/index.php?rest_route=%2Fwp%2Fv2%2Ftags&post=88326"}],"curies":[{"name":"wp","href":"https:\/\/api.w.org\/{rel}","templated":true}]}}