{"id":8830,"date":"2012-12-12T09:00:10","date_gmt":"2012-12-12T12:00:10","guid":{"rendered":"http:\/\/www.24baires.com\/?p=8830"},"modified":"2012-12-12T14:41:20","modified_gmt":"2012-12-12T17:41:20","slug":"veda-total-para-la-extraccion-de-moluscos-bivalvos-desde-samborombon-hasta-mar-del-plata","status":"publish","type":"post","link":"https:\/\/www.24baires.com\/?p=8830","title":{"rendered":"Veda total para la extracci\u00f3n de moluscos bivalvos desde Samboromb\u00f3n hasta Mar del Plata"},"content":{"rendered":"<p>El Ministerio de Asuntos Agrarios, a trav\u00e9s de la Direcci\u00f3n Provincial de Pesca, informa que por medio de la Disposici\u00f3n 8\/12 se establece una veda total para la extracci\u00f3n comercial, artesanal y\/o tur\u00edstica de moluscos bivalvos, en la zona delimitada por los puntos de la costa desde Punta Piedra, al norte de la Bah\u00eda de Samboromb\u00f3n, y hacia el sur hasta el limite sur de la ciudad de Mar del Plata, en toda la zona de costa, hasta tanto los estudios y an\u00e1lisis correspondientes indiquen su aptitud para el consumo humano.<\/p>\n<p><!--more--><br \/>\nEsta medida se adopto como consecuencia de la informaci\u00f3n proveniente del Laboratorio de Mar del Plata del Servicio Nacional de Sanidad y Calidad Agroalimentario (SENASA), donde los resultados de los an\u00e1lisis realizados sobre mejillin, Brachydontes rodriguezi, recolectados en la playas de Santa Teresita, Partido de la Costa, y berberechos Donax hanleyanus en las playas de Mar Azul, en Villa Gesell, ha resultado positivo al ensayo para toxinas lipofilicas de moluscos (toxina diarreica de moluscos), en concentraciones superiores a los limites de seguridad establecidos.<br \/>\nAtento a lo expuesto, se solicita a las autoridades de los Municipios afectados poner en conocimiento de la situaci\u00f3n mencionada a la poblaci\u00f3n en general, y que se abstengan de extraer para comercializar y\/o recolectar en las playas para consumir moluscos bivalvos (almejas, berberechos, mejillin) hasta tanto se mantenga la medida establecida.<br \/>\nCon el fin de prevenir a la poblaci\u00f3n, se recomienda a las autoridades de los Municipios afectados mantener informada a la misma, que solamente puedan consumir moluscos bivalvos provenientes de establecimientos habilitados por la Autoridad competente y abstenerse de adquirir y\/o consumir estas especies cuando las mismas no cuenten con su correspondiente certificado sanitario, como asimismo, respecto de la evoluci\u00f3n de este fen\u00f3meno y controlar la recolecci\u00f3n, procesamiento y\/o consumo de individuos de la especie en cuesti\u00f3n.<\/p>\n","protected":false},"excerpt":{"rendered":"<p>El Ministerio de Asuntos Agrarios, a trav\u00e9s de la Direcci\u00f3n Provincial de Pesca, informa que por medio de la Disposici\u00f3n 8\/12 se establece una veda total para la extracci\u00f3n comercial, artesanal y\/o tur\u00edstica de moluscos bivalvos, en la zona delimitada por los puntos de la costa desde Punta Piedra, al norte de la Bah\u00eda de Samboromb\u00f3n, y hacia el sur [&#8230;]<\/p>\n","protected":false},"author":4,"featured_media":0,"comment_status":"open","ping_status":"open","sticky":false,"template":"","format":"standard","meta":{"_jetpack_newsletter_access":"","_jetpack_dont_email_post_to_subs":false,"_jetpack_newsletter_tier_id":0,"_jetpack_memberships_contains_paywalled_content":false,"_jetpack_memberships_contains_paid_content":false,"footnotes":""},"categories":[1],"tags":[],"class_list":["post-8830","post","type-post","status-publish","format-standard","hentry","category-sociedad"],"jetpack_featured_media_url":"","jetpack_shortlink":"https:\/\/wp.me\/p2JWE0-2iq","jetpack-related-posts":[{"id":13545,"url":"https:\/\/www.24baires.com\/?p=13545","url_meta":{"origin":8830,"position":0},"title":"Contin\u00faa la veda de moluscos bivalvos en las costas bonaerenses","author":"AF","date":"25\/01\/2013","format":false,"excerpt":"El Ministerio de Asuntos Agrarios de la provincia de Buenos Aires recuerda\u00a0que contin\u00faa la veda total para la extracci\u00f3n comercial, artesanal y\/o\u00a0tur\u00edstica de moluscos bivalvos, en la costa bonaerense. Esta medida se adopt\u00f3 luego del monitoreo que realiza la cartera\u00a0agropecuaria a trav\u00e9s de la Direcci\u00f3n Provincial de Pesca, sobre moluscos\u00a0bivalvos\u2026","rel":"","context":"En \u00abSociedad\u00bb","block_context":{"text":"Sociedad","link":"https:\/\/www.24baires.com\/?cat=1"},"img":{"alt_text":"","src":"","width":0,"height":0},"classes":[]},{"id":11562,"url":"https:\/\/www.24baires.com\/?p=11562","url_meta":{"origin":8830,"position":1},"title":"Contin\u00faa la veda total de moluscos bivalvos en la Costa Bonaerense","author":"Grupo Sierra","date":"08\/01\/2013","format":false,"excerpt":"El Ministerio de Asuntos Agrarios de la provincia de Buenos Aires informa que contin\u00faa la veda total para la extracci\u00f3n comercial, artesanal y\/o tur\u00edstica de moluscos bivalvos, en la costa bonaerense. Esta medida se adopt\u00f3 luego del monitoreo que realiza la cartera agropecuaria a trav\u00e9s de la Direcci\u00f3n Provincial de\u2026","rel":"","context":"En \u00abProvincia\u00bb","block_context":{"text":"Provincia","link":"https:\/\/www.24baires.com\/?cat=40"},"img":{"alt_text":"","src":"","width":0,"height":0},"classes":[]},{"id":50682,"url":"https:\/\/www.24baires.com\/?p=50682","url_meta":{"origin":8830,"position":2},"title":"Invertir\u00e1n 50 millones de d\u00f3lares para sustentar la explotaci\u00f3n pesquera","author":"GB","date":"28\/07\/2014","format":false,"excerpt":"El Gobierno invertir\u00e1 US$ 50 millones en un proyecto orientado a mejorar la gesti\u00f3n sustentable de la actividad pesquera mar\u00edtima. El Instituto Nacional de Desarrollo Pesquero (INIDEP) con asiento en Mar del Plata absorber\u00e1 el 80% de los recursos del plan. La iniciativa se respaldar\u00e1 en un cr\u00e9dito del Banco\u2026","rel":"","context":"En \u00abEconom\u00eda\u00bb","block_context":{"text":"Econom\u00eda","link":"https:\/\/www.24baires.com\/?cat=45"},"img":{"alt_text":"inidep","src":"https:\/\/i0.wp.com\/www.24baires.com\/wp-content\/uploads\/2014\/07\/inidep-300x225.jpg?resize=350%2C200","width":350,"height":200},"classes":[]},{"id":116966,"url":"https:\/\/www.24baires.com\/?p=116966","url_meta":{"origin":8830,"position":3},"title":"M\u00e1s de 2.200 veh\u00edculos por hora se dirigen a la Costa Atl\u00e1ntica","author":"GB","date":"31\/12\/2020","format":false,"excerpt":"Son datos de AUBASA quien adem\u00e1s detall\u00f3 que se trata de un tr\u00e1nsito intenso sobre todo en zona de Gral. Conesa. Seg\u00fan registros de Autopistas de Buenos Aires (AUBASA), hasta las 8 horas pasaban 2.250 autos por hora por el peaje de Samboromb\u00f3n en Autov\u00eda 2, 700 por Maip\u00fa en\u2026","rel":"","context":"En \u00abSociedad\u00bb","block_context":{"text":"Sociedad","link":"https:\/\/www.24baires.com\/?cat=1"},"img":{"alt_text":"","src":"https:\/\/i0.wp.com\/www.24baires.com\/wp-content\/uploads\/2013\/06\/autos-finde-largo-junio-300x199.jpg?resize=350%2C200","width":350,"height":200},"classes":[]},{"id":104923,"url":"https:\/\/www.24baires.com\/?p=104923","url_meta":{"origin":8830,"position":4},"title":"La ocupaci\u00f3n hotelera en Mar del Plata es del 78% por el fin de semana largo","author":"GB","date":"14\/10\/2018","format":false,"excerpt":"Miles de turistas llegaron a la ciudad para disfrutar de distintas propuestas bajo un muy buen clima. \"Las tarifas est\u00e1n por debajo de la inflaci\u00f3n, con muchas promociones\", explicaron los operadores tur\u00edsticos La ocupaci\u00f3n hotelera en Mar del Plata por el fin de semana largo es de un 78%, lo\u2026","rel":"","context":"En \u00abTurismo\u00bb","block_context":{"text":"Turismo","link":"https:\/\/www.24baires.com\/?cat=69"},"img":{"alt_text":"","src":"https:\/\/i0.wp.com\/www.24baires.com\/wp-content\/uploads\/2018\/01\/casino-mar-del-plata-300x200.jpg?resize=350%2C200","width":350,"height":200},"classes":[]},{"id":114012,"url":"https:\/\/www.24baires.com\/?p=114012","url_meta":{"origin":8830,"position":5},"title":"Otro vuelvo en la ruta 2 dej\u00f3 dos muertes y una docena de heridos","author":"GB","date":"04\/02\/2020","format":false,"excerpt":"El accidente ocurri\u00f3 en el kil\u00f3metro 93. El micro hab\u00eda salido de Mar del Plata . Dos personas murieron y al menos otras 13 resultaron heridas este martes por la ma\u00f1ana al volcar un micro de pasajeros de larga distancia en la autov\u00eda 2, a la altura de Samboromb\u00f3n, informaron\u2026","rel":"","context":"En \u00abSociedad\u00bb","block_context":{"text":"Sociedad","link":"https:\/\/www.24baires.com\/?cat=1"},"img":{"alt_text":"","src":"https:\/\/i0.wp.com\/www.24baires.com\/wp-content\/uploads\/2020\/02\/vuelco.jpg?resize=350%2C200","width":350,"height":200,"srcset":"https:\/\/i0.wp.com\/www.24baires.com\/wp-content\/uploads\/2020\/02\/vuelco.jpg?resize=350%2C200 1x, https:\/\/i0.wp.com\/www.24baires.com\/wp-content\/uploads\/2020\/02\/vuelco.jpg?resize=525%2C300 1.5x"},"classes":[]}],"jetpack_sharing_enabled":true,"jetpack_likes_enabled":true,"_links":{"self":[{"href":"https:\/\/www.24baires.com\/index.php?rest_route=\/wp\/v2\/posts\/8830","targetHints":{"allow":["GET"]}}],"collection":[{"href":"https:\/\/www.24baires.com\/index.php?rest_route=\/wp\/v2\/posts"}],"about":[{"href":"https:\/\/www.24baires.com\/index.php?rest_route=\/wp\/v2\/types\/post"}],"author":[{"embeddable":true,"href":"https:\/\/www.24baires.com\/index.php?rest_route=\/wp\/v2\/users\/4"}],"replies":[{"embeddable":true,"href":"https:\/\/www.24baires.com\/index.php?rest_route=%2Fwp%2Fv2%2Fcomments&post=8830"}],"version-history":[{"count":2,"href":"https:\/\/www.24baires.com\/index.php?rest_route=\/wp\/v2\/posts\/8830\/revisions"}],"predecessor-version":[{"id":8832,"href":"https:\/\/www.24baires.com\/index.php?rest_route=\/wp\/v2\/posts\/8830\/revisions\/8832"}],"wp:attachment":[{"href":"https:\/\/www.24baires.com\/index.php?rest_route=%2Fwp%2Fv2%2Fmedia&parent=8830"}],"wp:term":[{"taxonomy":"category","embeddable":true,"href":"https:\/\/www.24baires.com\/index.php?rest_route=%2Fwp%2Fv2%2Fcategories&post=8830"},{"taxonomy":"post_tag","embeddable":true,"href":"https:\/\/www.24baires.com\/index.php?rest_route=%2Fwp%2Fv2%2Ftags&post=8830"}],"curies":[{"name":"wp","href":"https:\/\/api.w.org\/{rel}","templated":true}]}}