{"id":88199,"date":"2016-09-30T21:09:23","date_gmt":"2016-10-01T00:09:23","guid":{"rendered":"http:\/\/www.24baires.com\/?p=88199"},"modified":"2016-09-30T21:09:23","modified_gmt":"2016-10-01T00:09:23","slug":"consideraciones-necesarias-frente-a-las-postales-y-discursos-de-la-inseguridad","status":"publish","type":"post","link":"https:\/\/www.24baires.com\/?p=88199","title":{"rendered":"Consideraciones necesarias frente a las postales y discursos de la inseguridad"},"content":{"rendered":"<p><img data-recalc-dims=\"1\" loading=\"lazy\" decoding=\"async\" class=\"aligncenter wp-image-40462\" src=\"https:\/\/i0.wp.com\/www.24baires.com\/wp-content\/uploads\/2014\/02\/pag-5_marcha_inseguridad.jpg?resize=560%2C333\" alt=\"pag-5_marcha_inseguridad\" width=\"560\" height=\"333\" srcset=\"https:\/\/i0.wp.com\/www.24baires.com\/wp-content\/uploads\/2014\/02\/pag-5_marcha_inseguridad.jpg?w=320&amp;ssl=1 320w, https:\/\/i0.wp.com\/www.24baires.com\/wp-content\/uploads\/2014\/02\/pag-5_marcha_inseguridad.jpg?resize=300%2C178&amp;ssl=1 300w\" sizes=\"auto, (max-width: 560px) 100vw, 560px\" \/>Los medios de mayor llegada exponen episodios de linchamiento, de \u201cleg\u00edtima defensa\u201d, o nos ponen en primera plana la voz impotente, desgarrada de los familiares de las v\u00edctimas de episodios de robo en que se cargan vidas. Todo ello se replica en menor escala y se vuelve la cuesti\u00f3n del momento.<!--more--><\/p>\n<p>Se desata el drama, se lo televisa. Despiertan lo peor. Aparece un peligroso \u201cellos y nosotros\u201d.<br \/>\nSe trabaja -a la vez que se gesta con cierta naturalidad- un compenetramiento, una identificaci\u00f3n con la v\u00edctima,que es presentada como el ciudadano de bien, correcto, cumplidor, laborioso, familiero, Hijo\/a, padre, madre, novio\/a, hermano\/a. Trabajan la idea del tipo que hace todo por \u201cderecha\u201d, laborioso emprendedor, que se hizo un porvenir con estudio y\/o laburo, a veces les rinde la historia del trabajador de procedencia humilde que eligi\u00f3 el camino del bien.<br \/>\nAsoma m\u00e1s un sentido de venganza que de justicia, el ensa\u00f1amiento, la irracionalidad y los impulsos, expresiones despreocupadas de un an\u00e1lisis serio de la problem\u00e1tica y faltas de cualquier racionalidad de sistema.<br \/>\nNo cabe lugar para planteos referidos a un fundamentalismo de DD.HH., que repara en los derechos humanos del victimario, dirigidos a quienes entran a escena y tanto eco se hacen. Enseguida se responde: \u201c\u00bfy nuestros DD.HH. d\u00f3nde est\u00e1n? \u00bfA mi quien me defiende?\u201d.<br \/>\nSe acusa una ausencia del Estado. \u00bfAcaso pretendiendo que se ataje el delito en cada esquina? Frente a tal estado de indefecci\u00f3n del que se habla cobra fuerza un peligroso \u201cellos o nosotros\u201d y una pr\u00e9dica de \u201cjusticia por mano propia\u201d. Se es testigo de premisas peligrosas, profundamente sentidas.<br \/>\nSe apunta contra la insuficiente o p\u00e9sima pol\u00edtica de seguridad, contra la polic\u00eda, contra la justicia y eventualmente contra las legislaciones. Asoma el pedir penas m\u00e1s duras, efectivas, m\u00e1s severas, mano dura, m\u00e1s polic\u00eda. \u00bfEfectivamente eso evita\/disuade\/cesa la comisi\u00f3n de delitos contra la propiedad, violentos, que pudieran cargarse vidas? Razones de sobra para decir que eso es limitado, desaconsejable y que a fin de cuentas tampoco lleva al cese de la \u201cinseguridad\u201d.<br \/>\nMal que les pese a quienes se embanderan detr\u00e1s de estos discursos y mal que nos pese a quienes tenemos otras miradas al respecto, \u00bfacaso los hechos en materia de pol\u00edticas de seguridad, las legislaciones, el aprisionamiento no han ido en el sentido que estos discursos proponen? Da la impresi\u00f3n de que s\u00ed.<br \/>\nLas c\u00e1rceles est\u00e1n superpobladas. Llenas de pobres, de j\u00f3venes pobres encarcelados por delitos burdos, visibles, aunque no por eso menos violentos, acaso muy violentos. Muchos de los cuales se hallan privados de su libertad sin su debido procedimiento, sin condena firme. Efectivamente -a tono con esa predica de ensa\u00f1amiento vengativo frente a quienes perpetran los hechos- a juzgar por la suerte de la mayor\u00eda se pudren en la c\u00e1rcel. Y despu\u00e9s escuchamos a tantos batiendo contra el garantismo, que bien entendido como no defenderlo. La puerta giratoria parece el beneficio de una peque\u00f1a fracci\u00f3n y en gran medida una construcci\u00f3n redituable para algunos.<br \/>\nAsoma peligrosamente la pretensi\u00f3n de militarizar las barriadas populares. Se refuerza la estigmatizaci\u00f3n de la pobreza y de los j\u00f3venes pobres en particular.<br \/>\nNunca han cesado esta clase de expresiones. Peri\u00f3dicamente repuntan. \u00bfAcaso estamos en las v\u00edsperas, en los inicios de un relanzamiento del \u201cblumbergismo\u201d?<\/p>\n<p>Es un tema delicad\u00edsimo. Digamos en principio que se trata de una tragedia social.<br \/>\nValga nomirar los hechos como algo que les pasa a otros. Esto hay que tenerlo bien claro: \u00bfQu\u00e9 puede ped\u00edrsele a quienes son v\u00edctimas?<br \/>\nLlamemos al temple. Es ciertamente dif\u00edcil. El tratamiento medi\u00e1tico cala hondo. Se obnubila lo anal\u00edtico. Se lamenta que aquellos que pudiendo poner pa\u00f1os fr\u00edos y llamarse a una mirada m\u00e1s anal\u00edtica, elijan el imperio de los impulsos y queden enfrascados en la identificaci\u00f3n con el \u201cotro\u201d v\u00edctima a quien se ha puesto en primera plana, afincados en ese desde\u00f1able \u201cellos\u201d y \u201cnosotros\u201d, en ese \u201cpodr\u00eda ser yo\u201d.<br \/>\nA muchos les sienta bien decir que al \u201cpan pan y al vino vino\u201d, les gusta la cuesti\u00f3n f\u00e1cil, se quedan en lo que gusta pensar, lo r\u00e1pido, sin m\u00e1s rodeos. Perm\u00edtaseme disentir. La cosa es m\u00e1s dif\u00edcil y debe conocer de matices y juicios dif\u00edciles. Aqu\u00ed hay m\u00e1s de circunstancias que marcan a fuego y extremas necesidades y menos de maldades inherentes. Acaso valga ver victima en el victimario. Y s\u00ed, es \u201cpiantavotos\u201d decirlo.<br \/>\nSi se mira a la inseguridad propiamente como un fen\u00f3meno social, como tal explicable por cuestiones estructurales, recaer explicativamente sobre las personas refiriendo a caracter\u00edsticas inherentes o al libre albedr\u00edo de las personas, pensarla como una agregaci\u00f3n casual de conductas individuales es completamente insensato. A veces esa torpe lectura es la que prima.<\/p>\n<p>En los principales medios, el abordaje ha sido extenso. De manera que incluso se han mencionado cosas que uno mismo se hallar\u00eda deseoso de decir. Pero no hay que quedarse con eso, sino que con lo que sobresale del tratamiento que han hecho, de lo que m\u00e1s han subrayado. Ha sido, como de costumbre un tratamiento canalla, orientado a reforzar desde\u00f1ables discursos.<\/p>\n<p>Mejor ser\u00eda que hablaran de las connivencias policiales con m\u00e1s \u00e9nfasis y que digan que hay que ir por quienes orquestan el negocio o desencadenan gran parte, contra actividadesilegales que desencadenan y dan sustenta la comisi\u00f3n de muchos delitos violentos contra la propiedad y la integridad f\u00edsica o la vida misma de las personas. Porque se apunta ante todo al delito burdo contra la propiedad, al eslab\u00f3n m\u00e1s d\u00e9bil, al \u00faltimo eslab\u00f3n, al delito de poca monta pero visible, m\u00e1s cotidiano.<br \/>\nPredomina un quedarse en los efectos, una pr\u00e9dica de que resolver la inseguridad pasa por lo policial, por lo judicial, por atajar los hechos, prevenirlos, castigar, disuadir.<br \/>\nSe habla menos y con menos \u00e9nfasis de las causas. Ser\u00eda un error alistar con exclusividad a las causas dentro de la llamada \u201cla cuesti\u00f3n social\u201d. No se agota ah\u00ed. Pero se insistir\u00e1 en ello: en la inseguridad como hija de \u201cla exclusi\u00f3n, la desigualdad, la privaci\u00f3n, hija de situaciones que son caldo de cultivo\u201d.<br \/>\nAdem\u00e1s hay que tener una pol\u00edtica securitaria en el \u201cmientras tanto\u201d. Cierto \u201cprogresismo\u201d\u2013torpemente- parece desentenderse de esa agenda. Pero paraMacri no hay ning\u00fan \u201cmientras tanto\u201d. El \u2013su- programa neoliberal en curso refuerza \u201clas causas\u201d: es exclusi\u00f3n, privaci\u00f3n, m\u00e1s desigualdad. Su plan securitario no dar\u00e1 grandes soluciones tampoco, no ser\u00e1 cerrar el grifo, sino salir a atajar los chorros, acaso no pueda, ser\u00e1 m\u00e1s violencia social, m\u00e1s comisi\u00f3n de hechos de inseguridad.<br \/>\nLa agenda de la inclusi\u00f3n social, de construir un piso de derechos, un piso de dignidad, de integrar, de reparar grandes desigualdades no es la de este gobierno, ni tampoco parece ser la de forjar una aut\u00e9ntica seguridad democr\u00e1tica, aunque hay algo de meter manos en el asunto por tierras bonaerenses \u2013ser\u00e1 eso probablemente- tema de una futura columna.<\/p>\n","protected":false},"excerpt":{"rendered":"<p>Los medios de mayor llegada exponen episodios de linchamiento, de \u201cleg\u00edtima defensa\u201d, o nos ponen en primera plana la voz impotente, desgarrada de los familiares de las v\u00edctimas de episodios de robo en que se cargan vidas. Todo ello se replica en menor escala y se vuelve la cuesti\u00f3n del momento.<\/p>\n","protected":false},"author":8,"featured_media":0,"comment_status":"open","ping_status":"open","sticky":false,"template":"","format":"standard","meta":{"_jetpack_newsletter_access":"","_jetpack_dont_email_post_to_subs":false,"_jetpack_newsletter_tier_id":0,"_jetpack_memberships_contains_paywalled_content":false,"_jetpack_memberships_contains_paid_content":false,"footnotes":""},"categories":[64],"tags":[],"class_list":["post-88199","post","type-post","status-publish","format-standard","hentry","category-opinion"],"jetpack_featured_media_url":"","jetpack_shortlink":"https:\/\/wp.me\/p2JWE0-mWz","jetpack-related-posts":[{"id":106499,"url":"https:\/\/www.24baires.com\/?p=106499","url_meta":{"origin":88199,"position":0},"title":"Atacan la casa del intendente de Chacabuco en marcha por el crimen de la peluquera","author":"GB","date":"23\/01\/2019","format":false,"excerpt":"Vecinos de la localidad bonaerense de Chacabuco atacaron con piedras y huevos la casa del intendente local, V\u00edctor Aiola, en medio de un reclamo de justicia por el crimen de la peluquera Silvia Pereyra, ocurrido este fin de semana. El hecho se produjo anoche, en medio de una marcha convocada\u2026","rel":"","context":"En \u00abMunicipios\u00bb","block_context":{"text":"Municipios","link":"https:\/\/www.24baires.com\/?cat=44"},"img":{"alt_text":"","src":"https:\/\/i0.wp.com\/www.24baires.com\/wp-content\/uploads\/2019\/01\/marcha-chacabuco-300x200.jpg?resize=350%2C200","width":350,"height":200},"classes":[]},{"id":85695,"url":"https:\/\/www.24baires.com\/?p=85695","url_meta":{"origin":88199,"position":1},"title":"Glew: delincuente quiso dispararle a su v\u00edctima y mat\u00f3 a su c\u00f3mplice","author":"AF","date":"30\/07\/2016","format":false,"excerpt":"El incre\u00edble episodio ocurri\u00f3 en medio de un asalto. Mientras uno de los ladrones intentaba sacarle la mochila de un joven, el otro dispar\u00f3. La bala termin\u00f3 impactando en el cuerpo del asaltante y le produjo la muerte. Despu\u00e9s, la v\u00edctima del robo identific\u00f3 al joven que dispar\u00f3. Un delincuente\u2026","rel":"","context":"En \u00abPoliciales\u00bb","block_context":{"text":"Policiales","link":"https:\/\/www.24baires.com\/?cat=49"},"img":{"alt_text":"glew","src":"https:\/\/i0.wp.com\/www.24baires.com\/wp-content\/uploads\/2016\/07\/glew.jpg?resize=350%2C200","width":350,"height":200,"srcset":"https:\/\/i0.wp.com\/www.24baires.com\/wp-content\/uploads\/2016\/07\/glew.jpg?resize=350%2C200 1x, https:\/\/i0.wp.com\/www.24baires.com\/wp-content\/uploads\/2016\/07\/glew.jpg?resize=525%2C300 1.5x"},"classes":[]},{"id":507,"url":"https:\/\/www.24baires.com\/?p=507","url_meta":{"origin":88199,"position":2},"title":"Un recolector de residuos fue asesinado por dos \u00abmotochorros\u00bb en Moreno","author":"Grupo Sierra","date":"26\/09\/2012","format":false,"excerpt":"Un recolector de residuos fue asesinado por dos \"motochorros\" que le reprocharon que no corr\u00eda el cami\u00f3n de basura de la calle por donde escapaban tras haber asaltado a dos maestras en pleno centro de la localidad bonaerense de Moreno, informaron fuentes policiales. Por el hecho, la polic\u00eda detuvo a\u2026","rel":"","context":"En \u00abPoliciales\u00bb","block_context":{"text":"Policiales","link":"https:\/\/www.24baires.com\/?cat=49"},"img":{"alt_text":"","src":"","width":0,"height":0},"classes":[]},{"id":36241,"url":"https:\/\/www.24baires.com\/?p=36241","url_meta":{"origin":88199,"position":3},"title":"Di C\u00e9sare asumi\u00f3 la intendencia de General Alvarado","author":"AF","date":"05\/12\/2013","format":false,"excerpt":"En General Alvarado, jur\u00f3 como nuevo intendente Germ\u00e1n Di C\u00e9sare, que asume el Ejecutivo Municipal, luego de que Patricio Hogan se alejara para asumir su banca en el Senado provincial. En su discurso, Di C\u00e9sare se\u00f1al\u00f3 que \u201clos resultados obtenidos desde tiempo atr\u00e1s significan la aprobaci\u00f3n de un modelo de\u2026","rel":"","context":"En \u00abLocales\u00bb","block_context":{"text":"Locales","link":"https:\/\/www.24baires.com\/?cat=38"},"img":{"alt_text":"","src":"","width":0,"height":0},"classes":[]},{"id":50375,"url":"https:\/\/www.24baires.com\/?p=50375","url_meta":{"origin":88199,"position":4},"title":"Doce j\u00f3venes se suman a las denuncias por abuso en el boliche","author":"Grupo Sierra","date":"22\/07\/2014","format":false,"excerpt":"Cerca de una docena de chicas relataron episodios similares al que cont\u00f3 una joven de 19 a\u00f1os, que asegura haber sido violada por cuatro hombres en Balvanera. Revisan c\u00e1maras de seguridad para encontrar a los presuntos responsables. As\u00ed lo inform\u00f3 el abogado de la Asociaci\u00f3n de V\u00edctimas de Violaci\u00f3n (AVIVI),\u2026","rel":"","context":"En \u00abPoliciales\u00bb","block_context":{"text":"Policiales","link":"https:\/\/www.24baires.com\/?cat=49"},"img":{"alt_text":"vip boliches","src":"https:\/\/i0.wp.com\/www.24baires.com\/wp-content\/uploads\/2012\/11\/vip-boliches.jpg?resize=350%2C200","width":350,"height":200,"srcset":"https:\/\/i0.wp.com\/www.24baires.com\/wp-content\/uploads\/2012\/11\/vip-boliches.jpg?resize=350%2C200 1x, https:\/\/i0.wp.com\/www.24baires.com\/wp-content\/uploads\/2012\/11\/vip-boliches.jpg?resize=525%2C300 1.5x"},"classes":[]},{"id":13606,"url":"https:\/\/www.24baires.com\/?p=13606","url_meta":{"origin":88199,"position":5},"title":"Realizan pericias al auto del hombre baleado en la cabeza en cercan\u00edas de Olavarr\u00eda","author":"AF","date":"26\/01\/2013","format":false,"excerpt":"Personal de la Polic\u00eda Cient\u00edfica trabaj\u00f3 en el Volkswagen Bora de la v\u00edctima, que fue hallado abandonado horas despu\u00e9s del incidente. Lisardo Soria Santos contin\u00faa internado en terapia intensiva mientras avanza la investigaci\u00f3n para esclarecer el confuso episodio. Dos agentes de la Polic\u00eda Cient\u00edfica realizaron las pericias en el auto\u2026","rel":"","context":"En \u00abPoliciales\u00bb","block_context":{"text":"Policiales","link":"https:\/\/www.24baires.com\/?cat=49"},"img":{"alt_text":"bora baleado olav","src":"https:\/\/i0.wp.com\/www.24baires.com\/wp-content\/uploads\/2013\/01\/bora-baleado-olav-300x164.jpg?resize=350%2C200","width":350,"height":200},"classes":[]}],"jetpack_sharing_enabled":true,"jetpack_likes_enabled":true,"_links":{"self":[{"href":"https:\/\/www.24baires.com\/index.php?rest_route=\/wp\/v2\/posts\/88199","targetHints":{"allow":["GET"]}}],"collection":[{"href":"https:\/\/www.24baires.com\/index.php?rest_route=\/wp\/v2\/posts"}],"about":[{"href":"https:\/\/www.24baires.com\/index.php?rest_route=\/wp\/v2\/types\/post"}],"author":[{"embeddable":true,"href":"https:\/\/www.24baires.com\/index.php?rest_route=\/wp\/v2\/users\/8"}],"replies":[{"embeddable":true,"href":"https:\/\/www.24baires.com\/index.php?rest_route=%2Fwp%2Fv2%2Fcomments&post=88199"}],"version-history":[{"count":1,"href":"https:\/\/www.24baires.com\/index.php?rest_route=\/wp\/v2\/posts\/88199\/revisions"}],"predecessor-version":[{"id":88200,"href":"https:\/\/www.24baires.com\/index.php?rest_route=\/wp\/v2\/posts\/88199\/revisions\/88200"}],"wp:attachment":[{"href":"https:\/\/www.24baires.com\/index.php?rest_route=%2Fwp%2Fv2%2Fmedia&parent=88199"}],"wp:term":[{"taxonomy":"category","embeddable":true,"href":"https:\/\/www.24baires.com\/index.php?rest_route=%2Fwp%2Fv2%2Fcategories&post=88199"},{"taxonomy":"post_tag","embeddable":true,"href":"https:\/\/www.24baires.com\/index.php?rest_route=%2Fwp%2Fv2%2Ftags&post=88199"}],"curies":[{"name":"wp","href":"https:\/\/api.w.org\/{rel}","templated":true}]}}