{"id":88014,"date":"2016-09-27T12:00:01","date_gmt":"2016-09-27T15:00:01","guid":{"rendered":"http:\/\/www.24baires.com\/?p=88014"},"modified":"2016-09-27T11:33:02","modified_gmt":"2016-09-27T14:33:02","slug":"se-filtraron-por-whatsapp-los-numeros-de-telefono-de-cerca-de-cien-famosos","status":"publish","type":"post","link":"https:\/\/www.24baires.com\/?p=88014","title":{"rendered":"Se filtraron por WhatsApp los n\u00fameros de tel\u00e9fono de cerca de cien famosos"},"content":{"rendered":"<p><img data-recalc-dims=\"1\" loading=\"lazy\" decoding=\"async\" class=\"aligncenter size-full wp-image-83106\" src=\"https:\/\/i0.wp.com\/www.24baires.com\/wp-content\/uploads\/2016\/05\/macri-mirta.jpg?resize=560%2C302\" alt=\"macri mirta\" width=\"560\" height=\"302\" srcset=\"https:\/\/i0.wp.com\/www.24baires.com\/wp-content\/uploads\/2016\/05\/macri-mirta.jpg?w=560&amp;ssl=1 560w, https:\/\/i0.wp.com\/www.24baires.com\/wp-content\/uploads\/2016\/05\/macri-mirta.jpg?resize=300%2C162&amp;ssl=1 300w\" sizes=\"auto, (max-width: 560px) 100vw, 560px\" \/>Los datos de una parte de la comunidad art\u00edstica y period\u00edstica argentina se filtraron a trav\u00e9s de Whatsapp.<!--more--><\/p>\n<p>De Mirtha Legrand hasta Antonio Gasalla, los nombres, apellidos y tel\u00e9fonos de todos y todas quienes se encuentran entre la F y la Z circulan desde hace horas a trav\u00e9s de los tel\u00e9fonos celulares de los argentinos, en un archivo que revela lo que nadie quiere que se filtre.<\/p>\n<p>La lista muestra apellidos de famosos que incluyen a Bel\u00e9n Francese, Virginia Gallardo, Antonio Gasalla, Andrea Ghidone, Rocio Guirao D\u00edaz, Diego Korol, Mirtha Legrand, Luisana Lopilato, Claudia Villafa\u00f1e, Nicole Neumann, Enrique Pinti, Jorge Rial, Alejandra Prad\u00f3n, Florencia Pe\u00f1a, Luis Majul, An\u00edbal Pachano, Fernando Niembro, Catherine Fulop, Mariano I\u00fadica, Marcelo Polino y Guillermo L\u00f3pez. Dallys Ferreira, Anal\u00eda Franch\u00edn, Barby Franco, Brenda Gandini, Luciano Garbellano, Leo Garc\u00eda, Delfina Gerez Bosco, Danel G\u00f3mez Rinaldi, Sergio Gonal, Xoana Gonz\u00e1lez, Oscar Gonz\u00e1lez Oro.<\/p>\n<p>Tambi\u00e9n a Sergio Goycochea, Amalia Granata, Adabel Guerrero, Nacha Guevara, Nancy Herrera, Fernanda Iglesias, Marcelo Iripino, Krina Jelinek, Jey Mammon, Marcela Kloosterboer, Paola Krum, Bruno L\u00e1baque, Jorge Lanata, Miriam Lanzoni, Sergio Lapegue, Kenita Larra\u00edn, Alexandra Larsson, Eugenia Lemos, Macarena Lemos. Willy Lemos, Diego Leonardi, Jos\u00e9 Mar\u00eda Listorti, Violeta Lo Re, Dario Lopilato, Maju Lozano, Silvina Luna, Rodrigo Lussich, Florencia Maggi, Alejandra Maglietti, Luis Majul, Garbiela Mandato, Dalma y Lalo Maradona.<\/p>\n<p>Adem\u00e1s, se encuentran en la lista Roc\u00edo Marengo, Alberto Mart\u00edn, Mariano Mart\u00ednez, Gisella Marziotta, Noelia Marzol, Dolores Mayol, Oscar Mediavilla, Flavio Mendoza, Marianela Mirra, Erika Mitdank, \u00abLa Mole\u00bb Moli, Jorge Moliniers, Jimena Monteverde, Carlos Monti, Esteban Morais, Alejandro Muller, Celeste Muriega, Wanda, Zaira y Andr\u00e9s Nara, Manuel Navarrete, Nicole Neumann, Fernando Niembro, Betty Olave, Carolina Oltra.<\/p>\n<p>Tambi\u00e9n Sebasti\u00e1n Ortega, Sof\u00eda Pachano, Horacio Pagani, Flavia Palmiero, Germ\u00e1n Paoloski, Panam, Carolina Papaleo, Roberto Parra, Soledad Pastorutti, Facundo Pastor, Mariano Peluffo, Diego P\u00e9rez, Roberto Piazza, Noelia Pompa, Julieta Prandi, Coki Ram\u00edrez, Diego Ramos, Gast\u00f3n Recondo, Juana Repetto, Jorge Rial, Nicol\u00e1s Riera, Elio Rossi, Osvaldo Sabatini, \u00abCoco\u00bb Sily, Daniel \u00abLa Tota\u00bb Santill\u00e1n, Isabel Sarli, Soledad Silveyra, Guido S\u00fcller, Ra\u00fal Taibo, Paula Trapani, Luis Ventura, Paula Volpe y Sof\u00eda Z\u00e1molo.<\/p>\n","protected":false},"excerpt":{"rendered":"<p>Los datos de una parte de la comunidad art\u00edstica y period\u00edstica argentina se filtraron a trav\u00e9s de Whatsapp.<\/p>\n","protected":false},"author":4,"featured_media":0,"comment_status":"open","ping_status":"open","sticky":false,"template":"","format":"standard","meta":{"_jetpack_newsletter_access":"","_jetpack_dont_email_post_to_subs":false,"_jetpack_newsletter_tier_id":0,"_jetpack_memberships_contains_paywalled_content":false,"_jetpack_memberships_contains_paid_content":false,"footnotes":""},"categories":[41],"tags":[],"class_list":["post-88014","post","type-post","status-publish","format-standard","hentry","category-espectaculos"],"jetpack_featured_media_url":"","jetpack_shortlink":"https:\/\/wp.me\/p2JWE0-mTA","jetpack-related-posts":[{"id":62230,"url":"https:\/\/www.24baires.com\/?p=62230","url_meta":{"origin":88014,"position":0},"title":"Massa \u00abcholulo\u00bb busca figurar al lado de Mirtha Legrand","author":"Grupo Sierra","date":"24\/02\/2015","format":false,"excerpt":"El diputado fue al cumplea\u00f1os de la diva y dijo que lo hab\u00eda llamado \"el futuro presidente\". Su nieto, Nacho Viale, lo desminti\u00f3 y avergonz\u00f3. El diputado nacional Sergio Massa estuvo presente en la fiesta de cumplea\u00f1os de Mirtha Legrand y brind\u00f3 all\u00ed un discurso junto a la torta, para\u2026","rel":"","context":"En \u00abPol\u00edtica\u00bb","block_context":{"text":"Pol\u00edtica","link":"https:\/\/www.24baires.com\/?cat=51"},"img":{"alt_text":"massa mirtha legrand","src":"https:\/\/i0.wp.com\/www.24baires.com\/wp-content\/uploads\/2015\/02\/massa-mirtha-legrand.jpg?resize=350%2C200","width":350,"height":200,"srcset":"https:\/\/i0.wp.com\/www.24baires.com\/wp-content\/uploads\/2015\/02\/massa-mirtha-legrand.jpg?resize=350%2C200 1x, https:\/\/i0.wp.com\/www.24baires.com\/wp-content\/uploads\/2015\/02\/massa-mirtha-legrand.jpg?resize=525%2C300 1.5x"},"classes":[]},{"id":59920,"url":"https:\/\/www.24baires.com\/?p=59920","url_meta":{"origin":88014,"position":1},"title":"En medio del almuerzo, Adri\u00e1n Suar y Ricardo Dar\u00edn se levantaron de la mesa de Mirtha","author":"GB","date":"11\/01\/2015","format":false,"excerpt":"El productor de Pol-ka y el reconocido actor fueron invitados por la diva a la inauguraci\u00f3n de los almuerzos en Mar del Plata 2015. Este domingo se inauguraron los almuerzos en Mar del Plata 2015 conducidos por Mirtha Legrand. En su primera mesa del a\u00f1o, estuvieron invitados entre otros el\u2026","rel":"","context":"En \u00abEspectaculos\u00bb","block_context":{"text":"Espectaculos","link":"https:\/\/www.24baires.com\/?cat=41"},"img":{"alt_text":"darin y suar","src":"https:\/\/i0.wp.com\/www.24baires.com\/wp-content\/uploads\/2015\/01\/darin-y-suar.jpg?resize=350%2C200","width":350,"height":200,"srcset":"https:\/\/i0.wp.com\/www.24baires.com\/wp-content\/uploads\/2015\/01\/darin-y-suar.jpg?resize=350%2C200 1x, https:\/\/i0.wp.com\/www.24baires.com\/wp-content\/uploads\/2015\/01\/darin-y-suar.jpg?resize=525%2C300 1.5x"},"classes":[]},{"id":47287,"url":"https:\/\/www.24baires.com\/?p=47287","url_meta":{"origin":88014,"position":2},"title":"Alfano dura con Mirtha: \u00abTendr\u00eda que abdicar como el rey Juan Carlos\u00bb","author":"GB","date":"03\/06\/2014","format":false,"excerpt":"En una nota con \"Intrusos\", la jurado de Showmatch dispar\u00f3 contra la diva. Graciela Alfano dispar\u00f3 con munici\u00f3n gruesa contra Mirtha Legrand en una nota en \"Intrusos\", el programa de Jorge Rial. \"Mirtha ya podr\u00eda retirarse. Tendr\u00eda que abdicar como el rey Juan Carlos. No es necesario que siga compitiendo\",\u2026","rel":"","context":"En \u00abEspectaculos\u00bb","block_context":{"text":"Espectaculos","link":"https:\/\/www.24baires.com\/?cat=41"},"img":{"alt_text":"alfano mitha","src":"https:\/\/i0.wp.com\/www.24baires.com\/wp-content\/uploads\/2014\/06\/alfano-mitha.jpg?resize=350%2C200","width":350,"height":200,"srcset":"https:\/\/i0.wp.com\/www.24baires.com\/wp-content\/uploads\/2014\/06\/alfano-mitha.jpg?resize=350%2C200 1x, https:\/\/i0.wp.com\/www.24baires.com\/wp-content\/uploads\/2014\/06\/alfano-mitha.jpg?resize=525%2C300 1.5x"},"classes":[]},{"id":101268,"url":"https:\/\/www.24baires.com\/?p=101268","url_meta":{"origin":88014,"position":3},"title":"Dujovne patea el famoso \u00absegundo semestre\u00bb para 2020","author":"AF","date":"25\/03\/2018","format":false,"excerpt":"El ministro de Hacienda volvi\u00f3 a echarle la culpa a los subsidios. \"Estamos haciendo lo que hay que hacer\", dijo. El titular de la cartera de Hacienda y ministro estrella del gobierno de Cambiemos, Nicol\u00e1s Dujovne, se sent\u00f3 a la mesa de Mirtha Legrand y, desde all\u00ed, volvi\u00f3 a cargar\u2026","rel":"","context":"En \u00abPol\u00edtica\u00bb","block_context":{"text":"Pol\u00edtica","link":"https:\/\/www.24baires.com\/?cat=51"},"img":{"alt_text":"","src":"https:\/\/i0.wp.com\/www.24baires.com\/wp-content\/uploads\/2016\/12\/dujovne.jpg?resize=350%2C200","width":350,"height":200,"srcset":"https:\/\/i0.wp.com\/www.24baires.com\/wp-content\/uploads\/2016\/12\/dujovne.jpg?resize=350%2C200 1x, https:\/\/i0.wp.com\/www.24baires.com\/wp-content\/uploads\/2016\/12\/dujovne.jpg?resize=525%2C300 1.5x"},"classes":[]},{"id":83105,"url":"https:\/\/www.24baires.com\/?p=83105","url_meta":{"origin":88014,"position":4},"title":"Durante el almuerzo, Mirtha le dijo a Macri que \u00ablas tarifas est\u00e1n muy altas\u00bb","author":"GB","date":"24\/05\/2016","format":false,"excerpt":"El presidente Mauricio Macri almorz\u00f3 con la actriz y conductora Mirtha Legrand en la Casa Rosada, en donde la diva le plante\u00f3 que las tarifas de los servicios p\u00fablicos son \"muy altas\". \"Fue un encuentro fant\u00e1stico, buen\u00edsimo. Fue todo muy agradable\", sostuvo Legrand en di\u00e1logo con la prensa al salir\u2026","rel":"","context":"En \u00abPol\u00edtica\u00bb","block_context":{"text":"Pol\u00edtica","link":"https:\/\/www.24baires.com\/?cat=51"},"img":{"alt_text":"macri mirta","src":"https:\/\/i0.wp.com\/www.24baires.com\/wp-content\/uploads\/2016\/05\/macri-mirta.jpg?resize=350%2C200","width":350,"height":200,"srcset":"https:\/\/i0.wp.com\/www.24baires.com\/wp-content\/uploads\/2016\/05\/macri-mirta.jpg?resize=350%2C200 1x, https:\/\/i0.wp.com\/www.24baires.com\/wp-content\/uploads\/2016\/05\/macri-mirta.jpg?resize=525%2C300 1.5x"},"classes":[]},{"id":93292,"url":"https:\/\/www.24baires.com\/?p=93292","url_meta":{"origin":88014,"position":5},"title":"Dur\u00e1n Barba compar\u00f3 a Mirtha con una \u00abpiquetera\u00bb","author":"GB","date":"23\/03\/2017","format":false,"excerpt":"La conductora sigue recibiendo cuestionamientos de parte del Gobierno, tras el paso de Mauricio Macri por su programa el fin de semana pasado. El asesor presidencial Jaime Dur\u00e1n Barba no la iba a dejar pasar. Luego que Mirtha Legrand no tuviera muy buenas palabras hacia su figura durante la entrevista\u2026","rel":"","context":"En \u00abPol\u00edtica\u00bb","block_context":{"text":"Pol\u00edtica","link":"https:\/\/www.24baires.com\/?cat=51"},"img":{"alt_text":"","src":"https:\/\/i0.wp.com\/www.24baires.com\/wp-content\/uploads\/2016\/01\/dur%C3%A1n-barba.jpg?resize=350%2C200","width":350,"height":200,"srcset":"https:\/\/i0.wp.com\/www.24baires.com\/wp-content\/uploads\/2016\/01\/dur%C3%A1n-barba.jpg?resize=350%2C200 1x, https:\/\/i0.wp.com\/www.24baires.com\/wp-content\/uploads\/2016\/01\/dur%C3%A1n-barba.jpg?resize=525%2C300 1.5x"},"classes":[]}],"jetpack_sharing_enabled":true,"jetpack_likes_enabled":true,"_links":{"self":[{"href":"https:\/\/www.24baires.com\/index.php?rest_route=\/wp\/v2\/posts\/88014","targetHints":{"allow":["GET"]}}],"collection":[{"href":"https:\/\/www.24baires.com\/index.php?rest_route=\/wp\/v2\/posts"}],"about":[{"href":"https:\/\/www.24baires.com\/index.php?rest_route=\/wp\/v2\/types\/post"}],"author":[{"embeddable":true,"href":"https:\/\/www.24baires.com\/index.php?rest_route=\/wp\/v2\/users\/4"}],"replies":[{"embeddable":true,"href":"https:\/\/www.24baires.com\/index.php?rest_route=%2Fwp%2Fv2%2Fcomments&post=88014"}],"version-history":[{"count":1,"href":"https:\/\/www.24baires.com\/index.php?rest_route=\/wp\/v2\/posts\/88014\/revisions"}],"predecessor-version":[{"id":88016,"href":"https:\/\/www.24baires.com\/index.php?rest_route=\/wp\/v2\/posts\/88014\/revisions\/88016"}],"wp:attachment":[{"href":"https:\/\/www.24baires.com\/index.php?rest_route=%2Fwp%2Fv2%2Fmedia&parent=88014"}],"wp:term":[{"taxonomy":"category","embeddable":true,"href":"https:\/\/www.24baires.com\/index.php?rest_route=%2Fwp%2Fv2%2Fcategories&post=88014"},{"taxonomy":"post_tag","embeddable":true,"href":"https:\/\/www.24baires.com\/index.php?rest_route=%2Fwp%2Fv2%2Ftags&post=88014"}],"curies":[{"name":"wp","href":"https:\/\/api.w.org\/{rel}","templated":true}]}}