{"id":8767,"date":"2012-12-11T21:33:48","date_gmt":"2012-12-12T00:33:48","guid":{"rendered":"http:\/\/www.24baires.com\/?p=8767"},"modified":"2012-12-12T13:57:38","modified_gmt":"2012-12-12T16:57:38","slug":"otra-vez-la-verguenza-judicial-absolvieron-a-todos-los-imputados-en-el-caso-marita-veron","status":"publish","type":"post","link":"https:\/\/www.24baires.com\/?p=8767","title":{"rendered":"Otra vez la verg\u00fcenza judicial: Absolvieron a todos los imputados en el Caso Marita Ver\u00f3n"},"content":{"rendered":"<p><img data-recalc-dims=\"1\" loading=\"lazy\" decoding=\"async\" class=\"aligncenter size-full wp-image-8768\" title=\"marita veron juicio\" src=\"https:\/\/i0.wp.com\/www.24baires.com\/wp-content\/uploads\/2012\/12\/marita-veron-juicio.jpg?resize=560%2C373\" alt=\"\" width=\"560\" height=\"373\" srcset=\"https:\/\/i0.wp.com\/www.24baires.com\/wp-content\/uploads\/2012\/12\/marita-veron-juicio.jpg?w=560&amp;ssl=1 560w, https:\/\/i0.wp.com\/www.24baires.com\/wp-content\/uploads\/2012\/12\/marita-veron-juicio.jpg?resize=300%2C199&amp;ssl=1 300w\" sizes=\"auto, (max-width: 560px) 100vw, 560px\" \/><\/p>\n<p>El tribunal que integran los jueces Alberto Piedrabuena, Emilio Herrera Molina y Eduardo Romero Lascano, absolvi\u00f3 a los 13 acusados del secuestro y desaparici\u00f3n en 2002 de la joven Marita Ver\u00f3n, v\u00edctima de una red de trata de personas.<!--more--><\/p>\n<p>La lectura del fallo, cuyo inicio demor\u00f3 mas de cuatro horas del horario establecido originalmente por el Tribunal, fue dictada por la sala dos de la C\u00e1mara Penal de Tucum\u00e1n, lugar donde se desarroll\u00f3 todo el juicio oral, que tuvo diez meses de duraci\u00f3n.<\/p>\n<p>La lectura del fallo involucr\u00f3 a los acusados V\u00edctor \u00c1ngel Rivero, Mar\u00eda Jes\u00fas Rivero, Irma Lidia Medina, sus hijos Gonzalo y Jose G\u00f3mez, Daniela Milhein, Alejandro Gonz\u00e1lez, Humberto Derobertis, Paola Gait\u00e1n, Mariana Bustos, Carlos Luna, Azucena M\u00e1rquez y Domingo Andrada.<\/p>\n","protected":false},"excerpt":{"rendered":"<p>El tribunal que integran los jueces Alberto Piedrabuena, Emilio Herrera Molina y Eduardo Romero Lascano, absolvi\u00f3 a los 13 acusados del secuestro y desaparici\u00f3n en 2002 de la joven Marita Ver\u00f3n, v\u00edctima de una red de trata de personas.<\/p>\n","protected":false},"author":11,"featured_media":0,"comment_status":"open","ping_status":"open","sticky":false,"template":"","format":"standard","meta":{"_jetpack_newsletter_access":"","_jetpack_dont_email_post_to_subs":false,"_jetpack_newsletter_tier_id":0,"_jetpack_memberships_contains_paywalled_content":false,"_jetpack_memberships_contains_paid_content":false,"footnotes":""},"categories":[1],"tags":[],"class_list":["post-8767","post","type-post","status-publish","format-standard","hentry","category-sociedad"],"jetpack_featured_media_url":"","jetpack_shortlink":"https:\/\/wp.me\/p2JWE0-2hp","jetpack-related-posts":[{"id":43415,"url":"https:\/\/www.24baires.com\/?p=43415","url_meta":{"origin":8767,"position":0},"title":"Pedir\u00e1n 25 a\u00f1os de c\u00e1rcel para los acusados por el secuestro de Marita Ver\u00f3n","author":"Grupo Sierra","date":"06\/04\/2014","format":false,"excerpt":"Carlos Garmendia, abogado de Susana Trimarco, anunci\u00f3 que solicitar\u00e1 \"el m\u00e1ximo de la pena, que es de 25 a\u00f1os\", para los diez acusados de haber secuestrado a Marita Ver\u00f3n hace 12 a\u00f1os. \"Esperamos que la fiscal\u00eda pida lo mismo y que por fin se haga justicia\", dijo. \"Esperamos que la\u2026","rel":"","context":"En \u00abJUDICIALES\u00bb","block_context":{"text":"JUDICIALES","link":"https:\/\/www.24baires.com\/?cat=68"},"img":{"alt_text":"marita ver\u00f3n2","src":"https:\/\/i0.wp.com\/www.24baires.com\/wp-content\/uploads\/2013\/04\/marita-ver%C3%B3n2.jpg?resize=350%2C200","width":350,"height":200,"srcset":"https:\/\/i0.wp.com\/www.24baires.com\/wp-content\/uploads\/2013\/04\/marita-ver%C3%B3n2.jpg?resize=350%2C200 1x, https:\/\/i0.wp.com\/www.24baires.com\/wp-content\/uploads\/2013\/04\/marita-ver%C3%B3n2.jpg?resize=525%2C300 1.5x"},"classes":[]},{"id":37092,"url":"https:\/\/www.24baires.com\/?p=37092","url_meta":{"origin":8767,"position":1},"title":"\u00abEl fallo es una luz de esperanza en la lucha contra la trata\u00bb asegur\u00f3 Susana Trimarco","author":"GB","date":"18\/12\/2013","format":false,"excerpt":"Susana Trimarco, madre de Marita Ver\u00f3n, se refiri\u00f3 as\u00ed al fallo que revoc\u00f3 la absoluci\u00f3n de 10 de los 13 acusados por el secuestro y desaparici\u00f3n de su hija en 2002. Fue al salir de la Casa Rosada. El fallo de la Corte Suprema de Justicia de Tucum\u00e1n, que ayer\u2026","rel":"","context":"En \u00abSociedad\u00bb","block_context":{"text":"Sociedad","link":"https:\/\/www.24baires.com\/?cat=1"},"img":{"alt_text":"trimarco","src":"https:\/\/i0.wp.com\/www.24baires.com\/wp-content\/uploads\/2012\/11\/trimarco.jpg?resize=350%2C200","width":350,"height":200},"classes":[]},{"id":37142,"url":"https:\/\/www.24baires.com\/?p=37142","url_meta":{"origin":8767,"position":2},"title":"Caso Marita Ver\u00f3n: designaron a los jueces que dictar\u00e1n las penas a los condenados","author":"GB","date":"19\/12\/2013","format":false,"excerpt":"Los magistrados Emilio P\u00e1ez de la Torre, Dante Iba\u00f1ez y Mar\u00eda Elisa Molina integrar\u00e1n la Sala II de la C\u00e1mara Penal, en la que otorgar\u00e1n las penas a los condenados en el marco del juicio por el secuestro y desaparici\u00f3n de Marita Ver\u00f3n en 2002. Los jueces que decidir\u00e1n las\u2026","rel":"","context":"En \u00abJUDICIALES\u00bb","block_context":{"text":"JUDICIALES","link":"https:\/\/www.24baires.com\/?cat=68"},"img":{"alt_text":"","src":"","width":0,"height":0},"classes":[]},{"id":20074,"url":"https:\/\/www.24baires.com\/?p=20074","url_meta":{"origin":8767,"position":3},"title":"Caso Marita Ver\u00f3n: acusan a los Jueces y se inicia el Jury de enjuiciamiento","author":"AF","date":"03\/04\/2013","format":false,"excerpt":"La medida fue votada por la Legislatura provincial. Se trata de dos de los tres magistrados que absolvieron a los 13 imputados por el secuestro de la joven. La comisi\u00f3n de Juicio Pol\u00edtico de la Legislatura provincial decidi\u00f3 acusar a los jueces que absolvieron a los 13 imputados en el\u2026","rel":"","context":"En \u00abSociedad\u00bb","block_context":{"text":"Sociedad","link":"https:\/\/www.24baires.com\/?cat=1"},"img":{"alt_text":"marita ver\u00f3n2","src":"https:\/\/i0.wp.com\/www.24baires.com\/wp-content\/uploads\/2013\/04\/marita-ver%C3%B3n2.jpg?resize=350%2C200","width":350,"height":200,"srcset":"https:\/\/i0.wp.com\/www.24baires.com\/wp-content\/uploads\/2013\/04\/marita-ver%C3%B3n2.jpg?resize=350%2C200 1x, https:\/\/i0.wp.com\/www.24baires.com\/wp-content\/uploads\/2013\/04\/marita-ver%C3%B3n2.jpg?resize=525%2C300 1.5x"},"classes":[]},{"id":8638,"url":"https:\/\/www.24baires.com\/?p=8638","url_meta":{"origin":8767,"position":4},"title":"Susana Trimarco: \u00abPudimos desnudar el delito de la trata de personas\u00bb","author":"AF","date":"10\/12\/2012","format":false,"excerpt":"La madre de Marita Ver\u00f3n, v\u00edctima de una red de trata de personas, asegur\u00f3 a un d\u00eda de conocerse la sentencia por el secuestro, que no lucha s\u00f3lo por su hija sino por muchas chicas que pudieron ser rescatadas a lo largo de estos diez a\u00f1os. Susana Trimarco, madre de\u2026","rel":"","context":"En \u00abMemoria\u00bb","block_context":{"text":"Memoria","link":"https:\/\/www.24baires.com\/?cat=50"},"img":{"alt_text":"","src":"","width":0,"height":0},"classes":[]},{"id":4721,"url":"https:\/\/www.24baires.com\/?p=4721","url_meta":{"origin":8767,"position":5},"title":"Caso Marita Ver\u00f3n: termin\u00f3 otra jornada de alegatos","author":"AF","date":"07\/11\/2012","format":false,"excerpt":"Una nueva jornada de alegatos se cumpli\u00f3 en el juicio por la desaparici\u00f3n de Marita Ver\u00f3n y, tal como sucedi\u00f3 en las audiencias anteriores, los abogados solicitaron la absoluci\u00f3n de los imputados que defienden. Roberto Flores y Luis Acosta, defensores de Paola Gait\u00e1n y Carlos Luna, respectivamente, buscaron desmostrar que\u2026","rel":"","context":"En \u00abSociedad\u00bb","block_context":{"text":"Sociedad","link":"https:\/\/www.24baires.com\/?cat=1"},"img":{"alt_text":"","src":"https:\/\/i0.wp.com\/www.24baires.com\/wp-content\/uploads\/2012\/11\/trimarco.jpg?resize=350%2C200","width":350,"height":200},"classes":[]}],"jetpack_sharing_enabled":true,"jetpack_likes_enabled":true,"_links":{"self":[{"href":"https:\/\/www.24baires.com\/index.php?rest_route=\/wp\/v2\/posts\/8767","targetHints":{"allow":["GET"]}}],"collection":[{"href":"https:\/\/www.24baires.com\/index.php?rest_route=\/wp\/v2\/posts"}],"about":[{"href":"https:\/\/www.24baires.com\/index.php?rest_route=\/wp\/v2\/types\/post"}],"author":[{"embeddable":true,"href":"https:\/\/www.24baires.com\/index.php?rest_route=\/wp\/v2\/users\/11"}],"replies":[{"embeddable":true,"href":"https:\/\/www.24baires.com\/index.php?rest_route=%2Fwp%2Fv2%2Fcomments&post=8767"}],"version-history":[{"count":3,"href":"https:\/\/www.24baires.com\/index.php?rest_route=\/wp\/v2\/posts\/8767\/revisions"}],"predecessor-version":[{"id":8772,"href":"https:\/\/www.24baires.com\/index.php?rest_route=\/wp\/v2\/posts\/8767\/revisions\/8772"}],"wp:attachment":[{"href":"https:\/\/www.24baires.com\/index.php?rest_route=%2Fwp%2Fv2%2Fmedia&parent=8767"}],"wp:term":[{"taxonomy":"category","embeddable":true,"href":"https:\/\/www.24baires.com\/index.php?rest_route=%2Fwp%2Fv2%2Fcategories&post=8767"},{"taxonomy":"post_tag","embeddable":true,"href":"https:\/\/www.24baires.com\/index.php?rest_route=%2Fwp%2Fv2%2Ftags&post=8767"}],"curies":[{"name":"wp","href":"https:\/\/api.w.org\/{rel}","templated":true}]}}