{"id":87661,"date":"2016-09-18T13:00:10","date_gmt":"2016-09-18T16:00:10","guid":{"rendered":"http:\/\/www.24baires.com\/?p=87661"},"modified":"2016-09-18T13:21:56","modified_gmt":"2016-09-18T16:21:56","slug":"los-verdaderos-monstruos","status":"publish","type":"post","link":"https:\/\/www.24baires.com\/?p=87661","title":{"rendered":"Los verdaderos monstruos"},"content":{"rendered":"<p><img data-recalc-dims=\"1\" loading=\"lazy\" decoding=\"async\" class=\"aligncenter size-full wp-image-87662\" src=\"https:\/\/i0.wp.com\/www.24baires.com\/wp-content\/uploads\/2016\/09\/carnicero.png?resize=560%2C316\" alt=\"carnicero\" width=\"560\" height=\"316\" srcset=\"https:\/\/i0.wp.com\/www.24baires.com\/wp-content\/uploads\/2016\/09\/carnicero.png?w=560&amp;ssl=1 560w, https:\/\/i0.wp.com\/www.24baires.com\/wp-content\/uploads\/2016\/09\/carnicero.png?resize=300%2C169&amp;ssl=1 300w\" sizes=\"auto, (max-width: 560px) 100vw, 560px\" \/>Vale m\u00e1s un carnicero enojado, sacado de su eje. Vale m\u00e1s un bot\u00edn robado. Vale m\u00e1s el auto que lo pisa. Vale m\u00e1s la bala que los mata. Todo vale m\u00e1s que la vida de un chorro. Si hay muchos, sobran por todos lados. Si cuando muere (matan) a un pibe que afana lo primero que se dice es \u201cun chorro menos\u201d, pero la realidad es que el \u00fanico resultado no es \u00e9se, sino otro m\u00e1s crudo: un asesino m\u00e1s.<!--more--><\/p>\n<p>Porque no alcanza se\u00f1alar a cada pibe con gorrita o capucha. No alcanza con tenerle miedo a cualquier morocho que te cruza por la calle a la noche. No alcanza sentirlo ajeno, otro. Tambi\u00e9n debe morir. Porque en su muerte hay un descanso, un alivio: uno menos que pod\u00eda robarme a m\u00ed.<\/p>\n<p>Esa l\u00f3gica monstruosa impera. Nos han ense\u00f1ado a ponernos unas gafas oscuras, por donde vemos el mundo dividido entre ellos y nosotros. Las gafas del capitalismo salvaje, que opera como una religi\u00f3n perversa, la que m\u00e1s fieles tiene en el mundo. Es un fanatismo irracional, como todos los fanatismo, es violenta, siniestra: es una m\u00e1quina perfecta de excluir. Y esos anteojos con los que vemos el mundo, nos regalan la seguridad del temor al otro, porque el otro no soy yo. Y como nos ense\u00f1aron que hay que tenerle miedo a lo desconocido, ese miedo nos habilita a cualquier cosa, porque tambi\u00e9n aprendimos que nosotros valemos m\u00e1s que el otro, el distinto. Y si ese otro es negro y pobre, pierde cualquier derecho, hasta el de vivir.<\/p>\n<p>Entonces, tras esos cristales empa\u00f1ados de odio y consumismo, podemos pisar las cabezas con gorrita o capucha. Porque nos ense\u00f1aron a pensar a los pibes chorros como monstruos que andan al acecho de nuestros preciados bienes. Bienes que estos chicos tambi\u00e9n aprendieron a querer, porque el capitalismo llega a todos lados, seduce con ese invento tan suyo que nos genera necesidades que en realidad no tenemos, se mete entre los resquicios de las chapas de los techos de las villas, atraviesa las maderas de las casillas, ametralla mostrando todo lo que no pueden ser, todo lo que no pueden tener: el capitalismo no distingue presas. Es la jungla neoliberal, brutal, despiadada, meritocr\u00e1tica.<\/p>\n<p>Y cuando el miedo y el odio se combinan, nacen los verdaderos monstruos, que pueden subirse a un auto, perseguir a un pibe y atropellarlo contra un poste. Y otros mosntruos aplauden ese accionar y piensan pero qu\u00e9 bien, uno menos, y no ven, (no pueden, tienen incrustadas esas gafas en la cara) como se van reproduciendo engendros, esperpentos que se relamen en la sangre derramada. Que no quieren comprender el desastre que es para todos y todas por igual la falta de oportunidades, el hambre, el abandono. Porque ellos quieren pertenecer, sentirse parte de esa \u00e9lite de mierda que se cree que est\u00e1 arriba de los dem\u00e1s porque tiene. Tiene cosas. Y piensa que esas cosas valen m\u00e1s que la vida de ese que viene a quit\u00e1rnoslas. Pero no hacen nada m\u00e1s que aferrar fuerte, con pasi\u00f3n amorosa, esas cosas. Gru\u00f1endo al que pasa demasiado cerca y las mira con ganas, y mordiendo al que las toca.<\/p>\n<p>Y no, no est\u00e1 bien que nos arrebaten lo propio. Tampoco est\u00e1 bien que haya gente que no tenga acceso a nada de eso. Porque est\u00e1 pensado as\u00ed: para que unos lleguen ah\u00ed y otros no, sino \u00bfc\u00f3mo va a ser importante lo que tengo? \u00bfc\u00f3mo me va a dar ese estatus que anhelo si es algo com\u00fan, que todos poseen? Est\u00e1 pensado para que unos accedan a ese escal\u00f3n mentiroso, y otros miren desde abajo, masticando la bronca de los desechos.<\/p>\n<p>Hace unos a\u00f1os en Mar del Plata quisieron linchar a un nene de 8 a\u00f1os que hab\u00eda entrado a un negocio de ropa a robar. Lo patearon en el piso, contra un \u00e1rbol. Y muchos creyeron que eso era lo correcto, que ese nenito iba a crecer, iba a ser un chorro m\u00e1s grande e iba a volver a hacer eso. Hay que exterminarlos desde chiquitos, dec\u00edan. Porque la l\u00f3gica monstruosa indica que vos pod\u00e9s poner por delante de esa vida lo que a vos te cost\u00f3 llegar ah\u00ed, tener lo que ten\u00e9s, mantenerlo, pero nunca, jam\u00e1s, pensar siquiera en por qu\u00e9 ese nene de ocho a\u00f1os entra a robar a un negocio. Si comi\u00f3 hoy, si va a la escuela, si toda la adversidad de este mundo no lo cag\u00f3 ya demasiado a trompadas, aunque aun ni cumpli\u00f3<\/p>\n<p>los dos d\u00edgitos. No, hay que aplastarle la cabecita, en el piso, con la zapatilla que \u00e9l quiere y no se puede comprar.<\/p>\n<p>Qu\u00e9 mundo, \u00e9ste. Qu\u00e9 injusto. Qu\u00e9 desigual. Nos muestran todo el tiempo lo que no podemos tener, lo que no podemos ser. Y nos ense\u00f1a a odiar al otro porque es diferente. Y ese odio planta en nuestras mentes la semilla de la destrucci\u00f3n, porque no hay vuelta atr\u00e1s cuando un Presidente justifica un crimen, sin hacerse cargo del desastre que eso significa: un laburante asesina a un pibe. La historia fr\u00eda es esa. Pero Macri nunca estuvo del otro lado, no sabe lo que es el martilleo perverso del capitalismo, la repetici\u00f3n de pesadilla de la necesidad acuciante. Entonces, porque es un ignorante incapaz de la m\u00ednima empat\u00eda, avala un homicidio.<\/p>\n<p>Horror. Siento horror. Y mucho miedo. Nos gobiernan estos tipos, que piensan as\u00ed y fueron votados por m\u00e1s de la mitad de la sociedad. Que dicen que est\u00e1 bien matar, quitar la vida al que es diferente, a ese que ellos tambi\u00e9n se\u00f1alan como \u201cel otro\u201d.<\/p>\n<p>Ellos son los que deber\u00edan estar ah\u00ed por ese \u201cotro\u201d. Satisfaciendo sus necesidades b\u00e1sicas, garantiz\u00e1ndoles los derechos que este mundo les arrebat\u00f3 antes de nacer. Pero no, no vinieron a eso, vinieron a reforzar la diferencia, a ensanchar la brecha, a empujar al abismo que siguen construyendo a cualquiera que no se adapte a un pa\u00eds para pocos, a los que siempre estuvieron postergados, los que ya no pueden escuchar el ruido que hacen todo el d\u00eda las tripas vac\u00edas, porque \u00e9se es ya el \u00fanico silencio que existe.<\/p>\n<p>Porque no son prioridad, ya no hay pol\u00edticas p\u00fablicas para mejorarle la calidad de vida a los que menos tienen, los pobres son un problema que s\u00f3lo se resuelve empuj\u00e1ndolos a esa grieta cada vez m\u00e1s amplia, a ese precipicio. Porque para ellos todos los pobres son chorros en potencia. Todos los negros de este pa\u00eds, son los otros. Los separan, los a\u00edslan, los ocultan. Y los matan, cuando sea posible. Porque no valen. Porque sobran en este sistema mal parido. Porque son un peligro, porque no son nosotros.<\/p>\n<p>Lo \u00fanico que va a hacer Macri es generar m\u00e1s pobres. Cada vez m\u00e1s gente pasa hambre: hacer tres horas de cola por un paquete de acelga o tres manzanas es tener hambre. Hambre. Y eso es lo que que hay que resolver. No habilitar desde el c\u00f3modo sill\u00f3n de Rivadavia una mal llamada justicia por mano propia, que en realidad es un balde ruin lleno de sangre que creemos ajena, donde podemos hundir los dedos, lavarnos la cara para despu\u00e9s relamernos el sabor met\u00e1lico de los labios con el regocijo de pensar que no es nuestra, que el gusto es a muerte ajena. Porque ese rojo es de otro. Y hay muchos otros, hay mucha sangre que beber de esa copa capitalista que nunca va a derramar nada.<\/p>\n<p>Venimos de a\u00f1os construyendo escuelas, vivimos meses donde la prioridad es edificar c\u00e1rceles. Lo que falt\u00f3 hacer es obvio, mucho. Pero ahora la diferencia es demasiado notoria, unos queremos meter a los pibes en aulas, los que nos gobiernan ahora, en prisi\u00f3n. Hasta por las dudas. Este sistema prefiere las balas a las tizas, porque las tizas empoderan, liberan. Y nos quieren sumisos y obedientes. No nos quieren educados, nos quieren pobres, llenando Plaza de Mayo por un poquito de verdura gratis.<\/p>\n<p>Los monstruos existen. No usan gorrita ni capucha. Se ponen los trajes m\u00e1s caros, manejan los autos de la gama m\u00e1s alta, la que tiene tapizados que reaccionan al color de piel. Los monstruos existen, y nos piden que nos matemos entre nosotros. Porque el hambre no es la verdadera bestia, sino el que decide sacarnos la comida de la boca. Fijate, \u00bfqu\u00e9 gusto tiene la sangre de tus manos? Fijate de nuevo, porque esa sangre, aunque no quieras, aunque no entiendas, es tambi\u00e9n la tuya.<\/p>\n","protected":false},"excerpt":{"rendered":"<p>Vale m\u00e1s un carnicero enojado, sacado de su eje. Vale m\u00e1s un bot\u00edn robado. Vale m\u00e1s el auto que lo pisa. Vale m\u00e1s la bala que los mata. Todo vale m\u00e1s que la vida de un chorro. Si hay muchos, sobran por todos lados. Si cuando muere (matan) a un pibe que afana lo primero que se dice es \u201cun [&#8230;]<\/p>\n","protected":false},"author":4,"featured_media":0,"comment_status":"open","ping_status":"open","sticky":false,"template":"","format":"standard","meta":{"_jetpack_newsletter_access":"","_jetpack_dont_email_post_to_subs":false,"_jetpack_newsletter_tier_id":0,"_jetpack_memberships_contains_paywalled_content":false,"_jetpack_memberships_contains_paid_content":false,"footnotes":""},"categories":[64],"tags":[],"class_list":["post-87661","post","type-post","status-publish","format-standard","hentry","category-opinion"],"jetpack_featured_media_url":"","jetpack_shortlink":"https:\/\/wp.me\/p2JWE0-mNT","jetpack-related-posts":[{"id":48707,"url":"https:\/\/www.24baires.com\/?p=48707","url_meta":{"origin":87661,"position":0},"title":"\u00abYa no estamos con el mensaje de no te drogues, sino de cuid\u00e1 tu vida\u00bb","author":"GB","date":"25\/06\/2014","format":false,"excerpt":"El problema del abuso de las drogas \"no es s\u00f3lo del Estado sino de toda la sociedad\", asegur\u00f3 el titular de la Sedronar, Juan Carlos Molina, quien llam\u00f3 la atenci\u00f3n sobre el \u201ccambio de paradigma\u201d porque \u201cya no estamos con el mensaje de `no te drogues` sino con el de\u2026","rel":"","context":"En \u00abSociedad\u00bb","block_context":{"text":"Sociedad","link":"https:\/\/www.24baires.com\/?cat=1"},"img":{"alt_text":"juan carlos molina","src":"https:\/\/i0.wp.com\/www.24baires.com\/wp-content\/uploads\/2013\/11\/juan-carlos-molina.jpg?resize=350%2C200","width":350,"height":200,"srcset":"https:\/\/i0.wp.com\/www.24baires.com\/wp-content\/uploads\/2013\/11\/juan-carlos-molina.jpg?resize=350%2C200 1x, https:\/\/i0.wp.com\/www.24baires.com\/wp-content\/uploads\/2013\/11\/juan-carlos-molina.jpg?resize=525%2C300 1.5x"},"classes":[]},{"id":46745,"url":"https:\/\/www.24baires.com\/?p=46745","url_meta":{"origin":87661,"position":1},"title":"\u00bfY los indignados?","author":"AF","date":"26\/05\/2014","format":false,"excerpt":"\u00bfY los indignados? \u00bfD\u00f3nde est\u00e1n los indignados de la vida que se desgarran las vestiduras ante todo lo que no les gusta o les hace caer mal alguna de sus cuatro comidas diarias? \u00bfD\u00f3nde est\u00e1 ahora reclamando por los derechos de un muchacho golpeado, humillado y atado a dos maderas\u2026","rel":"","context":"En \u00abOpini\u00f3n\u00bb","block_context":{"text":"Opini\u00f3n","link":"https:\/\/www.24baires.com\/?cat=64"},"img":{"alt_text":"crucificado","src":"https:\/\/i0.wp.com\/www.24baires.com\/wp-content\/uploads\/2014\/05\/crucificado.jpg?resize=350%2C200","width":350,"height":200,"srcset":"https:\/\/i0.wp.com\/www.24baires.com\/wp-content\/uploads\/2014\/05\/crucificado.jpg?resize=350%2C200 1x, https:\/\/i0.wp.com\/www.24baires.com\/wp-content\/uploads\/2014\/05\/crucificado.jpg?resize=525%2C300 1.5x"},"classes":[]},{"id":49610,"url":"https:\/\/www.24baires.com\/?p=49610","url_meta":{"origin":87661,"position":2},"title":"Carri\u00f3 dijo que Boudou es \u00abun pibe chorro de Puerto Madero\u00bb","author":"AF","date":"10\/07\/2014","format":false,"excerpt":"\"Que llegue a tener la Presidencia un pibe chorro de Puerto Madero es la degradaci\u00f3n de la Rep\u00fablica\", asegur\u00f3 la diputada y precandidata presidencial del FAUnen. La diputada y precandidata presidencial del Frente Amplio Unen, Elisa Carri\u00f3, apunt\u00f3 este mi\u00e9rcoles al vicepresidente Amado Boudou por encabezar el acto oficial por\u2026","rel":"","context":"En \u00abPol\u00edtica\u00bb","block_context":{"text":"Pol\u00edtica","link":"https:\/\/www.24baires.com\/?cat=51"},"img":{"alt_text":"carri\u00f3","src":"https:\/\/i0.wp.com\/www.24baires.com\/wp-content\/uploads\/2013\/12\/carri%C3%B3.jpg?resize=350%2C200","width":350,"height":200,"srcset":"https:\/\/i0.wp.com\/www.24baires.com\/wp-content\/uploads\/2013\/12\/carri%C3%B3.jpg?resize=350%2C200 1x, https:\/\/i0.wp.com\/www.24baires.com\/wp-content\/uploads\/2013\/12\/carri%C3%B3.jpg?resize=525%2C300 1.5x"},"classes":[]},{"id":99012,"url":"https:\/\/www.24baires.com\/?p=99012","url_meta":{"origin":87661,"position":3},"title":"A traici\u00f3n","author":"Grupo Sierra","date":"27\/11\/2017","format":false,"excerpt":"Lo hacen para que nos acostumbremos. Lo hacen para que aprendamos a vivir con este miedo que ellos construyen a diario. Lo hacen para que nos alivie pensar que esta vez lo malo le pas\u00f3 a otro, y no saquemos mucho la cabeza de este agujero, que es el miedo,\u2026","rel":"","context":"En \u00abOpini\u00f3n\u00bb","block_context":{"text":"Opini\u00f3n","link":"https:\/\/www.24baires.com\/?cat=64"},"img":{"alt_text":"","src":"https:\/\/i0.wp.com\/www.24baires.com\/wp-content\/uploads\/2017\/11\/rafa.jpg?resize=350%2C200","width":350,"height":200,"srcset":"https:\/\/i0.wp.com\/www.24baires.com\/wp-content\/uploads\/2017\/11\/rafa.jpg?resize=350%2C200 1x, https:\/\/i0.wp.com\/www.24baires.com\/wp-content\/uploads\/2017\/11\/rafa.jpg?resize=525%2C300 1.5x"},"classes":[]},{"id":21220,"url":"https:\/\/www.24baires.com\/?p=21220","url_meta":{"origin":87661,"position":4},"title":"Bah\u00eda Blanca: atan con una cadena a pibe de 12 a\u00f1os para que no se drogue ni salga a robar","author":"AF","date":"17\/04\/2013","format":false,"excerpt":"Desesperada, Patricia Ag\u00fcero cont\u00f3 que ata a su hijo Marcos con una cadena y que debi\u00f3 poner una reja en su pieza para que no le robe. \"El pap\u00e1 le quiso quemar las manos para que deje de hacer todo esto\", se\u00f1al\u00f3. Patricia Ag\u00fcero tiene 29 a\u00f1os y es la\u2026","rel":"","context":"En \u00abLocales\u00bb","block_context":{"text":"Locales","link":"https:\/\/www.24baires.com\/?cat=38"},"img":{"alt_text":"nenes drogas","src":"https:\/\/i0.wp.com\/www.24baires.com\/wp-content\/uploads\/2013\/04\/nenes-drogas-300x224.jpg?resize=350%2C200","width":350,"height":200},"classes":[]},{"id":48443,"url":"https:\/\/www.24baires.com\/?p=48443","url_meta":{"origin":87661,"position":5},"title":"Hay un ni\u00f1o en la calle","author":"Grupo Sierra","date":"21\/06\/2014","format":false,"excerpt":"\u201cDe otro modo es in\u00fatil ensayar en la tierra la alegr\u00eda y el canto, de otro modo es absurdo porque de nada vale si hay un ni\u00f1o en la calle\u201d (Hay un ni\u00f1o en la calle, Armando Tejada G\u00f3mez) A esta hora exactamente hay un ni\u00f1o en la calle, hay\u2026","rel":"","context":"En \u00abOpini\u00f3n\u00bb","block_context":{"text":"Opini\u00f3n","link":"https:\/\/www.24baires.com\/?cat=64"},"img":{"alt_text":"ni\u00f1o golpeado nene","src":"https:\/\/i0.wp.com\/www.24baires.com\/wp-content\/uploads\/2014\/06\/ni%C3%B1o-golpeado-nene.jpg?resize=350%2C200","width":350,"height":200,"srcset":"https:\/\/i0.wp.com\/www.24baires.com\/wp-content\/uploads\/2014\/06\/ni%C3%B1o-golpeado-nene.jpg?resize=350%2C200 1x, https:\/\/i0.wp.com\/www.24baires.com\/wp-content\/uploads\/2014\/06\/ni%C3%B1o-golpeado-nene.jpg?resize=525%2C300 1.5x"},"classes":[]}],"jetpack_sharing_enabled":true,"jetpack_likes_enabled":true,"_links":{"self":[{"href":"https:\/\/www.24baires.com\/index.php?rest_route=\/wp\/v2\/posts\/87661","targetHints":{"allow":["GET"]}}],"collection":[{"href":"https:\/\/www.24baires.com\/index.php?rest_route=\/wp\/v2\/posts"}],"about":[{"href":"https:\/\/www.24baires.com\/index.php?rest_route=\/wp\/v2\/types\/post"}],"author":[{"embeddable":true,"href":"https:\/\/www.24baires.com\/index.php?rest_route=\/wp\/v2\/users\/4"}],"replies":[{"embeddable":true,"href":"https:\/\/www.24baires.com\/index.php?rest_route=%2Fwp%2Fv2%2Fcomments&post=87661"}],"version-history":[{"count":1,"href":"https:\/\/www.24baires.com\/index.php?rest_route=\/wp\/v2\/posts\/87661\/revisions"}],"predecessor-version":[{"id":87663,"href":"https:\/\/www.24baires.com\/index.php?rest_route=\/wp\/v2\/posts\/87661\/revisions\/87663"}],"wp:attachment":[{"href":"https:\/\/www.24baires.com\/index.php?rest_route=%2Fwp%2Fv2%2Fmedia&parent=87661"}],"wp:term":[{"taxonomy":"category","embeddable":true,"href":"https:\/\/www.24baires.com\/index.php?rest_route=%2Fwp%2Fv2%2Fcategories&post=87661"},{"taxonomy":"post_tag","embeddable":true,"href":"https:\/\/www.24baires.com\/index.php?rest_route=%2Fwp%2Fv2%2Ftags&post=87661"}],"curies":[{"name":"wp","href":"https:\/\/api.w.org\/{rel}","templated":true}]}}