{"id":8757,"date":"2012-12-11T08:45:29","date_gmt":"2012-12-11T11:45:29","guid":{"rendered":"http:\/\/www.24baires.com\/?p=8757"},"modified":"2012-12-11T21:12:34","modified_gmt":"2012-12-12T00:12:34","slug":"reconocieron-a-cooperativas-que-tomaron-creditos-para-proyectos-productivos","status":"publish","type":"post","link":"https:\/\/www.24baires.com\/?p=8757","title":{"rendered":"Reconocieron a Cooperativas que tomaron cr\u00e9ditos para proyectos productivos"},"content":{"rendered":"<p><img data-recalc-dims=\"1\" loading=\"lazy\" decoding=\"async\" class=\"aligncenter size-full wp-image-8762\" title=\"creditos cooperativas 2\" src=\"https:\/\/i0.wp.com\/www.24baires.com\/wp-content\/uploads\/2012\/12\/creditos-cooperativas-2.jpg?resize=560%2C371\" alt=\"\" width=\"560\" height=\"371\" srcset=\"https:\/\/i0.wp.com\/www.24baires.com\/wp-content\/uploads\/2012\/12\/creditos-cooperativas-2.jpg?w=560&amp;ssl=1 560w, https:\/\/i0.wp.com\/www.24baires.com\/wp-content\/uploads\/2012\/12\/creditos-cooperativas-2.jpg?resize=300%2C198&amp;ssl=1 300w\" sizes=\"auto, (max-width: 560px) 100vw, 560px\" \/><\/p>\n<p>El ministro de Desarrollo Social, Mart\u00edn Ferr\u00e9, destac\u00f3 hoy el trabajo articulado con cooperativas y municipios de la Provincia, a trav\u00e9s del Programa Fuerza Solidaria, para fortalecer proyectos de econom\u00eda social \u201cque permitan generar empleo de calidad como herramienta imprescindible para lograr la inclusi\u00f3n social y la igualdad de oportunidades\u201d.<!--more--><\/p>\n<p>\u201cComo dice el gobernador Daniel Scioli \u2018el trabajo es el principal ordenador social\u2019, por eso trabajamos desde el primer minuto a coordinar nuestras actividades con el gobierno nacional, los municipios, el resto de las \u00e1reas de gobierno y las organizaciones no gubernamentales como las cooperativas para, en el marco de la econom\u00eda social, promover fuentes de empleo sustentables, que permitan ingresos dignos, integraci\u00f3n social y oportunidades de crecimiento\u201d, se\u00f1al\u00f3 Ferr\u00e9.<\/p>\n<p>El titular de la cartera social formul\u00f3 estas declaraciones en el Sal\u00f3n Dorado de la Casa de Gobierno al presidir el acto de entrega de reconocimiento a instituciones tomadoras de cr\u00e9dito de econom\u00eda social y a productores locales de Moreno y La Plata en el marco del Programa de Igualdad Productiva que implementa la cartera social, del que participaron el presidente del Banco de la Provincia de Buenos Aires, Gustavo Marangoni y el titular de Fuerza Solidaria, Adri\u00e1n Radic.<\/p>\n<p>El Ministro indic\u00f3 que \u201cestamos convencidos de que el desarrollo social va de la mano del desarrollo productivo ya que fortalecer la econom\u00eda social es clave para el crecimiento econ\u00f3mico de todas las familias. Fuerza Solidaria \u2013dijo- es hoy una herramienta enriquecedora y vital para el desarrollo local por lo que prevemos para 2013 ampliar los cupos y potenciar su alcance\u201d.<\/p>\n<p>Por su parte, Marangoni, destac\u00f3 que \u201cextender el cr\u00e9dito es una forma de generar m\u00e1s inclusi\u00f3n. El cr\u00e9dito es creer y es por eso que las sociedades solidarias son fuertes y las que mejor est\u00e1n preparadas para generar oportunidades\u201d.<\/p>\n<p>En este marco, Radic sostuvo que \u201cno trabajamos con clientes sino con sujetos de derechos y el acceso al cr\u00e9dito es un derecho\u201d indicando que \u201cel desaf\u00edo para 2013 es masificar el acceso\u201d.<\/p>\n<p>Durante el acto se entregaron reconocimientos a 7 organizaciones e instituciones financiadas por Fuerza Solidaria que recibieron cr\u00e9ditos por 32.610.000 pesos para desarrollar proyectos de econom\u00eda social y a 4 productores que participaron de estrategias del Programa de Igualdad Productiva.<\/p>\n<p>As\u00ed por ejemplo cooperativas de Trabajo y de Servicios nucleadas en COOPERAR obtuvieron aportes por 28.645.000 para tal fin; el Consorcio Productivo del Salado \u2013integrado por Castelli, Chascom\u00fas, General Lavalle, General Madariaga, Punta Indio y Tordillo- pudieron desarrollar a partir del Programa proyectos productivos regionales orientados a mantener el empleo; la Cooperativa de Trabajo Uni\u00f3n Papelera Platense pudo financiar la construcci\u00f3n de una c\u00e1mara de tratamiento de efluentes y la Cooperativa de Trabajo Galaxia de Florencio Varela (producci\u00f3n de motores), utiliz\u00f3 el cr\u00e9dito para renovar parte de la maquinaria.<\/p>\n<p>Tambi\u00e9n la Cooperativa de Trabajo Frigor\u00edfico de Bragado utiliz\u00f3 el cr\u00e9dito para adquirir maquinaria para alcanzar el ciclo de faena y lograr posicionarse en el trabajo; la Asociaci\u00f3n Civil Las Banderitas, integrada por 80 productores flor\u00edcolas de La Plata, obtuvo financiamiento para desarrollar su producci\u00f3n en forma conjunta y la Cooperativa El\u00e9ctrica y Servicios Anexos San Manuel de Lober\u00eda utiliz\u00f3 el cr\u00e9dito de Fuerza Solidaria para ampliar la red de electricidad en parajes espec\u00edficos para mejorar la calidad y llegar a m\u00e1s beneficiarios.<\/p>\n<p>Fuerza Solidaria es un programa impulsado por el Gobierno de la Provincia de Buenos Aires -a trav\u00e9s del Ministerio de Desarrollo Social-, el Instituto Provincial de Loter\u00edas y Casinos y el Banco Provincia. Su objeto es el otorgar apoyo financiero para la implementaci\u00f3n de esquemas de microcr\u00e9dito para el fortalecimiento de proyectos de la econom\u00eda social. Este a\u00f1o se logr\u00f3 potenciar su estrategia de financiamiento a Instituciones de Microcr\u00e9dito y Proyectos de la Econom\u00eda Social, incorporando a los municipios como administradores de instituciones de microfinanzas y en la identificaci\u00f3n de proyectos estrat\u00e9gicos a nivel local.<\/p>\n<p>Del encuentro participaron adem\u00e1s el presidente del IPS, Mariano Cascallares: el vicepresidente del Instituto de Loter\u00edas y Casinos, N\u00e9stor Cotignola; el subsecretario de Pol\u00edticas Socioecon\u00f3micas, Ariel Notta; el titular del Consejo Provincial de la Juventud, Carlos Rodr\u00edguez y los intendentes Pablo Guacone (San Pedro), Mar\u00eda Celia Lafleur (Carlos Tejedor) y H\u00e9ctor Olivera (Tordillo).<\/p>\n","protected":false},"excerpt":{"rendered":"<p>El ministro de Desarrollo Social, Mart\u00edn Ferr\u00e9, destac\u00f3 hoy el trabajo articulado con cooperativas y municipios de la Provincia, a trav\u00e9s del Programa Fuerza Solidaria, para fortalecer proyectos de econom\u00eda social \u201cque permitan generar empleo de calidad como herramienta imprescindible para lograr la inclusi\u00f3n social y la igualdad de oportunidades\u201d.<\/p>\n","protected":false},"author":11,"featured_media":0,"comment_status":"open","ping_status":"open","sticky":false,"template":"","format":"standard","meta":{"_jetpack_newsletter_access":"","_jetpack_dont_email_post_to_subs":false,"_jetpack_newsletter_tier_id":0,"_jetpack_memberships_contains_paywalled_content":false,"_jetpack_memberships_contains_paid_content":false,"footnotes":""},"categories":[40],"tags":[],"class_list":["post-8757","post","type-post","status-publish","format-standard","hentry","category-provincia"],"jetpack_featured_media_url":"","jetpack_shortlink":"https:\/\/wp.me\/p2JWE0-2hf","jetpack-related-posts":[{"id":1347,"url":"https:\/\/www.24baires.com\/?p=1347","url_meta":{"origin":8757,"position":0},"title":"La Provincia prev\u00e9 duplicar el monto de microcr\u00e9ditos otorgado a ONG\u2019s","author":"AF","date":"07\/10\/2012","format":false,"excerpt":"El Ministerio de Desarrollo Social, a trav\u00e9s del Programa Fuerza Solidaria, logr\u00f3 un r\u00e9cord de otorgamiento de microcr\u00e9ditos a organizaciones sociales, destinados al fortalecimiento de proyectos de la econom\u00eda social en toda la Provincia. Es as\u00ed que el monto aprobado en operaciones al pasado 30 de septiembre asciende a m\u00e1s\u2026","rel":"","context":"En \u00abProvincia\u00bb","block_context":{"text":"Provincia","link":"https:\/\/www.24baires.com\/?cat=40"},"img":{"alt_text":"","src":"","width":0,"height":0},"classes":[]},{"id":114050,"url":"https:\/\/www.24baires.com\/?p=114050","url_meta":{"origin":8757,"position":1},"title":"Ituzaing\u00f3: Vila, Arroyo y Raverta recorrieron escuelas que est\u00e1n siendo refaccionadas","author":"GB","date":"07\/02\/2020","format":false,"excerpt":"Los obras se desarrollan en el marco del plan \"Escuelas a la Obra\" y las cooperativas integran el Programa Nacional Argentina Unida por Educaci\u00f3n y Trabajo La Directora General de Cultura y Educaci\u00f3n, Agustina Vila, el Ministro de Desarrollo Social de la Naci\u00f3n, Daniel Arroyo y la ministra de Desarrollo\u2026","rel":"","context":"En \u00abMunicipios\u00bb","block_context":{"text":"Municipios","link":"https:\/\/www.24baires.com\/?cat=44"},"img":{"alt_text":"","src":"https:\/\/i0.wp.com\/www.24baires.com\/wp-content\/uploads\/2020\/02\/arreglo-escuelas.jpg?resize=350%2C200","width":350,"height":200,"srcset":"https:\/\/i0.wp.com\/www.24baires.com\/wp-content\/uploads\/2020\/02\/arreglo-escuelas.jpg?resize=350%2C200 1x, https:\/\/i0.wp.com\/www.24baires.com\/wp-content\/uploads\/2020\/02\/arreglo-escuelas.jpg?resize=525%2C300 1.5x"},"classes":[]},{"id":116577,"url":"https:\/\/www.24baires.com\/?p=116577","url_meta":{"origin":8757,"position":2},"title":"Kicillof anunci\u00f3 inversi\u00f3n para el puerto de Bah\u00eda Blanca","author":"GB","date":"30\/10\/2020","format":false,"excerpt":"El gobernador encabez\u00f3 la inauguraci\u00f3n del nuevo centro de log\u00edstica de la Cooperativa Obrera y anunci\u00f3 mejoras en la terminal portuaria El gobernador de la provincia, Axel Kicillof, visit\u00f3 este jueves la ciudad de Bah\u00eda Blanca, donde junto al ministro de Producci\u00f3n, Ciencia e Innovaci\u00f3n Tecnol\u00f3gica, Augusto Costa, encabez\u00f3 la\u2026","rel":"","context":"En \u00abMunicipios\u00bb","block_context":{"text":"Municipios","link":"https:\/\/www.24baires.com\/?cat=44"},"img":{"alt_text":"","src":"https:\/\/i0.wp.com\/www.24baires.com\/wp-content\/uploads\/2020\/10\/20201029185439_bb-para-web.jpg?resize=350%2C200","width":350,"height":200,"srcset":"https:\/\/i0.wp.com\/www.24baires.com\/wp-content\/uploads\/2020\/10\/20201029185439_bb-para-web.jpg?resize=350%2C200 1x, https:\/\/i0.wp.com\/www.24baires.com\/wp-content\/uploads\/2020\/10\/20201029185439_bb-para-web.jpg?resize=525%2C300 1.5x"},"classes":[]},{"id":120605,"url":"https:\/\/www.24baires.com\/?p=120605","url_meta":{"origin":8757,"position":3},"title":"Es oficial la reconversi\u00f3n de los planes sociales en empleo genuino","author":"GB","date":"01\/11\/2023","format":false,"excerpt":"Desde el Ministerio de Econom\u00eda, Massa detall\u00f3 que, a partir de esa fecha, los programas sociales \"van a tener capacitaci\u00f3n laboral obligatoria, inscripci\u00f3n en las bolsas de empleo de cada una de las ciudades y de cada una de las gerencias de empleo, y el control de contraprestaci\u00f3n, tanto en\u2026","rel":"","context":"En \u00abPol\u00edtica\u00bb","block_context":{"text":"Pol\u00edtica","link":"https:\/\/www.24baires.com\/?cat=51"},"img":{"alt_text":"","src":"https:\/\/i0.wp.com\/www.24baires.com\/wp-content\/uploads\/2023\/11\/movi.webp?resize=350%2C200","width":350,"height":200,"srcset":"https:\/\/i0.wp.com\/www.24baires.com\/wp-content\/uploads\/2023\/11\/movi.webp?resize=350%2C200 1x, https:\/\/i0.wp.com\/www.24baires.com\/wp-content\/uploads\/2023\/11\/movi.webp?resize=525%2C300 1.5x, https:\/\/i0.wp.com\/www.24baires.com\/wp-content\/uploads\/2023\/11\/movi.webp?resize=700%2C400 2x"},"classes":[]},{"id":101401,"url":"https:\/\/www.24baires.com\/?p=101401","url_meta":{"origin":8757,"position":4},"title":"Proponen que el 25% de la obra p\u00fablica sea hecha por cooperativas","author":"AF","date":"03\/04\/2018","format":false,"excerpt":"Representantes de movimientos sociales presentar\u00e1n ma\u00f1ana en la Legislatura un proyecto de ley que obliga al Gobierno a ejecutar el 25% de la obra p\u00fablica a trav\u00e9s de cooperativas de trabajo. La iniciativa, que ser\u00e1 ingresada por la diputada Patricia Cubr\u00eda, del Movimiento Evita, hab\u00eda sido conversada semanas atr\u00e1s por\u2026","rel":"","context":"En \u00abPol\u00edtica\u00bb","block_context":{"text":"Pol\u00edtica","link":"https:\/\/www.24baires.com\/?cat=51"},"img":{"alt_text":"","src":"https:\/\/i0.wp.com\/www.24baires.com\/wp-content\/uploads\/2014\/01\/Obras.jpg?resize=350%2C200","width":350,"height":200,"srcset":"https:\/\/i0.wp.com\/www.24baires.com\/wp-content\/uploads\/2014\/01\/Obras.jpg?resize=350%2C200 1x, https:\/\/i0.wp.com\/www.24baires.com\/wp-content\/uploads\/2014\/01\/Obras.jpg?resize=525%2C300 1.5x"},"classes":[]},{"id":25825,"url":"https:\/\/www.24baires.com\/?p=25825","url_meta":{"origin":8757,"position":5},"title":"Lanzan en Lan\u00fas el programa educativo \u00abArgentina Trabaja\u00bb","author":"AF","date":"13\/06\/2013","format":false,"excerpt":"En el marco del Programa Ingreso Social con Trabajo de \u201cArgentina Trabaja\u201d llevado adelante por el Ministerio de Desarrollo Social de la Naci\u00f3n, el intendente del Municipio de Lan\u00fas, Dar\u00edo D\u00edaz P\u00e9rez realiz\u00f3 la presentaci\u00f3n en el distrito, de este importante Plan. El intendente del Municipio de Lan\u00fas, Dar\u00edo D\u00edaz\u2026","rel":"","context":"En \u00abLocales\u00bb","block_context":{"text":"Locales","link":"https:\/\/www.24baires.com\/?cat=38"},"img":{"alt_text":"","src":"","width":0,"height":0},"classes":[]}],"jetpack_sharing_enabled":true,"jetpack_likes_enabled":true,"_links":{"self":[{"href":"https:\/\/www.24baires.com\/index.php?rest_route=\/wp\/v2\/posts\/8757","targetHints":{"allow":["GET"]}}],"collection":[{"href":"https:\/\/www.24baires.com\/index.php?rest_route=\/wp\/v2\/posts"}],"about":[{"href":"https:\/\/www.24baires.com\/index.php?rest_route=\/wp\/v2\/types\/post"}],"author":[{"embeddable":true,"href":"https:\/\/www.24baires.com\/index.php?rest_route=\/wp\/v2\/users\/11"}],"replies":[{"embeddable":true,"href":"https:\/\/www.24baires.com\/index.php?rest_route=%2Fwp%2Fv2%2Fcomments&post=8757"}],"version-history":[{"count":3,"href":"https:\/\/www.24baires.com\/index.php?rest_route=\/wp\/v2\/posts\/8757\/revisions"}],"predecessor-version":[{"id":8765,"href":"https:\/\/www.24baires.com\/index.php?rest_route=\/wp\/v2\/posts\/8757\/revisions\/8765"}],"wp:attachment":[{"href":"https:\/\/www.24baires.com\/index.php?rest_route=%2Fwp%2Fv2%2Fmedia&parent=8757"}],"wp:term":[{"taxonomy":"category","embeddable":true,"href":"https:\/\/www.24baires.com\/index.php?rest_route=%2Fwp%2Fv2%2Fcategories&post=8757"},{"taxonomy":"post_tag","embeddable":true,"href":"https:\/\/www.24baires.com\/index.php?rest_route=%2Fwp%2Fv2%2Ftags&post=8757"}],"curies":[{"name":"wp","href":"https:\/\/api.w.org\/{rel}","templated":true}]}}