{"id":8748,"date":"2012-12-11T08:55:00","date_gmt":"2012-12-11T11:55:00","guid":{"rendered":"http:\/\/www.24baires.com\/?p=8748"},"modified":"2012-12-11T20:29:56","modified_gmt":"2012-12-11T23:29:56","slug":"ahora-arlia-promete-luminarias-para-rutas-provinciales","status":"publish","type":"post","link":"https:\/\/www.24baires.com\/?p=8748","title":{"rendered":"Ahora Arl\u00eda promete luminarias para rutas provinciales"},"content":{"rendered":"<p>El ministro de Infraestructura, Alejandro Arl\u00eda, y jefes comunales de 16 distritos bonaerenses acordaron la transferencia de luminarias viales con el objetivo \u00aboptimizar la transitabilidad de las rutas provinciales\u00bb.<!--more--><\/p>\n<p>En una primera etapa, se beneficiar\u00e1 a las localidades de Saladillo, Pergamino, Tres Arroyos, Lober\u00eda, Azul, Olavarr\u00eda y Navarro, cuyos jefes comunales rubricaron los convenios en un acto de presentaci\u00f3n de la obra.<\/p>\n<p>En ese marco, Arl\u00eda asegur\u00f3: \u201cgracias al presupuesto aprobado por la legislatura para el a\u00f1o que viene, contamos con un aumento del 40 por ciento de las partidas destinadas a Vialidad\u201d y agreg\u00f3: \u201cesto significa que tenemos por delante una mejora de las rutas provinciales que es sustentable en el tiempo, con un Plan de Red Vial Integral\u201d<\/p>\n<p>Asimismo, indic\u00f3 que el resto de las localidades donde se continuar\u00e1 con la entrega de estas luminarias son Chivilcoy, Dolores, Ramallo, Partido De la Costa, Bol\u00edvar, Daireaux, Salliquelo, Tapalqu\u00e9 y San Cayetano.<\/p>\n<p>Del evento participaron los intendentes Carlos Antonio Gorosito, de Saladillo; H\u00e9ctor \u201cCachi\u201d Guti\u00e9rrez, de Pergamino; Carlos Alberto S\u00e1nchez, de Tres Arroyos; Hugo C\u00e9sar Rodr\u00edguez, de Lober\u00eda; Jos\u00e9 Inza,de Azul; Jos\u00e9 Eseverri, de Olavarr\u00eda y Santiago Maggiotti, de Navarro.<\/p>\n<p>Por su parte, acompa\u00f1aron al Ministro Arl\u00eda, funcionarios de la administraci\u00f3n bonaerense, como el subsecretario de Servicios P\u00fablicos, Walter Saracco, el director Provincial de Fortalecimiento, Gabriel Legarreta, el director de Acceso a los Servicios P\u00fablicos, Juan S\u00e1bato y el asesor de Infraestructura, Ricardo Lospinnato.<\/p>\n","protected":false},"excerpt":{"rendered":"<p>El ministro de Infraestructura, Alejandro Arl\u00eda, y jefes comunales de 16 distritos bonaerenses acordaron la transferencia de luminarias viales con el objetivo \u00aboptimizar la transitabilidad de las rutas provinciales\u00bb.<\/p>\n","protected":false},"author":11,"featured_media":0,"comment_status":"open","ping_status":"open","sticky":false,"template":"","format":"standard","meta":{"_jetpack_newsletter_access":"","_jetpack_dont_email_post_to_subs":false,"_jetpack_newsletter_tier_id":0,"_jetpack_memberships_contains_paywalled_content":false,"_jetpack_memberships_contains_paid_content":false,"footnotes":""},"categories":[40],"tags":[],"class_list":["post-8748","post","type-post","status-publish","format-standard","hentry","category-provincia"],"jetpack_featured_media_url":"","jetpack_shortlink":"https:\/\/wp.me\/p2JWE0-2h6","jetpack-related-posts":[{"id":38166,"url":"https:\/\/www.24baires.com\/?p=38166","url_meta":{"origin":8748,"position":0},"title":"El gobierno de la Provincia licitar\u00e1 m\u00e1s de 40 obras viales","author":"GB","date":"08\/01\/2014","format":false,"excerpt":"Entre febrero y marzo y por un monto de 571 millones de pesos, el gobierno de Daniel Scioli licitar\u00e1 m\u00e1s de 40 obras viales para ejecutar tareas de conservaci\u00f3n, mantenimiento y rehabilitaci\u00f3n de las rutas provinciales. \u201cEl prop\u00f3sito es acompa\u00f1ar el crecimiento y el desarrollo regional con rutas bien mantenidas\",\u2026","rel":"","context":"En \u00abEconom\u00eda\u00bb","block_context":{"text":"Econom\u00eda","link":"https:\/\/www.24baires.com\/?cat=45"},"img":{"alt_text":"autopista","src":"https:\/\/i0.wp.com\/www.24baires.com\/wp-content\/uploads\/2012\/10\/autopista.png?resize=350%2C200","width":350,"height":200},"classes":[]},{"id":30692,"url":"https:\/\/www.24baires.com\/?p=30692","url_meta":{"origin":8748,"position":1},"title":"Areco: realizan obras para mejorar la seguridad vial","author":"AF","date":"24\/08\/2013","format":false,"excerpt":"En el municipio de San San Antonio de Areco, se est\u00e1n realizando obras que mejorar\u00e1n la seguridad vehicular del distrito. A trav\u00e9s de las gestiones del jefe comunal Francisco Dura\u00f1ona, y con fondos otorgados por el gobierno de la provincia de Buenos Aires y el gobierno Nacional, se realizan simult\u00e1neamente\u2026","rel":"","context":"En \u00abLocales\u00bb","block_context":{"text":"Locales","link":"https:\/\/www.24baires.com\/?cat=38"},"img":{"alt_text":"","src":"","width":0,"height":0},"classes":[]},{"id":42175,"url":"https:\/\/www.24baires.com\/?p=42175","url_meta":{"origin":8748,"position":2},"title":"Anuncian en Ca\u00f1uelas mejoras en las obras de la Autov\u00eda 6","author":"Grupo Sierra","date":"15\/03\/2014","format":false,"excerpt":"\"Por pedido del Gobernador Scioli y del Ministro Alejandro Arl\u00eda monitoreamos permanentemente estas obras que se convierten hoy en el cuarto anillo de circunvalaci\u00f3n al gran Buenos Aires\" se\u00f1al\u00f3 la administradora general de la Direcci\u00f3n de Vialidad, Patricia Tombesi. Con el objetivo de informar los avances de la obra \"Rehabilitaci\u00f3n\u2026","rel":"","context":"En \u00abLocales\u00bb","block_context":{"text":"Locales","link":"https:\/\/www.24baires.com\/?cat=38"},"img":{"alt_text":"ruta 6","src":"https:\/\/i0.wp.com\/www.24baires.com\/wp-content\/uploads\/2013\/04\/ruta-6.jpg?resize=350%2C200","width":350,"height":200,"srcset":"https:\/\/i0.wp.com\/www.24baires.com\/wp-content\/uploads\/2013\/04\/ruta-6.jpg?resize=350%2C200 1x, https:\/\/i0.wp.com\/www.24baires.com\/wp-content\/uploads\/2013\/04\/ruta-6.jpg?resize=525%2C300 1.5x"},"classes":[]},{"id":25589,"url":"https:\/\/www.24baires.com\/?p=25589","url_meta":{"origin":8748,"position":3},"title":"\u201cLa indiferencia de la Provincia en infraestructura vial es total\u201d","author":"AF","date":"11\/06\/2013","format":false,"excerpt":"OLAVARR\u00cdA - Lo dijo Ricardo Lasca, presidente del Comit\u00e9 Nacional de Defensa del Usuario Vial, por el D\u00eda de la Seguridad Vial. Apunt\u00f3 al gobierno bonaerense de no hacerse cargo del estado de las rutas y critic\u00f3 la falta de di\u00e1logo. \u201cArl\u00eda sabr\u00e1 de contadur\u00eda pero no sabe nada de\u2026","rel":"","context":"En \u00abLocales\u00bb","block_context":{"text":"Locales","link":"https:\/\/www.24baires.com\/?cat=38"},"img":{"alt_text":"","src":"","width":0,"height":0},"classes":[]},{"id":43781,"url":"https:\/\/www.24baires.com\/?p=43781","url_meta":{"origin":8748,"position":4},"title":"Licitaron nuevas obras viales para seis municipios bonaerenses","author":"GB","date":"13\/04\/2014","format":false,"excerpt":"AYACUCHO-Con una inversi\u00f3n de m\u00e1s de 28 millones de pesos el Gobierno provincial, a trav\u00e9s de la Direcci\u00f3n de Vialidad \u2013dependiente de Infraestructura-, licit\u00f3 ayer, en Ayacucho, la obra \u201cRehabilitaci\u00f3n y conservaci\u00f3n de capas de rodamiento para las rutas provinciales 57, 74, 41 y 29\u201d para los partidos de Pila,\u2026","rel":"","context":"En \u00abMunicipios\u00bb","block_context":{"text":"Municipios","link":"https:\/\/www.24baires.com\/?cat=44"},"img":{"alt_text":"muni ayacucho","src":"https:\/\/i0.wp.com\/www.24baires.com\/wp-content\/uploads\/2014\/04\/muni-ayacucho.jpg?resize=350%2C200","width":350,"height":200,"srcset":"https:\/\/i0.wp.com\/www.24baires.com\/wp-content\/uploads\/2014\/04\/muni-ayacucho.jpg?resize=350%2C200 1x, https:\/\/i0.wp.com\/www.24baires.com\/wp-content\/uploads\/2014\/04\/muni-ayacucho.jpg?resize=525%2C300 1.5x"},"classes":[]},{"id":46010,"url":"https:\/\/www.24baires.com\/?p=46010","url_meta":{"origin":8748,"position":5},"title":"El ministro Arl\u00eda se reuni\u00f3 con el intendente de Rauch por obras viales","author":"GB","date":"14\/05\/2014","format":false,"excerpt":"El ministro de Infraestructura bonaerense, Alejandro Arl\u00eda, recibi\u00f3 este mi\u00e9rcoles junto a parte de su gabinete al intendente de Rauch, Jorge Mario Ram\u00f3n Ugarte, con el objetivo de llevar adelante un repaso integral a las obras en ejecuci\u00f3n y las previstas en el presupuesto vigente. Seg\u00fan se inform\u00f3 desde esa\u2026","rel":"","context":"En \u00abMunicipios\u00bb","block_context":{"text":"Municipios","link":"https:\/\/www.24baires.com\/?cat=44"},"img":{"alt_text":"arlia y ugarte","src":"https:\/\/i0.wp.com\/www.24baires.com\/wp-content\/uploads\/2014\/05\/arlia-y-ugarte.png?resize=350%2C200","width":350,"height":200},"classes":[]}],"jetpack_sharing_enabled":true,"jetpack_likes_enabled":true,"_links":{"self":[{"href":"https:\/\/www.24baires.com\/index.php?rest_route=\/wp\/v2\/posts\/8748","targetHints":{"allow":["GET"]}}],"collection":[{"href":"https:\/\/www.24baires.com\/index.php?rest_route=\/wp\/v2\/posts"}],"about":[{"href":"https:\/\/www.24baires.com\/index.php?rest_route=\/wp\/v2\/types\/post"}],"author":[{"embeddable":true,"href":"https:\/\/www.24baires.com\/index.php?rest_route=\/wp\/v2\/users\/11"}],"replies":[{"embeddable":true,"href":"https:\/\/www.24baires.com\/index.php?rest_route=%2Fwp%2Fv2%2Fcomments&post=8748"}],"version-history":[{"count":1,"href":"https:\/\/www.24baires.com\/index.php?rest_route=\/wp\/v2\/posts\/8748\/revisions"}],"predecessor-version":[{"id":8749,"href":"https:\/\/www.24baires.com\/index.php?rest_route=\/wp\/v2\/posts\/8748\/revisions\/8749"}],"wp:attachment":[{"href":"https:\/\/www.24baires.com\/index.php?rest_route=%2Fwp%2Fv2%2Fmedia&parent=8748"}],"wp:term":[{"taxonomy":"category","embeddable":true,"href":"https:\/\/www.24baires.com\/index.php?rest_route=%2Fwp%2Fv2%2Fcategories&post=8748"},{"taxonomy":"post_tag","embeddable":true,"href":"https:\/\/www.24baires.com\/index.php?rest_route=%2Fwp%2Fv2%2Ftags&post=8748"}],"curies":[{"name":"wp","href":"https:\/\/api.w.org\/{rel}","templated":true}]}}