{"id":8743,"date":"2012-12-11T20:09:39","date_gmt":"2012-12-11T23:09:39","guid":{"rendered":"http:\/\/www.24baires.com\/?p=8743"},"modified":"2012-12-12T13:57:28","modified_gmt":"2012-12-12T16:57:28","slug":"el-fiscal-uriarte-dictamino-que-la-ley-de-medios-es-constitucional","status":"publish","type":"post","link":"https:\/\/www.24baires.com\/?p=8743","title":{"rendered":"El fiscal Uriarte dictamin\u00f3 que la ley de medios \u00abes constitucional\u00bb"},"content":{"rendered":"<p>El titular de la Fiscal\u00eda Nacional en lo Civil y Comercial Federal 5,<strong> Fernando Uriarte<\/strong>, solicit\u00f3 al juez <strong>Horacio Alfonso<\/strong> que desestime el planteo de inconstitucionalidad interpuesto por Clar\u00edn sobre los art\u00edculos 41, 45, 48, segundo p\u00e1rrafo, y 161 de la Ley de Servicios de Comunicaci\u00f3n Audiovisual.<!--more--><\/p>\n<p>El representante del Ministerio P\u00fablico Fiscal de la Naci\u00f3n, concluy\u00f3 que la normativa impugnada \u00abno conculca los derechos constitucionales de propiedad y de comercio del Grupo Clar\u00edn\u00bb, al expedirse sobre la llamada cuesti\u00f3n de fondo de la Ley de Medios.<\/p>\n","protected":false},"excerpt":{"rendered":"<p>El titular de la Fiscal\u00eda Nacional en lo Civil y Comercial Federal 5, Fernando Uriarte, solicit\u00f3 al juez Horacio Alfonso que desestime el planteo de inconstitucionalidad interpuesto por Clar\u00edn sobre los art\u00edculos 41, 45, 48, segundo p\u00e1rrafo, y 161 de la Ley de Servicios de Comunicaci\u00f3n Audiovisual.<\/p>\n","protected":false},"author":11,"featured_media":0,"comment_status":"open","ping_status":"open","sticky":false,"template":"","format":"standard","meta":{"_jetpack_newsletter_access":"","_jetpack_dont_email_post_to_subs":false,"_jetpack_newsletter_tier_id":0,"_jetpack_memberships_contains_paywalled_content":false,"_jetpack_memberships_contains_paid_content":false,"footnotes":""},"categories":[54],"tags":[],"class_list":["post-8743","post","type-post","status-publish","format-standard","hentry","category-medios"],"jetpack_featured_media_url":"","jetpack_shortlink":"https:\/\/wp.me\/p2JWE0-2h1","jetpack-related-posts":[{"id":16877,"url":"https:\/\/www.24baires.com\/?p=16877","url_meta":{"origin":8743,"position":0},"title":"Avalan la constitucionalidad de la Ley de Medios: el fiscal se expidi\u00f3 a su favor","author":"AF","date":"27\/02\/2013","format":false,"excerpt":"De esta manera, Jos\u00e9 Mar\u00eda Medrano recomend\u00f3 la confirmaci\u00f3n del fallo del juez de primera instancia del juzgado federal en lo Civil y Comercial N\u00famero 1, Horacio Alfonso, que el 14 de diciembre resolvi\u00f3 rechazar la demanda del Grupo Clar\u00edn. El Fiscal de la C\u00e1mara Federal, Jos\u00e9 Mar\u00eda Medrano, se\u2026","rel":"","context":"En \u00abMedios\u00bb","block_context":{"text":"Medios","link":"https:\/\/www.24baires.com\/?cat=54"},"img":{"alt_text":"","src":"","width":0,"height":0},"classes":[]},{"id":58462,"url":"https:\/\/www.24baires.com\/?p=58462","url_meta":{"origin":8743,"position":1},"title":"Un juez fren\u00f3 la adecuaci\u00f3n de oficio de Clar\u00edn","author":"AF","date":"11\/12\/2014","format":false,"excerpt":"El juez civil Horacio Alfonso dict\u00f3 una medida cautelar en favor del multimedios. Se\u00f1al\u00f3 \"aparentes deficiencias\" en la decisi\u00f3n del directorio de AFSCA. La autoridad de aplicaci\u00f3n apelar\u00e1 la medida. El juez civil Horacio Alfonso concedi\u00f3 una nueva medida cautelar en favor del Grupo Clar\u00edn, para detener el proceso de\u2026","rel":"","context":"En \u00abJUDICIALES\u00bb","block_context":{"text":"JUDICIALES","link":"https:\/\/www.24baires.com\/?cat=68"},"img":{"alt_text":"clar\u00edn","src":"https:\/\/i0.wp.com\/www.24baires.com\/wp-content\/uploads\/2014\/10\/clar%C3%ADn.jpg?resize=350%2C200","width":350,"height":200,"srcset":"https:\/\/i0.wp.com\/www.24baires.com\/wp-content\/uploads\/2014\/10\/clar%C3%ADn.jpg?resize=350%2C200 1x, https:\/\/i0.wp.com\/www.24baires.com\/wp-content\/uploads\/2014\/10\/clar%C3%ADn.jpg?resize=525%2C300 1.5x"},"classes":[]},{"id":21263,"url":"https:\/\/www.24baires.com\/?p=21263","url_meta":{"origin":8743,"position":2},"title":"Ley de medios: para la C\u00e1mara Federal dos art\u00edculos son constitucionales y dos no","author":"Grupo Sierra","date":"17\/04\/2013","format":false,"excerpt":"Los camaristas dictaron como constitucionales los art\u00edculos 161 (desinversi\u00f3n) y el 41. Y declararon que parte del art\u00edculo 45 (cantidad de licencias) y el 48 son inconstitucionales. El pr\u00f3ximo y \u00faltimo paso ser\u00e1 la Corte Suprema de la Naci\u00f3n. El juez de primera instancia y el fiscal a cargo se\u2026","rel":"","context":"En \u00abMedios\u00bb","block_context":{"text":"Medios","link":"https:\/\/www.24baires.com\/?cat=54"},"img":{"alt_text":"","src":"","width":0,"height":0},"classes":[]},{"id":7759,"url":"https:\/\/www.24baires.com\/?p=7759","url_meta":{"origin":8743,"position":3},"title":"El juez Alfonso reconoci\u00f3 a la AFSCA como autoridad de aplicaci\u00f3n de la Ley de Medios","author":"Grupo Sierra","date":"03\/12\/2012","format":false,"excerpt":"El juez civil y comercial federal Horacio Alfonso hizo lugar al pedido de la Autoridad Federal de Servicios de Comunicaci\u00f3n Audiovisual (AFSCA) e incorpor\u00f3 al organismo como parte en el juicio por la constitucionalidad del art\u00edculo 161 de la Ley de Medios. El magistrado dict\u00f3 esa resoluci\u00f3n cuatro d\u00edas antes\u2026","rel":"","context":"En \u00abMedios\u00bb","block_context":{"text":"Medios","link":"https:\/\/www.24baires.com\/?cat=54"},"img":{"alt_text":"","src":"","width":0,"height":0},"classes":[]},{"id":30754,"url":"https:\/\/www.24baires.com\/?p=30754","url_meta":{"origin":8743,"position":4},"title":"Sabbatella apunta a que la audiencia p\u00fablica sea \u00abel paso previo a la resoluci\u00f3n definitiva\u00bb","author":"GB","date":"25\/08\/2013","format":false,"excerpt":"El presidente de la Autoridad Federal de Servicios de Comunicaci\u00f3n Audiovisual (AFSCA), Mart\u00edn Sabbatella, conf\u00eda en que la audiencia p\u00fablica que convoc\u00f3 la Corte Suprema de Justicia para el mi\u00e9rcoles \"sea el paso previo a la resoluci\u00f3n definitiva\" del conflicto judicial que impide la aplicaci\u00f3n plena de la Ley de\u2026","rel":"","context":"En \u00abMedios\u00bb","block_context":{"text":"Medios","link":"https:\/\/www.24baires.com\/?cat=54"},"img":{"alt_text":"","src":"","width":0,"height":0},"classes":[]},{"id":21276,"url":"https:\/\/www.24baires.com\/?p=21276","url_meta":{"origin":8743,"position":5},"title":"\u00abLa C\u00e1mara se ocup\u00f3 de beneficiar al Grupo Clar\u00edn\u00bb afirm\u00f3 Sabbatella","author":"Grupo Sierra","date":"17\/04\/2013","format":false,"excerpt":"El titular del Afsca, Mart\u00edn Sabbatella, se refiri\u00f3 al fallo de la C\u00e1mara Civil y Comercial que contin\u00faa resguardando los intereses del grupo monop\u00f3lico de medios de comunicaci\u00f3n. El titular de la Afsca, Mart\u00edn Sabbatella, asegur\u00f3 hoy que el organismo acudir\u00e1 a la Corte Suprema \"para que resuelva r\u00e1pidamente\" acerca\u2026","rel":"","context":"En \u00abMedios\u00bb","block_context":{"text":"Medios","link":"https:\/\/www.24baires.com\/?cat=54"},"img":{"alt_text":"sabbatella mendoza","src":"https:\/\/i0.wp.com\/www.24baires.com\/wp-content\/uploads\/2012\/11\/sabbatella-mendoza.jpg?resize=350%2C200","width":350,"height":200,"srcset":"https:\/\/i0.wp.com\/www.24baires.com\/wp-content\/uploads\/2012\/11\/sabbatella-mendoza.jpg?resize=350%2C200 1x, https:\/\/i0.wp.com\/www.24baires.com\/wp-content\/uploads\/2012\/11\/sabbatella-mendoza.jpg?resize=525%2C300 1.5x"},"classes":[]}],"jetpack_sharing_enabled":true,"jetpack_likes_enabled":true,"_links":{"self":[{"href":"https:\/\/www.24baires.com\/index.php?rest_route=\/wp\/v2\/posts\/8743","targetHints":{"allow":["GET"]}}],"collection":[{"href":"https:\/\/www.24baires.com\/index.php?rest_route=\/wp\/v2\/posts"}],"about":[{"href":"https:\/\/www.24baires.com\/index.php?rest_route=\/wp\/v2\/types\/post"}],"author":[{"embeddable":true,"href":"https:\/\/www.24baires.com\/index.php?rest_route=\/wp\/v2\/users\/11"}],"replies":[{"embeddable":true,"href":"https:\/\/www.24baires.com\/index.php?rest_route=%2Fwp%2Fv2%2Fcomments&post=8743"}],"version-history":[{"count":3,"href":"https:\/\/www.24baires.com\/index.php?rest_route=\/wp\/v2\/posts\/8743\/revisions"}],"predecessor-version":[{"id":8746,"href":"https:\/\/www.24baires.com\/index.php?rest_route=\/wp\/v2\/posts\/8743\/revisions\/8746"}],"wp:attachment":[{"href":"https:\/\/www.24baires.com\/index.php?rest_route=%2Fwp%2Fv2%2Fmedia&parent=8743"}],"wp:term":[{"taxonomy":"category","embeddable":true,"href":"https:\/\/www.24baires.com\/index.php?rest_route=%2Fwp%2Fv2%2Fcategories&post=8743"},{"taxonomy":"post_tag","embeddable":true,"href":"https:\/\/www.24baires.com\/index.php?rest_route=%2Fwp%2Fv2%2Ftags&post=8743"}],"curies":[{"name":"wp","href":"https:\/\/api.w.org\/{rel}","templated":true}]}}