{"id":87416,"date":"2016-09-09T20:00:20","date_gmt":"2016-09-09T23:00:20","guid":{"rendered":"http:\/\/www.24baires.com\/?p=87416"},"modified":"2016-09-09T19:12:05","modified_gmt":"2016-09-09T22:12:05","slug":"la-cruzada-por-la-division-de-distritos","status":"publish","type":"post","link":"https:\/\/www.24baires.com\/?p=87416","title":{"rendered":"La cruzada por la divisi\u00f3n de distritos"},"content":{"rendered":"<p><img data-recalc-dims=\"1\" loading=\"lazy\" decoding=\"async\" src=\"https:\/\/i0.wp.com\/www.24baires.com\/wp-content\/uploads\/2016\/05\/vidal.jpg?resize=560%2C372\" alt=\"vidal\" width=\"560\" height=\"372\" class=\"aligncenter size-full wp-image-82316\" srcset=\"https:\/\/i0.wp.com\/www.24baires.com\/wp-content\/uploads\/2016\/05\/vidal.jpg?w=560&amp;ssl=1 560w, https:\/\/i0.wp.com\/www.24baires.com\/wp-content\/uploads\/2016\/05\/vidal.jpg?resize=300%2C199&amp;ssl=1 300w\" sizes=\"auto, (max-width: 560px) 100vw, 560px\" \/>\u00bfDe qu\u00e9 van realmente estos proyectos para dividir municipios y crear nuevos distritos?\u00bfQu\u00e9 los motiva? \u00bfSe trata de iniciativas convenientes, de reformas necesarias? \u00bfO acaso tienen un marcado tinte de oportunismo pol\u00edtico, aspiraciones pol\u00edticas, capitalizaci\u00f3n electoral? \u00bfDivisi\u00f3n para la gente o para la clase pol\u00edtica? \u00bfQu\u00e9 puede decirse al respecto? <!--more--><\/p>\n<p>El proyecto de m\u00e1s avanzado tratamiento y que indefectiblemente m\u00e1s ruido ha causado ha sido el de dividir La Matanza en cuatro nuevos municipios. Ha tomado estado parlamentario y ha suscitado declaraciones, cruces, objeciones, reparos, argumentos a favor y celebraciones.<br \/>\nTambi\u00e9n han comenzado a tratarse los proyectos de divisi\u00f3n de Lomas de Zamora y Almirante Brown, proponiendo la creaci\u00f3n de dos nuevos municipios: La Franja y Altos de Tr\u00e1nsito. <\/p>\n<p>De prosperar estas iniciativas o alguna de ellas, si bien ser\u00eda un hecho pol\u00edtico \u201cde magnitud\u201d, no ser\u00eda una rareza. En 1994, en t\u00e1ndem con las tantas reformas de aquel entonces, se llevaron adelante importantes divisiones distritales, creaciones de municipios en el Conurbano Bonaerense: el Gran Mor\u00f3n se desgran\u00f3 en los municipios de Mor\u00f3n, Hurlingham e Ituzaing\u00f3, General Sarmiento en Jos\u00e9 C. Paz, Malvinas Argentinas y San Miguel, y de lo que era San Vicente y Esteban Echeverr\u00eda surgieron los municipios de Pte. Per\u00f3n y Ezeiza respectivamente.<br \/>\nHay que insistir en que las iniciativas no son nuevas. Se relanzan, se retoman. Son postuladas en esta oportunidad por el legislador Marcelo \u201cOso\u201d D\u00edaz, del partido GEN, liderado por Margarita Stolbizer.<br \/>\nA \u201cCambiemos\u201d le sienta bien la propuesta, forma parte de su agenda, cuaja con sus prop\u00f3sitos y sus discursos. Le da \u201cluz verde\u201d, hace propios estos proyectos y no querr\u00e1 dejar de llevarse el r\u00e9dito pol\u00edtico. Si lo hubiere. El GEN no sin raz\u00f3n ha sido tildado de partido \u201csat\u00e9lite\u201d, simpatiza, comparte un p\u00fablico con Cambiemos, comparten una misma agenda, retoman imaginarios similares.<br \/>\nLas objeciones al proyecto planteado para la divisi\u00f3n de La Matanza parecen fundadas. El sector de Massa las plantea con tibieza, jugando en el medio, arbitrando, con una actitud expectante, haciendo notar que es crucial para la aprobaci\u00f3n de estos proyectos y jugando a llevarse los r\u00e9ditos propios de quien define. El FpV, decidido a salir al cruce, no s\u00f3lo hace objeciones sino que plantea un contraproyecto para reglamentar la creaci\u00f3n de  municipios. Los elementos m\u00e1s salientes de ese proyecto son: el requisito de que en el Conurbano ning\u00fan nuevo distrito podr\u00e1 contar con menos de 30.000 habitantes y en el resto de la provincia ninguno podr\u00e1 formarse con menos de 5.000, contar con el aval de firmas del 20% de los electores del municipios, la creaci\u00f3n de una Comisi\u00f3n Bicameral para analizar cada caso en particular.<\/p>\n<p>Se\u00f1alan que no se est\u00e1 teniendo en consideraci\u00f3n la opini\u00f3n de los vecinos, que un proyecto de semejante envergadura no puede hacerse sin un vasto trabajo de evaluaci\u00f3n, maduraci\u00f3n, planeamiento, y no puede surgir de la antojadiza pretensi\u00f3n de un gobierno de turno sin mayores miramientos.<br \/>\nSe sostiene que as\u00ed como est\u00e1 planteado es inviable y est\u00e1 te\u00f1ido de una indisimulable estrategia orientada a debilitar el poder pol\u00edtico del peronismo gobernante del distrito y ganar nuevas intendencias de parte de quienes lo promueven.<br \/>\nEl proyecto tal y como es presentado \u2013dicen fundadamente- tender\u00eda a dividir a ricos y pobres, har\u00eda inviables a los distritos m\u00e1s pobres e incrementar\u00eda las desigualdades en este territorio en cuesti\u00f3n.<br \/>\nDe la divisi\u00f3n propuesta resultar\u00eda un municipio que conservar\u00eda el nombre La Matanza,  el municipio de Tapiales, el de Gregorio de Laferrere, el de Tapiales y el de Juan Manuel de Rosas. El primero de ellos concentrar\u00eda a la poblaci\u00f3n de mayor poder adquisitivo, comprender\u00eda Ramos Mej\u00edas, San Justo y Villa Luzuriaga.<br \/>\nRemitidos a s\u00ed mismos, no es de extra\u00f1arse que lo que siga sea mayor desigualdad entre los territorios y un m\u00e1s pobre alcance del Estado all\u00ed donde m\u00e1s intervenciones del Estado se requieren. Lo sustentable es ligar a en una misma jurisdicci\u00f3n a sectores postergados y sectores de mayor poder adquisitivo.<br \/>\nAs\u00ed reconfigurado el territorio y tomando los guarismos de las pasadas elecciones, todo indicar\u00eda que el distrito m\u00e1s adinerado escapar\u00eda del control del FpV o el PJ, y caer\u00eda a manos de una fuerza no peronista, acaso Cambiemos, alguna de sus fuerzas integrantes o color pol\u00edtico similar. Dos de ellos, muy probablemente quedar\u00edan en poder del peronismo, del PJ, probablemente del FpV. Y uno parecer\u00eda quedar en marcada disputa.<br \/>\nEl FpV aparece esgrimir buenos argumentos en contra de la iniciativa as\u00ed presentada.<br \/>\nSin embargo, \u00bfcu\u00e1n razonable es atribuir proyecto de semejante magnitud a una conveniencia pol\u00edtica \/ electoral? A\u00fan habiendo una pugna que se deja ver, sabiendo del poder\u00edo pol\u00edtico de La Matanza o en general de los poderes locales de los grandes distritos, poderes locales de contrapeso, proyecci\u00f3n,  fuertes bastiones peronistas que desde la fuerza gobernante se quiere acaso diluir. En definitiva, capitalizar pol\u00edticamente es una constante, no escapa a casi ning\u00fan acto parlamentario o de gobierno, parece estar de m\u00e1s se\u00f1alarlo.<br \/>\nIndudablemente se asiste a un intento desde la gobernaci\u00f3n de desembarco en La Matanza, y como no puede ser de otra manera, interceder en su territorio crispa la relaci\u00f3n con la intendenta y la fuerza gobernante del distrito.<br \/>\nDesde las formaciones pol\u00edticas que fomentan el proyecto activamente (Cambiemos, el bloque Progresistas) se argumenta en favor de acotar el tama\u00f1o poblacional de los distritos. Eso \u2013dicen- es acercar el Estado a la gente, gobierno de proximidad, favorece un mejor gesti\u00f3n, la resoluci\u00f3n de los problemas. Argumentaci\u00f3n que parece convincente.<br \/>\nEl imaginario y efectivamente algunos de los prop\u00f3sitos que pueden ir contenidos en esta avanzada se emparenta con la aprobada iniciativa de eliminar la reelecci\u00f3n indefinida para legisladores, concejales e intendentes en territorio bonaerense, su denominador com\u00fan parece ser la pretensi\u00f3n de menguar el poder de los caudillos, los l\u00edderes localistas, la deseabilidad de la renovaci\u00f3n pol\u00edtica y extirpar los males de la perpetuaci\u00f3n el poder y la concentraci\u00f3n de poder. Apuntan al repetido t\u00f3pico \u201clos barones del Conurbano\u201d.<br \/>\nHaciendo una consideraci\u00f3n ligera, asociando autom\u00e1ticamente Cambiemos a la reducci\u00f3n del Estado, la divisi\u00f3n de municipios pareciera ir a contra mano de este cometido. Exige m\u00e1s presupuesto, es m\u00e1s Estado. Sin embargo, concuerda con otros de sus predicamentos.<\/p>\n","protected":false},"excerpt":{"rendered":"<p>\u00bfDe qu\u00e9 van realmente estos proyectos para dividir municipios y crear nuevos distritos?\u00bfQu\u00e9 los motiva? \u00bfSe trata de iniciativas convenientes, de reformas necesarias? \u00bfO acaso tienen un marcado tinte de oportunismo pol\u00edtico, aspiraciones pol\u00edticas, capitalizaci\u00f3n electoral? \u00bfDivisi\u00f3n para la gente o para la clase pol\u00edtica? \u00bfQu\u00e9 puede decirse al respecto?<\/p>\n","protected":false},"author":8,"featured_media":0,"comment_status":"open","ping_status":"open","sticky":false,"template":"","format":"standard","meta":{"_jetpack_newsletter_access":"","_jetpack_dont_email_post_to_subs":false,"_jetpack_newsletter_tier_id":0,"_jetpack_memberships_contains_paywalled_content":false,"_jetpack_memberships_contains_paid_content":false,"footnotes":""},"categories":[64],"tags":[],"class_list":["post-87416","post","type-post","status-publish","format-standard","hentry","category-opinion"],"jetpack_featured_media_url":"","jetpack_shortlink":"https:\/\/wp.me\/p2JWE0-mJW","jetpack-related-posts":[{"id":87483,"url":"https:\/\/www.24baires.com\/?p=87483","url_meta":{"origin":87416,"position":0},"title":"Diputados debatir\u00e1n con vecinos la divisi\u00f3n de La Matanza","author":"GB","date":"13\/09\/2016","format":false,"excerpt":"Legisladores de distintas fuerzas pol\u00edticas mantendr\u00e1n una reuni\u00f3n con vecinos y organizaciones sociales del distrito para analizar el proyecto que propone fragmentarlo en cuatro nuevos municipios. Diputados bonaerenses se reunir\u00e1n hoy con organizaciones sociales y vecinos de La Matanza para analizar el proyecto de ley que propone dividir el distrito\u2026","rel":"","context":"En \u00abLocales\u00bb","block_context":{"text":"Locales","link":"https:\/\/www.24baires.com\/?cat=38"},"img":{"alt_text":"","src":"","width":0,"height":0},"classes":[]},{"id":80684,"url":"https:\/\/www.24baires.com\/?p=80684","url_meta":{"origin":87416,"position":1},"title":"Cambiemos propone dividir los municipios de La Matanza y Lomas de Zamora","author":"GB","date":"28\/03\/2016","format":false,"excerpt":"En los dos distritos, en las elecciones gan\u00f3 el peronismo. \u201cTiene que ver con la idea acercarle m\u00e1s al vecino soluciones a sus problemas cotidianos\u201d, argument\u00f3 un diputado macrista de Buenos Aires. Se crear\u00edan 5 nuevops municipios. Ya hay un proyecto en el Congreso provincial. Los municipios de La Matanza\u2026","rel":"","context":"En \u00abProvincia\u00bb","block_context":{"text":"Provincia","link":"https:\/\/www.24baires.com\/?cat=40"},"img":{"alt_text":"","src":"","width":0,"height":0},"classes":[]},{"id":104133,"url":"https:\/\/www.24baires.com\/?p=104133","url_meta":{"origin":87416,"position":2},"title":"Cambiemos presenta nuevo proyecto para dividir La Matanza","author":"GB","date":"28\/08\/2018","format":false,"excerpt":"Cambiemos volvi\u00f3 a poner en discusi\u00f3n la divisi\u00f3n de La Matanza, con la presentaci\u00f3n de un nuevo proyecto de ley, similar a los presentados en a\u00f1os anteriores, que propone partir en cuatro el distrito gobernado por la kichnerista Ver\u00f3nica Magario. La nueva iniciativa fue ingresada por el diputado Mauricio Vivani,\u2026","rel":"","context":"En \u00abMunicipios\u00bb","block_context":{"text":"Municipios","link":"https:\/\/www.24baires.com\/?cat=44"},"img":{"alt_text":"","src":"https:\/\/i0.wp.com\/www.24baires.com\/wp-content\/uploads\/2016\/09\/magario-300x206.jpg?resize=350%2C200","width":350,"height":200},"classes":[]},{"id":46205,"url":"https:\/\/www.24baires.com\/?p=46205","url_meta":{"origin":87416,"position":3},"title":"Andreotti se ali\u00f3 con Massa y ahora propone dividir el Conurbano","author":"Grupo Sierra","date":"18\/05\/2014","format":false,"excerpt":"El intendente de San Fernando quiere \"municipios m\u00e1s chicos\", por lo que present\u00f3 la pol\u00e9mica idea de dividir partidos. \u201cCreo que en la Provincia, fundamentalmente en el Conurbano, se deber\u00eda tender a que los municipios sean m\u00e1s chicos\u201d, dijo el intendente de San Fernando, Luis Andreotti. El jefe comunal massista\u2026","rel":"","context":"En \u00abPol\u00edtica\u00bb","block_context":{"text":"Pol\u00edtica","link":"https:\/\/www.24baires.com\/?cat=51"},"img":{"alt_text":"massa andreotti","src":"https:\/\/i0.wp.com\/www.24baires.com\/wp-content\/uploads\/2013\/02\/massa-andreotti.gif?resize=350%2C200","width":350,"height":200,"srcset":"https:\/\/i0.wp.com\/www.24baires.com\/wp-content\/uploads\/2013\/02\/massa-andreotti.gif?resize=350%2C200 1x, https:\/\/i0.wp.com\/www.24baires.com\/wp-content\/uploads\/2013\/02\/massa-andreotti.gif?resize=525%2C300 1.5x"},"classes":[]},{"id":97120,"url":"https:\/\/www.24baires.com\/?p=97120","url_meta":{"origin":87416,"position":4},"title":"Un senador abri\u00f3 el debate sobre la \u00abprovincializaci\u00f3n\u00bb de La Matanza","author":"GB","date":"01\/09\/2017","format":false,"excerpt":"Un senador abri\u00f3 el debate sobre la \"provincializaci\u00f3n\" de La Matanza El senador bonaerense Daniel Barrera (FPV-PJ) sali\u00f3 a criticar a Cambiemos por su intenci\u00f3n de dividir a La Matanza y plante\u00f3 como alternativa \"provincializar\" el distrito. \"\u00bfPor qu\u00e9 no pensamos en ofrecerles a los millones de matanceros la posibilidad\u2026","rel":"","context":"En \u00abProvincia\u00bb","block_context":{"text":"Provincia","link":"https:\/\/www.24baires.com\/?cat=40"},"img":{"alt_text":"","src":"","width":0,"height":0},"classes":[]},{"id":119976,"url":"https:\/\/www.24baires.com\/?p=119976","url_meta":{"origin":87416,"position":5},"title":"Municipios a la Obra\u201d: 36 distritos adhirieron al programa","author":"GB","date":"04\/04\/2023","format":false,"excerpt":"El Gobierno de la Provincia oficializ\u00f3 la puesta en marcha del programa \u201cMunicipios a la Obra\u201d, por el cual 36 distritos adhirieron para llevar a cabo obras de Infraestructura en cada localidad. El gobernador de la provincia de Buenos Aires, Axel Kicillof, junto al ministro de Infraestructura y Servicios P\u00fablicos,\u2026","rel":"","context":"En \u00abProvincia\u00bb","block_context":{"text":"Provincia","link":"https:\/\/www.24baires.com\/?cat=40"},"img":{"alt_text":"","src":"https:\/\/i0.wp.com\/www.24baires.com\/wp-content\/uploads\/2023\/04\/DAE1255-1024x666-1.webp?resize=350%2C200","width":350,"height":200,"srcset":"https:\/\/i0.wp.com\/www.24baires.com\/wp-content\/uploads\/2023\/04\/DAE1255-1024x666-1.webp?resize=350%2C200 1x, https:\/\/i0.wp.com\/www.24baires.com\/wp-content\/uploads\/2023\/04\/DAE1255-1024x666-1.webp?resize=525%2C300 1.5x, https:\/\/i0.wp.com\/www.24baires.com\/wp-content\/uploads\/2023\/04\/DAE1255-1024x666-1.webp?resize=700%2C400 2x"},"classes":[]}],"jetpack_sharing_enabled":true,"jetpack_likes_enabled":true,"_links":{"self":[{"href":"https:\/\/www.24baires.com\/index.php?rest_route=\/wp\/v2\/posts\/87416","targetHints":{"allow":["GET"]}}],"collection":[{"href":"https:\/\/www.24baires.com\/index.php?rest_route=\/wp\/v2\/posts"}],"about":[{"href":"https:\/\/www.24baires.com\/index.php?rest_route=\/wp\/v2\/types\/post"}],"author":[{"embeddable":true,"href":"https:\/\/www.24baires.com\/index.php?rest_route=\/wp\/v2\/users\/8"}],"replies":[{"embeddable":true,"href":"https:\/\/www.24baires.com\/index.php?rest_route=%2Fwp%2Fv2%2Fcomments&post=87416"}],"version-history":[{"count":1,"href":"https:\/\/www.24baires.com\/index.php?rest_route=\/wp\/v2\/posts\/87416\/revisions"}],"predecessor-version":[{"id":87418,"href":"https:\/\/www.24baires.com\/index.php?rest_route=\/wp\/v2\/posts\/87416\/revisions\/87418"}],"wp:attachment":[{"href":"https:\/\/www.24baires.com\/index.php?rest_route=%2Fwp%2Fv2%2Fmedia&parent=87416"}],"wp:term":[{"taxonomy":"category","embeddable":true,"href":"https:\/\/www.24baires.com\/index.php?rest_route=%2Fwp%2Fv2%2Fcategories&post=87416"},{"taxonomy":"post_tag","embeddable":true,"href":"https:\/\/www.24baires.com\/index.php?rest_route=%2Fwp%2Fv2%2Ftags&post=87416"}],"curies":[{"name":"wp","href":"https:\/\/api.w.org\/{rel}","templated":true}]}}