{"id":8738,"date":"2012-12-11T09:00:20","date_gmt":"2012-12-11T12:00:20","guid":{"rendered":"http:\/\/www.24baires.com\/?p=8738"},"modified":"2012-12-11T20:12:41","modified_gmt":"2012-12-11T23:12:41","slug":"la-unnoba-presento-sus-nuevos-medios-de-comunicacion","status":"publish","type":"post","link":"https:\/\/www.24baires.com\/?p=8738","title":{"rendered":"La UNNOBA present\u00f3 sus nuevos medios de comunicaci\u00f3n"},"content":{"rendered":"<p><img data-recalc-dims=\"1\" loading=\"lazy\" decoding=\"async\" class=\"size-medium wp-image-8739 alignleft\" title=\"UNNOBA\" src=\"https:\/\/i0.wp.com\/www.24baires.com\/wp-content\/uploads\/2012\/12\/UNNOBA.png?resize=300%2C200\" alt=\"\" width=\"300\" height=\"200\" srcset=\"https:\/\/i0.wp.com\/www.24baires.com\/wp-content\/uploads\/2012\/12\/UNNOBA.png?resize=300%2C200&amp;ssl=1 300w, https:\/\/i0.wp.com\/www.24baires.com\/wp-content\/uploads\/2012\/12\/UNNOBA.png?w=560&amp;ssl=1 560w\" sizes=\"auto, (max-width: 300px) 100vw, 300px\" \/>La Universidad Nacional Noroeste Buenos Aires (UNNOBA) present\u00f3 formalmente la radio y el proyecto del nuevo portal de noticias en el marco de un acto denominado \u201clos medios de comunicaci\u00f3n y la Universidad\u201d, del cual tambi\u00e9n disertaron referentes de medios regionales.\u00a0<!--more--><\/p>\n<p>En la presentaci\u00f3n, el director de Comunicaci\u00f3n de la Universidad, Marcelo Mir\u00f3, expres\u00f3 \u201cqueremos que la Universidad tenga su propia voz, su forma de expresarse y su manera de tratar la informaci\u00f3n\u201d y asegur\u00f3 que \u201cvenimos a sumar una nueva voz, distinta, con otra perspectiva, que compromete no s\u00f3lo a los periodistas sino a todos los actores de la universidad en el prop\u00f3sito de que nos pensemos como regi\u00f3n\u201d.<\/p>\n<p>Seg\u00fan detall\u00f3 Mir\u00f3, la iniciativa de generar espacios de difusi\u00f3n y relaci\u00f3n con la comunidad, comenz\u00f3 hacia finales de 2010, cuando fundaron su peri\u00f3dico \u201cEl Universitario\u201d. Y, luego, se sum\u00f3 el proyecto de UNNOBA Radio, lo que incluy\u00f3 la existencia de frecuencias en Jun\u00edn y en Pergamino, donde se ubican las sedes de la alta casa de estudios.<\/p>\n<p>En el marco de la presentaci\u00f3n oficial de la emisora, el secretario afirm\u00f3: \u201cese ejercicio nos oblig\u00f3 a pensarnos como regi\u00f3n, que es una de los grandes desaf\u00edos que se plantea la UNNOBA\u201d y adem\u00e1s a\u00f1adi\u00f3 que los medios propios aportan una mirada universitaria sobre los temas que interesan a la regi\u00f3n, a diferencia de la mirada \u201clocal\u201d.<\/p>\n<p>Por \u00faltimo, se present\u00f3 en sociedad el proyecto UNNOBA Noticias, una p\u00e1gina Web que contendr\u00e1 informaci\u00f3n cotidiana de la Universidad, m\u00e1s la que generen los medios de la regi\u00f3n.<\/p>\n<p>\u201cEmpezamos a trabajar en el espacio que m\u00e1s crece hoy: Internet. Hay ciudades como Jun\u00edn que tienen 40 mil perfiles en Facebook y esto habla a las claras del uso que hace la poblaci\u00f3n de este espacio\u201d, dijo Miro al momento de su inauguraci\u00f3n.<\/p>\n<p>La importancia de las nuevas se\u00f1ales<\/p>\n<p>En otro tramo del acto, distintos disertantes valoraron el rol de los medios universitarios por aportar \u201csu propia mirada\u201d y por \u201cno competir y trabajar cooperativamente con los medios preexistentes\u201d.<\/p>\n<p>En este sentido, el rector Guillermo Tamarit, en estas propuestas \u201chay una definici\u00f3n ideol\u00f3gica en el sentido de la defensa del espacio p\u00fablico y de la participaci\u00f3n en los t\u00e9rminos m\u00e1s igualitarios posibles en la construcci\u00f3n del mensaje del sentido que toda comunidad tiene\u201d.<\/p>\n<p>Por su parte, tambi\u00e9n argumentaron sus posiciones distintos periodistas de la regi\u00f3n como Omar Bello (La Verdad), H\u00e9ctor Lebensohn (Democracia) y Guillermo Baduy (La Opini\u00f3n).<\/p>\n<p>Los expositores destacaron el aporte de las universidades para el periodismo y para la regi\u00f3n, que posibilita a los j\u00f3venes graduarse en sus respectivas ciudades. \u201cNos gusta apoyar a la Universidad porque la sentimos parte de nuestra sociedad\u201d, concluyeron.<\/p>\n","protected":false},"excerpt":{"rendered":"<p>La Universidad Nacional Noroeste Buenos Aires (UNNOBA) present\u00f3 formalmente la radio y el proyecto del nuevo portal de noticias en el marco de un acto denominado \u201clos medios de comunicaci\u00f3n y la Universidad\u201d, del cual tambi\u00e9n disertaron referentes de medios regionales.\u00a0<\/p>\n","protected":false},"author":11,"featured_media":0,"comment_status":"open","ping_status":"open","sticky":false,"template":"","format":"standard","meta":{"_jetpack_newsletter_access":"","_jetpack_dont_email_post_to_subs":false,"_jetpack_newsletter_tier_id":0,"_jetpack_memberships_contains_paywalled_content":false,"_jetpack_memberships_contains_paid_content":false,"footnotes":""},"categories":[1],"tags":[],"class_list":["post-8738","post","type-post","status-publish","format-standard","hentry","category-sociedad"],"jetpack_featured_media_url":"","jetpack_shortlink":"https:\/\/wp.me\/p2JWE0-2gW","jetpack-related-posts":[{"id":6261,"url":"https:\/\/www.24baires.com\/?p=6261","url_meta":{"origin":8738,"position":0},"title":"El historiador Osvaldo Bayer disertar\u00e1 en Jun\u00edn","author":"AF","date":"21\/11\/2012","format":false,"excerpt":"Ser\u00e1 el viernes 23 a las 20, como parte de las actividades de la C\u00e1tedra Libre \"Periodismo y participaci\u00f3n gremial\" de la Asociaci\u00f3n de Periodistas del Noroeste Bonaerense (APENOBA), que se dicta en la Universidad Nacional del Noroeste Bonaerense (UNNOBA). Como parte de las actividades programadas por la C\u00e1tedra Libre\u2026","rel":"","context":"En \u00abLocales\u00bb","block_context":{"text":"Locales","link":"https:\/\/www.24baires.com\/?cat=38"},"img":{"alt_text":"","src":"","width":0,"height":0},"classes":[]},{"id":19189,"url":"https:\/\/www.24baires.com\/?p=19189","url_meta":{"origin":8738,"position":1},"title":"Ya funciona en Arrecifes una subsede de la UNNOBA","author":"Grupo Sierra","date":"23\/03\/2013","format":false,"excerpt":"ARRECIFES.- La Universidad Nacional del Noroeste Bonaerense comenz\u00f3 a dictar en esa localidad bonaerense una Tecnicatura Universitaria en Gesti\u00f3n Administrativa. Unos 70 alumnos rindieron los ex\u00e1menes nivelatorios y ya empezaron a cursar la carrera. Ya comenz\u00f3 a funcionar en Arrecifes una Subsede de la Universidad Nacional del Noroeste Bonaerense, abriendo\u2026","rel":"","context":"En \u00abLocales\u00bb","block_context":{"text":"Locales","link":"https:\/\/www.24baires.com\/?cat=38"},"img":{"alt_text":"unnoba_arrecifes","src":"https:\/\/i0.wp.com\/www.24baires.com\/wp-content\/uploads\/2013\/03\/unnoba_arrecifes.jpg?resize=350%2C200","width":350,"height":200,"srcset":"https:\/\/i0.wp.com\/www.24baires.com\/wp-content\/uploads\/2013\/03\/unnoba_arrecifes.jpg?resize=350%2C200 1x, https:\/\/i0.wp.com\/www.24baires.com\/wp-content\/uploads\/2013\/03\/unnoba_arrecifes.jpg?resize=525%2C300 1.5x"},"classes":[]},{"id":33588,"url":"https:\/\/www.24baires.com\/?p=33588","url_meta":{"origin":8738,"position":2},"title":"Unnoba inaugurar\u00e1 el edificio de la Escuela Agraria de Pergamino","author":"AF","date":"15\/10\/2013","format":false,"excerpt":"Se trata de una primera etapa de la nueva sede, construida en el predio de cinco hect\u00e1reas cedido por el Instituto Nacional de Tecnolog\u00eda Agropecuaria (Inta). Las necesidades que dieron origen a la decisi\u00f3n de encarar esta obra fueron las de generar capacidad \u00e1ulica para los \u00faltimos a\u00f1os de las\u2026","rel":"","context":"En \u00abLocales\u00bb","block_context":{"text":"Locales","link":"https:\/\/www.24baires.com\/?cat=38"},"img":{"alt_text":"unnoba","src":"https:\/\/i0.wp.com\/www.24baires.com\/wp-content\/uploads\/2013\/10\/unnoba.jpg?resize=350%2C200","width":350,"height":200,"srcset":"https:\/\/i0.wp.com\/www.24baires.com\/wp-content\/uploads\/2013\/10\/unnoba.jpg?resize=350%2C200 1x, https:\/\/i0.wp.com\/www.24baires.com\/wp-content\/uploads\/2013\/10\/unnoba.jpg?resize=525%2C300 1.5x"},"classes":[]},{"id":31022,"url":"https:\/\/www.24baires.com\/?p=31022","url_meta":{"origin":8738,"position":3},"title":"Lanzan en Pergamino campa\u00f1a contra la tortura","author":"AF","date":"30\/08\/2013","format":false,"excerpt":"La Comisi\u00f3n por la Memoria de la provincia de Buenos Aires impulsar\u00e1 este viernes una iniciativa destinada a acabar con el maltrato en la localidad bonaerense. Seg\u00fan se inform\u00f3 desde la entidad en los \u00faltimos meses \u201cse increment\u00f3 la violencia institucional hacia ni\u00f1os, ni\u00f1as y adolescentes\u201d. Este viernes, desde las\u2026","rel":"","context":"En \u00abLocales\u00bb","block_context":{"text":"Locales","link":"https:\/\/www.24baires.com\/?cat=38"},"img":{"alt_text":"","src":"","width":0,"height":0},"classes":[]},{"id":94709,"url":"https:\/\/www.24baires.com\/?p=94709","url_meta":{"origin":8738,"position":4},"title":"Denuncian intento de fraude en la Universidad de San Antonio de Areco","author":"GB","date":"23\/05\/2017","format":false,"excerpt":"Sectores de la oposici\u00f3n estudiantil le apuntaron al rector Jer\u00f3nimo Ainchil por convocar a elecciones \"de forma irregular\" y por nombrar profesores \"a dedo\". Las autoridades les dijeron que la orden la dio Esteban Bullrich. Estudiantes de la Universidad Nacional de San Antonio de Areco denunciaron que el rector Jer\u00f3nimo\u2026","rel":"","context":"En \u00abSociedad\u00bb","block_context":{"text":"Sociedad","link":"https:\/\/www.24baires.com\/?cat=1"},"img":{"alt_text":"","src":"https:\/\/i0.wp.com\/www.24baires.com\/wp-content\/uploads\/2017\/05\/areco.jpg?resize=350%2C200","width":350,"height":200,"srcset":"https:\/\/i0.wp.com\/www.24baires.com\/wp-content\/uploads\/2017\/05\/areco.jpg?resize=350%2C200 1x, https:\/\/i0.wp.com\/www.24baires.com\/wp-content\/uploads\/2017\/05\/areco.jpg?resize=525%2C300 1.5x"},"classes":[]},{"id":21764,"url":"https:\/\/www.24baires.com\/?p=21764","url_meta":{"origin":8738,"position":5},"title":"Debaten el uso de agrot\u00f3xicos con especialistas en Jun\u00edn","author":"AF","date":"24\/04\/2013","format":false,"excerpt":"La iniciativa surgi\u00f3 del Plenario de Pol\u00edticas P\u00fablicas de Luis Guill\u00f3n, encabezado por el vicegobernador Gabriel Mariotto a fines de febrero \u00faltimo. El foro se realizar\u00e1 este viernes, para perfeccionar un proyecto de ordenanza que se estudia en el Concejo Deliberante. Participar\u00e1n el senador Emilio L\u00f3pez Muntaner, la asesora legal\u2026","rel":"","context":"En \u00abLocales\u00bb","block_context":{"text":"Locales","link":"https:\/\/www.24baires.com\/?cat=38"},"img":{"alt_text":"agrot\u00f3xicos","src":"https:\/\/i0.wp.com\/www.24baires.com\/wp-content\/uploads\/2013\/04\/agrot%C3%B3xicos.jpg?resize=350%2C200","width":350,"height":200,"srcset":"https:\/\/i0.wp.com\/www.24baires.com\/wp-content\/uploads\/2013\/04\/agrot%C3%B3xicos.jpg?resize=350%2C200 1x, https:\/\/i0.wp.com\/www.24baires.com\/wp-content\/uploads\/2013\/04\/agrot%C3%B3xicos.jpg?resize=525%2C300 1.5x"},"classes":[]}],"jetpack_sharing_enabled":true,"jetpack_likes_enabled":true,"_links":{"self":[{"href":"https:\/\/www.24baires.com\/index.php?rest_route=\/wp\/v2\/posts\/8738","targetHints":{"allow":["GET"]}}],"collection":[{"href":"https:\/\/www.24baires.com\/index.php?rest_route=\/wp\/v2\/posts"}],"about":[{"href":"https:\/\/www.24baires.com\/index.php?rest_route=\/wp\/v2\/types\/post"}],"author":[{"embeddable":true,"href":"https:\/\/www.24baires.com\/index.php?rest_route=\/wp\/v2\/users\/11"}],"replies":[{"embeddable":true,"href":"https:\/\/www.24baires.com\/index.php?rest_route=%2Fwp%2Fv2%2Fcomments&post=8738"}],"version-history":[{"count":3,"href":"https:\/\/www.24baires.com\/index.php?rest_route=\/wp\/v2\/posts\/8738\/revisions"}],"predecessor-version":[{"id":8742,"href":"https:\/\/www.24baires.com\/index.php?rest_route=\/wp\/v2\/posts\/8738\/revisions\/8742"}],"wp:attachment":[{"href":"https:\/\/www.24baires.com\/index.php?rest_route=%2Fwp%2Fv2%2Fmedia&parent=8738"}],"wp:term":[{"taxonomy":"category","embeddable":true,"href":"https:\/\/www.24baires.com\/index.php?rest_route=%2Fwp%2Fv2%2Fcategories&post=8738"},{"taxonomy":"post_tag","embeddable":true,"href":"https:\/\/www.24baires.com\/index.php?rest_route=%2Fwp%2Fv2%2Ftags&post=8738"}],"curies":[{"name":"wp","href":"https:\/\/api.w.org\/{rel}","templated":true}]}}