{"id":8731,"date":"2012-12-11T17:34:20","date_gmt":"2012-12-11T20:34:20","guid":{"rendered":"http:\/\/www.24baires.com\/?p=8731"},"modified":"2012-12-12T13:57:16","modified_gmt":"2012-12-12T16:57:16","slug":"clarin-no-soporta-que-la-democracia-y-las-instituciones-le-pongan-limites","status":"publish","type":"post","link":"https:\/\/www.24baires.com\/?p=8731","title":{"rendered":"\u00abClar\u00edn no soporta que la democracia y las instituciones le pongan l\u00edmites\u00bb"},"content":{"rendered":"<p>El titular del AFSCA, <strong>Mart\u00edn Sabbatella,<\/strong> consider\u00f3 que la resoluci\u00f3n de la C\u00e1mara Civil y Comercial que extiende la medida cautelar sobre dos art\u00edculos de la ley de medios \u201ces vergonzosa\u201d y adem\u00e1s consider\u00f3 que \u201cnecesitamos que la Justicia se libere de las presiones corporativas, econ\u00f3micas\u201d.<!--more--><br \/>\n\u00abLa Ley es constitucional hasta que un fallo firme diga lo contrario. Sino, no hay orden jur\u00eddico posible\u00bb, sostuvo el titular de la Autoridad Federal de Servicios de Comunicaci\u00f3n Audiovisual (AFSCA).<\/p>\n<p>\u00abEl pa\u00eds y sus instituciones no pueden ser rehenes de los intereses corporativos. Si las decisiones del Congreso son trabadas por sectores minoritarios que tienen mucha capacidad de presi\u00f3n, el riesgo para la democracia y para la sociedad es muy grande y muy grave\u00bb, asegur\u00f3.<\/p>\n<p>\u00abHay que partir de la presunci\u00f3n de constitucionalidad de una ley sancionada en el congreso nacional\u201d, subray\u00f3, y destac\u00f3 que \u201csi una ley puede estar frenada, sin resoluci\u00f3n, por m\u00e1s de tres a\u00f1os todo se torna inestable; eso lesiona la democracia y la gobernabilidad\u201d.<\/p>\n<p>Por otra parte, consider\u00f3 que la resoluci\u00f3n de la C\u00e1mara Civil y Comercial que extiende la medida cautelar sobre dos art\u00edculos de la Ley de Medios \u201ces vergonzosa\u201d y adem\u00e1s analiz\u00f3 que \u201cnecesitamos que la Justicia se libere de las presiones corporativas, econ\u00f3micas\u201d.<\/p>\n<p>El titular de la AFSCA se\u00f1al\u00f3 adem\u00e1s que desde el Poder Ejecutivo se plantea \u00abla nulidad de la resoluci\u00f3n de la C\u00e1mara, ya que desobedece a la propia Corte tanto respecto del l\u00edmite de la cautelar como respecto del plazo\u00bb.<\/p>\n<p>\u00abEsperamos que la Corte sostenga su propia resoluci\u00f3n, porque hay un tribunal inferior que est\u00e1 contradiciendo al tribunal superior\u00bb dijo, y agreg\u00f3 que \u00abhay una parte de la justicia que est\u00e1 colonizada por las corporaciones\u00bb.<\/p>\n<p>Consultado respecto de la aplicaci\u00f3n del art\u00edculo 161 que prev\u00e9 la adecuaci\u00f3n de licencias para Clar\u00edn y otros grupos de Medios, explic\u00f3 que salvo el multimedios de la familia Noble-Herrera, todos los restantes presentaron sus planes antes del 7D y se\u00f1al\u00f3 que \u00abse est\u00e1 trabajando con ellos\u00bb.<\/p>\n<p>En ese sentido, se\u00f1al\u00f3 que \u00abel esp\u00edritu de la AFSCA es generar igualdad de condiciones para todos y no se van a tomar medidas que favorezcan la concentraci\u00f3n medi\u00e1tica\u00bb, destac\u00f3 Sabbatella.<\/p>\n<p>Asimismo, critic\u00f3 a los pol\u00edticos opositores que \u00abson funcionales a las estrategias de Clar\u00edn\u00bb donde se planean \u00abescenarios que le permitan no cumplir con la ley\u00bb.<\/p>\n<p>\u00abClar\u00edn no soporta que la democracia y las instituciones les pongan limites\u00bb, concluy\u00f3.<\/p>\n<p>&nbsp;<\/p>\n<p>&nbsp;<\/p>\n<p>&nbsp;<\/p>\n<p>&nbsp;<\/p>\n<p>&nbsp;<\/p>\n<p>&nbsp;<\/p>\n<p>&nbsp;<\/p>\n<p>&nbsp;<\/p>\n<p>&nbsp;<\/p>\n<p>&nbsp;<\/p>\n<p>&nbsp;<\/p>\n<p>&nbsp;<\/p>\n<p>&nbsp;<\/p>\n<p>&nbsp;<\/p>\n<p>&nbsp;<\/p>\n<p>&nbsp;<\/p>\n<p>&nbsp;<\/p>\n","protected":false},"excerpt":{"rendered":"<p>El titular del AFSCA, Mart\u00edn Sabbatella, consider\u00f3 que la resoluci\u00f3n de la C\u00e1mara Civil y Comercial que extiende la medida cautelar sobre dos art\u00edculos de la ley de medios \u201ces vergonzosa\u201d y adem\u00e1s consider\u00f3 que \u201cnecesitamos que la Justicia se libere de las presiones corporativas, econ\u00f3micas\u201d.<\/p>\n","protected":false},"author":11,"featured_media":0,"comment_status":"open","ping_status":"open","sticky":false,"template":"","format":"standard","meta":{"_jetpack_newsletter_access":"","_jetpack_dont_email_post_to_subs":false,"_jetpack_newsletter_tier_id":0,"_jetpack_memberships_contains_paywalled_content":false,"_jetpack_memberships_contains_paid_content":false,"footnotes":""},"categories":[54],"tags":[],"class_list":["post-8731","post","type-post","status-publish","format-standard","hentry","category-medios"],"jetpack_featured_media_url":"","jetpack_shortlink":"https:\/\/wp.me\/p2JWE0-2gP","jetpack-related-posts":[{"id":9149,"url":"https:\/\/www.24baires.com\/?p=9149","url_meta":{"origin":8731,"position":0},"title":"Sabbatella Feliz: \u00abEstamos muy contentos, se hizo justicia\u00bb","author":"Grupo Sierra","date":"14\/12\/2012","format":false,"excerpt":"El titular de la Autoridad Federal de Servicios de Comunicaci\u00f3n Audiovisual (AFSCA) se\u00f1al\u00f3 que \u201cse termin\u00f3 la medida cautelar\u201d y \u201cse aplicar\u00e1 la ley de Servicios de Comunicaci\u00f3n Audiovisual de manera integral\u201d. \u00a0La sonrisa no le entraba en la cara al Jefe del AFSCA.\u00a0 \u00a0 El titular de la Autoridad\u2026","rel":"","context":"En \u00abMedios\u00bb","block_context":{"text":"Medios","link":"https:\/\/www.24baires.com\/?cat=54"},"img":{"alt_text":"sabbatella rie","src":"https:\/\/i0.wp.com\/www.24baires.com\/wp-content\/uploads\/2012\/12\/sabbatella-rie-300x200.jpg?resize=350%2C200","width":350,"height":200},"classes":[]},{"id":34725,"url":"https:\/\/www.24baires.com\/?p=34725","url_meta":{"origin":8731,"position":1},"title":"\u00abAfsca a\u00fan no opin\u00f3 sobre el contenido del plan del Grupo Clar\u00edn\u201d","author":"AF","date":"06\/11\/2013","format":false,"excerpt":"El titular de la Autoridad Federal de Servicios de Comunicaci\u00f3n Audiovisual consider\u00f3 \"un paso muy importante\" que \"todos los grupos de medios en Argentina\" hayan presentado ya sus procesos de adecuaci\u00f3n a la ley y aclar\u00f3 que el organismo \"a\u00fan no opin\u00f3 sobre el contenido\" de la propuesta presentada por\u2026","rel":"","context":"En \u00abMedios\u00bb","block_context":{"text":"Medios","link":"https:\/\/www.24baires.com\/?cat=54"},"img":{"alt_text":"afsca cordoba","src":"https:\/\/i0.wp.com\/www.24baires.com\/wp-content\/uploads\/2013\/02\/afsca-cordoba-300x200.jpg?resize=350%2C200","width":350,"height":200},"classes":[]},{"id":2745,"url":"https:\/\/www.24baires.com\/?p=2745","url_meta":{"origin":8731,"position":2},"title":"Sabbatella sostuvo que \u00abquienes quieren evitar la vigencia de la Ley de Medios, buscan sostener sus privilegios\u00bb","author":"Grupo Sierra","date":"20\/10\/2012","format":false,"excerpt":"El titular de la Afsca dijo que \u201cArgentina dej\u00f3 de estar gobernada por las corporaciones\u201d, y explic\u00f3 que los que quieren evitar que la Ley de Medios entre en plena vigencia buscan \"sostener sus privilegios\". \u201cEl debate de fondo, que subyace entre quienes queremos que se respete la ley y\u2026","rel":"","context":"En \u00abMedios\u00bb","block_context":{"text":"Medios","link":"https:\/\/www.24baires.com\/?cat=54"},"img":{"alt_text":"","src":"https:\/\/i0.wp.com\/www.24baires.com\/wp-content\/uploads\/2012\/10\/sabbatella111.jpg?resize=350%2C200","width":350,"height":200,"srcset":"https:\/\/i0.wp.com\/www.24baires.com\/wp-content\/uploads\/2012\/10\/sabbatella111.jpg?resize=350%2C200 1x, https:\/\/i0.wp.com\/www.24baires.com\/wp-content\/uploads\/2012\/10\/sabbatella111.jpg?resize=525%2C300 1.5x"},"classes":[]},{"id":32238,"url":"https:\/\/www.24baires.com\/?p=32238","url_meta":{"origin":8731,"position":3},"title":"\u201cLa ley no regula contenidos, Clar\u00edn vuelve a mentir\u201d lanz\u00f3 Sabbatella","author":"Grupo Sierra","date":"21\/09\/2013","format":false,"excerpt":"El titular de la Afsca, Mart\u00edn Sabbatella, acus\u00f3 al Grupo Clar\u00edn por \u201cmentir a sus lectores\", adem\u00e1s de \"esconder y tergiversar informaci\u00f3n con el \u00fanico objetivo de proteger sus privilegios\u201d, al salir al cruce de una solicitada en contra de la ley de Medios publicada en el principal diario del\u2026","rel":"","context":"En \u00abMedios\u00bb","block_context":{"text":"Medios","link":"https:\/\/www.24baires.com\/?cat=54"},"img":{"alt_text":"","src":"","width":0,"height":0},"classes":[]},{"id":7722,"url":"https:\/\/www.24baires.com\/?p=7722","url_meta":{"origin":8731,"position":4},"title":"7D: El \u00faltimo plazo para adecuarse es a la medianoche del viernes","author":"Grupo Sierra","date":"03\/12\/2012","format":false,"excerpt":"El titular de la Afsca precis\u00f3 que presentaron su adecuaci\u00f3n a la ley de medios \"14 grupos de los 21 que ten\u00edan que hacerlo\" y reafirm\u00f3 que \"la fecha l\u00edmite\" para \"sigue siendo el 7 de diciembre\".\u00a0 \u00a0 \u00a0 \"Esperamos que en estos d\u00edas se complete y estamos convencidos de\u2026","rel":"","context":"En \u00abMedios\u00bb","block_context":{"text":"Medios","link":"https:\/\/www.24baires.com\/?cat=54"},"img":{"alt_text":"","src":"","width":0,"height":0},"classes":[]},{"id":9252,"url":"https:\/\/www.24baires.com\/?p=9252","url_meta":{"origin":8731,"position":5},"title":"\u00abCorporaci\u00f3n o pueblo\u00bb","author":"Grupo Sierra","date":"15\/12\/2012","format":false,"excerpt":"El titular de la AFSCA asever\u00f3 que la discusi\u00f3n que se plantea con la ley de medios es \u201cquien define el rumbo del pa\u00eds, si las corporaciones o el pueblo a trav\u00e9s de sus representantes\u201d. A un d\u00eda del fallo del juez Horacio Alfonso sobre la constitucionalidad de art\u00edculos claves\u2026","rel":"","context":"En \u00abPol\u00edtica\u00bb","block_context":{"text":"Pol\u00edtica","link":"https:\/\/www.24baires.com\/?cat=51"},"img":{"alt_text":"sabbatella desafio","src":"https:\/\/i0.wp.com\/www.24baires.com\/wp-content\/uploads\/2012\/10\/sabbatella-desafio.jpg?resize=350%2C200","width":350,"height":200,"srcset":"https:\/\/i0.wp.com\/www.24baires.com\/wp-content\/uploads\/2012\/10\/sabbatella-desafio.jpg?resize=350%2C200 1x, https:\/\/i0.wp.com\/www.24baires.com\/wp-content\/uploads\/2012\/10\/sabbatella-desafio.jpg?resize=525%2C300 1.5x"},"classes":[]}],"jetpack_sharing_enabled":true,"jetpack_likes_enabled":true,"_links":{"self":[{"href":"https:\/\/www.24baires.com\/index.php?rest_route=\/wp\/v2\/posts\/8731","targetHints":{"allow":["GET"]}}],"collection":[{"href":"https:\/\/www.24baires.com\/index.php?rest_route=\/wp\/v2\/posts"}],"about":[{"href":"https:\/\/www.24baires.com\/index.php?rest_route=\/wp\/v2\/types\/post"}],"author":[{"embeddable":true,"href":"https:\/\/www.24baires.com\/index.php?rest_route=\/wp\/v2\/users\/11"}],"replies":[{"embeddable":true,"href":"https:\/\/www.24baires.com\/index.php?rest_route=%2Fwp%2Fv2%2Fcomments&post=8731"}],"version-history":[{"count":3,"href":"https:\/\/www.24baires.com\/index.php?rest_route=\/wp\/v2\/posts\/8731\/revisions"}],"predecessor-version":[{"id":8737,"href":"https:\/\/www.24baires.com\/index.php?rest_route=\/wp\/v2\/posts\/8731\/revisions\/8737"}],"wp:attachment":[{"href":"https:\/\/www.24baires.com\/index.php?rest_route=%2Fwp%2Fv2%2Fmedia&parent=8731"}],"wp:term":[{"taxonomy":"category","embeddable":true,"href":"https:\/\/www.24baires.com\/index.php?rest_route=%2Fwp%2Fv2%2Fcategories&post=8731"},{"taxonomy":"post_tag","embeddable":true,"href":"https:\/\/www.24baires.com\/index.php?rest_route=%2Fwp%2Fv2%2Ftags&post=8731"}],"curies":[{"name":"wp","href":"https:\/\/api.w.org\/{rel}","templated":true}]}}