{"id":8728,"date":"2012-12-11T19:31:20","date_gmt":"2012-12-11T22:31:20","guid":{"rendered":"http:\/\/www.24baires.com\/?p=8728"},"modified":"2012-12-11T19:31:20","modified_gmt":"2012-12-11T22:31:20","slug":"detectaron-trabajo-infantil-en-varios-hornos-de-ladrillos-de-la-provincia","status":"publish","type":"post","link":"https:\/\/www.24baires.com\/?p=8728","title":{"rendered":"Detectaron trabajo infantil en varios hornos de ladrillos de la Provincia"},"content":{"rendered":"<p>El ministerio de Trabajo de la provincia llev\u00f3 a cabo un operativo de inspecciones que abarc\u00f3 14 puntos y se realiz\u00f3 en forma simult\u00e1nea en\u00a0Bah\u00eda Blanca, Tandil, Lober\u00eda, Chivilcoy, Chacabuco, Pergamino, Campana, Carlos Spegazzini, Canning, Marcos Paz, San Andr\u00e9s de Giles, Balcarce, Sierra de los Padres y La Matanza.<!--more--><\/p>\n<p>El ministerio de Trabajo de la provincia de Buenos Aires realiz\u00f3 ayer un amplio operativo de inspecciones que abarc\u00f3 relevamientos en 14 puntos de la Provincia en forma simult\u00e1nea. Los resultados arrojaron la detecci\u00f3n de incluso de tres casos de trabajo infantil e importantes falencias tanto en el aspecto laboral como en el de salud e higiene de los trabajadores. Las tareas estuvieron coordinadas por el subsecretario de Trabajo, Carlos Molina.<\/p>\n<p>Dicho procedimiento fue organizado por la direcci\u00f3n de Inspecciones de la cartera laboral que conduce el ministro Oscar Cuartango, que dispuso los controles en establecimientos situados en Bah\u00eda Blanca, Tandil, Lober\u00eda, Chivilcoy, Chacabuco, Pergamino, Campana, Carlos Spegazzini, Canning, Marcos Paz, San Andr\u00e9s de Giles, Balcarce, Sierra de los Padres y La Matanza.<\/p>\n<p>En ese marco, se detect\u00f3 la presencia de 252 trabajadores desarrollando tareas en 39 establecimientos dedicados a la conformaci\u00f3n de hornos de ladrillo para su comercializaci\u00f3n. De ese total de empleados, se encontr\u00f3 un trabajador de 14 a\u00f1os, uno de 16 y otro de 17.<\/p>\n<p>Cabe destacar que, en todos los casos, se intim\u00f3 a los responsables a presentar la documentaci\u00f3n que acredite el v\u00ednculo legal entre los trabajadores y las empresas y se verific\u00f3 que en ning\u00fan caso exist\u00eda la registraci\u00f3n laboral adecuada, de modo que se labr\u00f3 un acta intimando a presentar la documentaci\u00f3n para regularizar la situaci\u00f3n.<br \/>\nAsimismo, los agentes del ministerio de Trabajo que actuaron bajo la coordinaci\u00f3n del director provincial de Inspecci\u00f3n, Ra\u00fal Ferrara, determinaron la suspensi\u00f3n de las tareas en 15 establecimientos debido al incumplimiento de las normas vigentes de seguridad e higiene, ya que se detectaron ba\u00f1os en precarias condiciones, falta de agua potable, falta de matafuegos y ausencia de botiqu\u00edn medico. A su vez, se constat\u00f3 que los trabajadores no utilizaban el calzado adecuado ni la ropa para desarrollar las tareas con seguridad.<\/p>\n<p>En este marco, Carlos Molina destac\u00f3 \u201cla importancia en la constancia de las inspecciones para garantizar la seguridad y los derechos de los trabajadores\u201d, y agreg\u00f3 que \u201cel gobernador Scioli promueve el trabajo como la principal herramienta de inclusi\u00f3n social, pero no se trata de promover cualquier trabajo sino uno que sea decente, que permita integrar a toda la sociedad al desarrollo productivo\u201d.<\/p>\n<p>\u00abEstos relevamientos se hicieron simult\u00e1neamente en 14 puntos de la Provincia, tanto en el Gran Buenos Aires como en el Interior \u2013explic\u00f3 Molina-. Se visitaron diversos establecimientos de hornos de ladrillos, cada uno con sus particularidades pero a grandes rasgos nos encontramos con el mismo panorama. Situaciones realmente muy precarias en cuanto a la higiene y seguridad que motivaron a que se suspendan las tareas en la mayor\u00eda de los hornos ya que la situaci\u00f3n pone en riesgo la vida de los trabajadores. Vimos maquinarias sin cobertura de protecci\u00f3n, la falta de apuntalamiento de las paredes de ladrillos, sanitarios en mal estado -incluso encontramos ba\u00f1os cuyas accesos estaban cerrados con candados -, falta de elementos de protecci\u00f3n personal, de matafuegos, etc., circunstancias que tambi\u00e9n se infraccionaron\u201d.<\/p>\n<p>Y por \u00faltimo, el Subsecretario remarc\u00f3 que \u201cesta cr\u00edtica situaci\u00f3n es la que deben revertir los empleadores, junto a la presentaci\u00f3n de la documentaci\u00f3n que acredite la correcta registraci\u00f3n de los trabajadores. La gesti\u00f3n del gobernador Scioli siempre ha priorizado la concientizaci\u00f3n y la capacitaci\u00f3n antes que las inspecciones compulsivas, pero por supuesto, hay situaciones que ponen en riesgo la salud y debemos ser inflexibles ante esa situaci\u00f3n\u201d, concluy\u00f3.<br \/>\nCabe destacar que la comitiva del ministerio de Trabajo fue acompa\u00f1ada por efectivos de la polic\u00eda de provincia de Buenos Aires. A su vez, los responsables de los relevamientos en cada zona fueron los siguientes: en Pergamino, el director Provincial de Delegaciones, Jorge G\u00f3mez de Saravia; en Canning, el director de Inspecci\u00f3n laboral, Mariano Salom\u00f3n; en San Andr\u00e9s de Giles, el director de Inspecci\u00f3n en Higiene y Seguridad, Juan Coscarelli y el Jefe de Coordinadores, Lisandro Zorraindo; en Bah\u00eda Blanca, el coordinador regional Jorge Narciande; en Tandil, Juan Manuel Silveira; en Lober\u00eda, Jorge Mart\u00ednez; en Chivilcoy, Omar Salda\u00f1o; en Chacabuco, \u00c1ngel P\u00e9rez; en Campana, Eduardo Cataldi; en Carlos Spegazzini, Ibar Lucero; en Marcos Paz, Jaquel\u00edn L\u00f3pez; en Balcarce, Mar\u00eda Jos\u00e9 Amigorena y en Sierra de Los Padres, Celina G\u00f3mez Hauser.<br \/>\n<strong>Datos de los relevamientos hechos en cada punto de la Provincia<\/strong><br \/>\nEn Bah\u00eda Blanca se relevaron 41 trabajadores en 8 establecimientos. Se encontraron familias de nacionalidad boliviana viviendo en condiciones precarias. Se encontr\u00f3 un trabajador de 14 a\u00f1os; en Tandil se encontraron 11 trabajadores en 2 establecimientos. Se detect\u00f3 la presencia de 2 menores trabajando; en Lober\u00eda, 11 trabajadores relevados en 2 establecimientos; en Chivilcoy, 33 trabajadores relevados en 3 establecimientos. Se suspendi\u00f3 tareas en 1 de los hornos; en Chacabuco, 10 trabajadores relevados en 3 establecimientos. Se suspendi\u00f3 tareas en 1 de los hornos; en Pergamino, 29 trabajadores relevados en 4 establecimientos. Se suspendi\u00f3 tareas en todos los hornos visitados, en Campana, 8 trabajadores relevados en 3 establecimientos; en Carlos Spegazzini, 11 trabajadores relevados en 2 establecimientos. Se suspendi\u00f3 tareas en uno de los hornos; en Canning: 20 trabajadores relevados en 1 establecimiento; en Marcos Paz, 37 trabajadores relevados en 4 establecimientos; San Andr\u00e9s de Giles, 20 trabajadores relevados en 2 establecimientos; en Balcarce, 9 trabajadores relevados en 2 establecimientos; en Sierra de los Padres, 7 trabajadores relevados en 2 establecimientos y por \u00faltimo en La Matanza, 5 trabajadores relevados en 1 establecimiento.<\/p>\n","protected":false},"excerpt":{"rendered":"<p>El ministerio de Trabajo de la provincia llev\u00f3 a cabo un operativo de inspecciones que abarc\u00f3 14 puntos y se realiz\u00f3 en forma simult\u00e1nea en\u00a0Bah\u00eda Blanca, Tandil, Lober\u00eda, Chivilcoy, Chacabuco, Pergamino, Campana, Carlos Spegazzini, Canning, Marcos Paz, San Andr\u00e9s de Giles, Balcarce, Sierra de los Padres y La Matanza.<\/p>\n","protected":false},"author":11,"featured_media":0,"comment_status":"open","ping_status":"open","sticky":false,"template":"","format":"standard","meta":{"_jetpack_newsletter_access":"","_jetpack_dont_email_post_to_subs":false,"_jetpack_newsletter_tier_id":0,"_jetpack_memberships_contains_paywalled_content":false,"_jetpack_memberships_contains_paid_content":false,"footnotes":""},"categories":[40],"tags":[],"class_list":["post-8728","post","type-post","status-publish","format-standard","hentry","category-provincia"],"jetpack_featured_media_url":"","jetpack_shortlink":"https:\/\/wp.me\/p2JWE0-2gM","jetpack-related-posts":[{"id":41997,"url":"https:\/\/www.24baires.com\/?p=41997","url_meta":{"origin":8728,"position":0},"title":"Quemaron equipamiento del Ministerio de Trabajo luego de una inspecci\u00f3n en Villarino","author":"Grupo Sierra","date":"12\/03\/2014","format":false,"excerpt":"En la ma\u00f1ana de hoy, un grupo de productores rurales dedicados a la cosecha de cebolla, cort\u00f3 la Ruta 3 en la localidad de Villarino y luego se dirigi\u00f3 al establecimiento donde se encontraban alojados los agentes del ministerio de Trabajo para incendiar una camioneta 4 x 4 que conten\u00eda\u2026","rel":"","context":"En \u00abLocales\u00bb","block_context":{"text":"Locales","link":"https:\/\/www.24baires.com\/?cat=38"},"img":{"alt_text":"","src":"","width":0,"height":0},"classes":[]},{"id":116952,"url":"https:\/\/www.24baires.com\/?p=116952","url_meta":{"origin":8728,"position":1},"title":"Kicillof se aplic\u00f3 la vacuna contra el Coronavirus y comienza la campa\u00f1a en la Provincia","author":"GB","date":"29\/12\/2020","format":false,"excerpt":"El gobernador fue el primero en recibir la vacuna Sputnik V en la provincia de Buenos Aires junto a un m\u00e9dico terapista y dos enfermeras. El gobernador de Buenos Aires, Axel Kicillof, un m\u00e9dico terapista y dos enfermeras, fueron los primeros en recibir la vacuna rusa este martes 29 de\u2026","rel":"","context":"En \u00abProvincia\u00bb","block_context":{"text":"Provincia","link":"https:\/\/www.24baires.com\/?cat=40"},"img":{"alt_text":"","src":"https:\/\/i0.wp.com\/www.24baires.com\/wp-content\/uploads\/2020\/12\/kicillof-se-aplico-la-vacuna-contra-el-coronavirus-el-hospital-san-martin-la-plata-300x200.jpeg?resize=350%2C200","width":350,"height":200},"classes":[]},{"id":16227,"url":"https:\/\/www.24baires.com\/?p=16227","url_meta":{"origin":8728,"position":2},"title":"M\u00e1s del 20% de los micros inspeccionados en la Provincia fueron sancionados","author":"AF","date":"20\/02\/2013","format":false,"excerpt":"M\u00e1s de 20% de los \u00f3mnibus de larga distancia inspeccionados durante febrero en las principales terminales de la provincia de Buenos Aires no cumpl\u00edan con la debida registraci\u00f3n laboral de sus choferes o no respetaban el horario de descanso. En relevamientos realizados los d\u00edas 8, 13, 14, 15 y 17\u2026","rel":"","context":"En \u00abSociedad\u00bb","block_context":{"text":"Sociedad","link":"https:\/\/www.24baires.com\/?cat=1"},"img":{"alt_text":"controles \u00f3mnibus","src":"https:\/\/i0.wp.com\/www.24baires.com\/wp-content\/uploads\/2013\/02\/controles-%C3%B3mnibus-300x200.jpg?resize=350%2C200","width":350,"height":200},"classes":[]},{"id":14708,"url":"https:\/\/www.24baires.com\/?p=14708","url_meta":{"origin":8728,"position":3},"title":"Detectaron un 23% de irregularidades en las principales terminales de la Provincia","author":"AF","date":"05\/02\/2013","format":false,"excerpt":"El ministerio de Trabajo de la provincia de Buenos Aires llev\u00f3 a cabo durante el \u00faltimo fin de semana de recambio tur\u00edstico, un fuerte operativo de inspecciones en las principales terminales de \u00f3mnibus de la Provincia, a fin de constatar que se respete el horario de descaso de los choferes\u2026","rel":"","context":"En \u00abProvincia\u00bb","block_context":{"text":"Provincia","link":"https:\/\/www.24baires.com\/?cat=40"},"img":{"alt_text":"","src":"","width":0,"height":0},"classes":[]},{"id":118581,"url":"https:\/\/www.24baires.com\/?p=118581","url_meta":{"origin":8728,"position":4},"title":"Provincia articula con AFIP para combatir el trabajo ilegal","author":"GB","date":"24\/02\/2022","format":false,"excerpt":"El objetivo de Provincia es definir l\u00edneas de trabajo con AFIP para prevenir y detectar en el \u00e1mbito bonaerense actividades laborales por fuera de la ley. La ministra de Trabajo bonaerense, Mara Ruiz Malec, se reuni\u00f3 con el director General de Recursos de la Seguridad Social de la AFIP, Carlos\u2026","rel":"","context":"En \u00abProvincia\u00bb","block_context":{"text":"Provincia","link":"https:\/\/www.24baires.com\/?cat=40"},"img":{"alt_text":"","src":"https:\/\/i0.wp.com\/www.24baires.com\/wp-content\/uploads\/2022\/02\/articulacion-trabajo-300x200.jpg?resize=350%2C200","width":350,"height":200},"classes":[]},{"id":108498,"url":"https:\/\/www.24baires.com\/?p=108498","url_meta":{"origin":8728,"position":5},"title":"Bullrich volvi\u00f3 a hablar sobre un caso judicial sin tener pruebas","author":"AF","date":"30\/05\/2019","format":false,"excerpt":"Una fiscal\u00eda de R\u00edo Tercero que investiga a un hombre detenido por pornograf\u00eda infantil desminti\u00f3 a la ministra de Seguridad. Desde el Ministerio P\u00fablico Fiscal (MPF) de C\u00f3rdoba desmintieron a la ministra de Seguridad, Patricia Bullrich, quien sostuvo que la detenci\u00f3n en R\u00edo Tercero de un hombre de 22 a\u00f1os\u2026","rel":"","context":"En \u00abSociedad\u00bb","block_context":{"text":"Sociedad","link":"https:\/\/www.24baires.com\/?cat=1"},"img":{"alt_text":"","src":"https:\/\/i0.wp.com\/www.24baires.com\/wp-content\/uploads\/2017\/11\/bullrich-garavagno.jpg?resize=350%2C200","width":350,"height":200,"srcset":"https:\/\/i0.wp.com\/www.24baires.com\/wp-content\/uploads\/2017\/11\/bullrich-garavagno.jpg?resize=350%2C200 1x, https:\/\/i0.wp.com\/www.24baires.com\/wp-content\/uploads\/2017\/11\/bullrich-garavagno.jpg?resize=525%2C300 1.5x"},"classes":[]}],"jetpack_sharing_enabled":true,"jetpack_likes_enabled":true,"_links":{"self":[{"href":"https:\/\/www.24baires.com\/index.php?rest_route=\/wp\/v2\/posts\/8728","targetHints":{"allow":["GET"]}}],"collection":[{"href":"https:\/\/www.24baires.com\/index.php?rest_route=\/wp\/v2\/posts"}],"about":[{"href":"https:\/\/www.24baires.com\/index.php?rest_route=\/wp\/v2\/types\/post"}],"author":[{"embeddable":true,"href":"https:\/\/www.24baires.com\/index.php?rest_route=\/wp\/v2\/users\/11"}],"replies":[{"embeddable":true,"href":"https:\/\/www.24baires.com\/index.php?rest_route=%2Fwp%2Fv2%2Fcomments&post=8728"}],"version-history":[{"count":2,"href":"https:\/\/www.24baires.com\/index.php?rest_route=\/wp\/v2\/posts\/8728\/revisions"}],"predecessor-version":[{"id":8730,"href":"https:\/\/www.24baires.com\/index.php?rest_route=\/wp\/v2\/posts\/8728\/revisions\/8730"}],"wp:attachment":[{"href":"https:\/\/www.24baires.com\/index.php?rest_route=%2Fwp%2Fv2%2Fmedia&parent=8728"}],"wp:term":[{"taxonomy":"category","embeddable":true,"href":"https:\/\/www.24baires.com\/index.php?rest_route=%2Fwp%2Fv2%2Fcategories&post=8728"},{"taxonomy":"post_tag","embeddable":true,"href":"https:\/\/www.24baires.com\/index.php?rest_route=%2Fwp%2Fv2%2Ftags&post=8728"}],"curies":[{"name":"wp","href":"https:\/\/api.w.org\/{rel}","templated":true}]}}