{"id":87242,"date":"2016-09-06T18:37:56","date_gmt":"2016-09-06T21:37:56","guid":{"rendered":"http:\/\/www.24baires.com\/?p=87242"},"modified":"2016-09-06T18:37:56","modified_gmt":"2016-09-06T21:37:56","slug":"el-gobierno-reemplazo-a-telesur-por-un-canal-humoristico-en-la-television-digital","status":"publish","type":"post","link":"https:\/\/www.24baires.com\/?p=87242","title":{"rendered":"El Gobierno reemplaz\u00f3 a Telesur por un canal humor\u00edstico en la Televisi\u00f3n Digital"},"content":{"rendered":"<p><img data-recalc-dims=\"1\" loading=\"lazy\" decoding=\"async\" src=\"https:\/\/i0.wp.com\/www.24baires.com\/wp-content\/uploads\/2016\/09\/mago-del-pro.jpg?resize=560%2C419\" alt=\"mago del pro\" width=\"560\" height=\"419\" class=\"aligncenter size-full wp-image-87243\" srcset=\"https:\/\/i0.wp.com\/www.24baires.com\/wp-content\/uploads\/2016\/09\/mago-del-pro.jpg?w=560&amp;ssl=1 560w, https:\/\/i0.wp.com\/www.24baires.com\/wp-content\/uploads\/2016\/09\/mago-del-pro.jpg?resize=300%2C224&amp;ssl=1 300w\" sizes=\"auto, (max-width: 560px) 100vw, 560px\" \/>\u201cArgenTV\u201d es la se\u00f1al que reemplaz\u00f3 al canal multiestatal en el sistema de televisi\u00f3n digital abierta. Adem\u00e1s del medi\u00e1tico macrista, tiene como principales figuras a Teto Medina, Cacho Rubio, Cacho Buenaventura y Paula Pombo.<!--more--><\/p>\n<p>El Titular del Sistema Federal de Medios y Contenidos P\u00fablicos, Hern\u00e1n Lombardi, decidi\u00f3 dar de baja de la  Televisi\u00f3n Digital Abierta (TDA) al Telesur para poner en su lugar a \u00abArgenTV\u00bb. La nueva se\u00f1al que empez\u00f3 a transmitirse esta semana tiene como principales figuras al  medi\u00e1tico macrista Pablo \u00abMago Sin Dientes\u00bb Cabaleiro, al \u00abTeto\u00bb Medina, Cacho Rubio, Cacho Buenaventura y Paula Pombo.<\/p>\n<p>Los estudios del nuevo canal de la TDA  funcionan en el Hotel Las Naciones, es una torre habilitada como apart-hotel, en la esquina de Avenida Corrientes y Esmeralda, en el centro de la Ciudad de Buenos Aires. La aparici\u00f3n de esta nueva propuesta se da oportunamente con la llegada al pa\u00eds de la presidenta de Telesur, Patricia Villegas, quien intenta negociar su regreso a la sinton\u00eda.<\/p>\n<p>\u00abLos argumentos que se expresaron son contradictorios, porque t\u00fa no puedes decir que en aras del pluralismo y la diversidad retiras una se\u00f1al; y tampoco puedes decir que en aras de la austeridad t\u00fa te retiras de una se\u00f1al como Telesur, que no es onerosa para la Rep\u00fablica Argentina\u00bb, enfatiz\u00f3 Villegas en una nota cedida al diario Clar\u00edn. \u201cEs una decisi\u00f3n de car\u00e1cter ideol\u00f3gico, que cercena un derecho para los argentinos\u201d, sentenci\u00f3.<\/p>\n","protected":false},"excerpt":{"rendered":"<p>\u201cArgenTV\u201d es la se\u00f1al que reemplaz\u00f3 al canal multiestatal en el sistema de televisi\u00f3n digital abierta. Adem\u00e1s del medi\u00e1tico macrista, tiene como principales figuras a Teto Medina, Cacho Rubio, Cacho Buenaventura y Paula Pombo.<\/p>\n","protected":false},"author":8,"featured_media":0,"comment_status":"open","ping_status":"open","sticky":false,"template":"","format":"standard","meta":{"_jetpack_newsletter_access":"","_jetpack_dont_email_post_to_subs":false,"_jetpack_newsletter_tier_id":0,"_jetpack_memberships_contains_paywalled_content":false,"_jetpack_memberships_contains_paid_content":false,"footnotes":""},"categories":[54],"tags":[],"class_list":["post-87242","post","type-post","status-publish","format-standard","hentry","category-medios"],"jetpack_featured_media_url":"","jetpack_shortlink":"https:\/\/wp.me\/p2JWE0-mH8","jetpack-related-posts":[{"id":28894,"url":"https:\/\/www.24baires.com\/?p=28894","url_meta":{"origin":87242,"position":0},"title":"La TDA llega a Pehuaj\u00f3 y a Vedia","author":"AF","date":"25\/07\/2013","format":false,"excerpt":"El pr\u00f3ximo 15 de agosto los pehuajenses podr\u00e1n comenzar a disfrutar de los canales gratuitos y de alta calidad que ofrece la televisi\u00f3n digital abierta. En tanto, ya desde hace unas semanas la TDA ya es una realidad para muchos vedienses y, en los pr\u00f3ximos d\u00edas, llegar\u00e1n a la ciudad\u2026","rel":"","context":"En \u00abLocales\u00bb","block_context":{"text":"Locales","link":"https:\/\/www.24baires.com\/?cat=38"},"img":{"alt_text":"tda","src":"https:\/\/i0.wp.com\/www.24baires.com\/wp-content\/uploads\/2013\/07\/tda.jpg?resize=350%2C200","width":350,"height":200,"srcset":"https:\/\/i0.wp.com\/www.24baires.com\/wp-content\/uploads\/2013\/07\/tda.jpg?resize=350%2C200 1x, https:\/\/i0.wp.com\/www.24baires.com\/wp-content\/uploads\/2013\/07\/tda.jpg?resize=525%2C300 1.5x"},"classes":[]},{"id":51360,"url":"https:\/\/www.24baires.com\/?p=51360","url_meta":{"origin":87242,"position":1},"title":"Mercedes: La televisi\u00f3n digital abierta gana cada vez m\u00e1s terreno","author":"GB","date":"07\/08\/2014","format":false,"excerpt":"Cada vez son m\u00e1s los domicilios en los que se instala la peque\u00f1a antena que permite ver cerca de veinte canales y con tecnolog\u00eda HD. A las entregas realizadas por Anses y Pami, algunos comercios confirmaron una buena venta, que se increment\u00f3 previo y durante el mundial del f\u00fatbol Cuando\u2026","rel":"","context":"En \u00abMedios\u00bb","block_context":{"text":"Medios","link":"https:\/\/www.24baires.com\/?cat=54"},"img":{"alt_text":"grila cable","src":"https:\/\/i0.wp.com\/www.24baires.com\/wp-content\/uploads\/2014\/08\/grila-cable.jpg?resize=350%2C200","width":350,"height":200,"srcset":"https:\/\/i0.wp.com\/www.24baires.com\/wp-content\/uploads\/2014\/08\/grila-cable.jpg?resize=350%2C200 1x, https:\/\/i0.wp.com\/www.24baires.com\/wp-content\/uploads\/2014\/08\/grila-cable.jpg?resize=525%2C300 1.5x"},"classes":[]},{"id":14275,"url":"https:\/\/www.24baires.com\/?p=14275","url_meta":{"origin":87242,"position":2},"title":"Casi todos los canales nacionales coincidieron en la \u00abinconstitucionalidad\u00bb de la medida","author":"Grupo Sierra","date":"01\/02\/2013","format":false,"excerpt":"Lo hicieron a trav\u00e9s de una solicitada publicada en los principales matutinos nacionales, en la cual alertaron tambi\u00e9n sobre el \"grave ataque a la libertad de expresi\u00f3n\" que constituye la medida del Gobernador De la Sota de clausurar cinco antenas de la Televisi\u00f3n Abierta Digital en la Provincia de C\u00f3rdoba.\u2026","rel":"","context":"En \u00abMedios\u00bb","block_context":{"text":"Medios","link":"https:\/\/www.24baires.com\/?cat=54"},"img":{"alt_text":"","src":"","width":0,"height":0},"classes":[]},{"id":16709,"url":"https:\/\/www.24baires.com\/?p=16709","url_meta":{"origin":87242,"position":3},"title":"La TV Digital alcanza ya al 82% de la poblaci\u00f3n","author":"AF","date":"25\/02\/2013","format":false,"excerpt":"El Ministerio de Planificaci\u00f3n Federal inform\u00f3 que el sistema de Televisi\u00f3n Digital Abierta puesto en marcha en Argentina en 2010 llega a la mayor\u00eda de la poblaci\u00f3n argentina. Existen 23 canales disponibles. El sistema de Televisi\u00f3n Digital Abierta (TDA) se puso en marcha en Argentina en 2010 y el nivel\u2026","rel":"","context":"En \u00abTecnolog\u00eda\u00bb","block_context":{"text":"Tecnolog\u00eda","link":"https:\/\/www.24baires.com\/?cat=46"},"img":{"alt_text":"antena tv digital","src":"https:\/\/i0.wp.com\/www.24baires.com\/wp-content\/uploads\/2013\/02\/antena-tv-digital-300x190.jpg?resize=350%2C200","width":350,"height":200},"classes":[]},{"id":15076,"url":"https:\/\/www.24baires.com\/?p=15076","url_meta":{"origin":87242,"position":4},"title":"Auditor\u00eda ambiental de la UTN reafirma que las antenas de la TDA son inocuas a la salud","author":"Grupo Sierra","date":"08\/02\/2013","format":false,"excerpt":"Ante un pedido de la Defensor\u00eda del P\u00fablico, la Secretaria de Ambiente y Desarrollo Sustentable, la Defensor\u00eda del Pueblo de la Naci\u00f3n y el Consejo Asesor del Sistema Argentino de Televisi\u00f3n Digital Terrestre, aseguraron que no existen denuncias por contaminaci\u00f3n contra TDA. Adem\u00e1s, la Universidad Tecnol\u00f3gica Nacional y la Comisi\u00f3n\u2026","rel":"","context":"En \u00abMedios\u00bb","block_context":{"text":"Medios","link":"https:\/\/www.24baires.com\/?cat=54"},"img":{"alt_text":"TDA INFORMES","src":"https:\/\/i0.wp.com\/www.24baires.com\/wp-content\/uploads\/2013\/02\/TDA-INFORMES.jpg?resize=350%2C200","width":350,"height":200,"srcset":"https:\/\/i0.wp.com\/www.24baires.com\/wp-content\/uploads\/2013\/02\/TDA-INFORMES.jpg?resize=350%2C200 1x, https:\/\/i0.wp.com\/www.24baires.com\/wp-content\/uploads\/2013\/02\/TDA-INFORMES.jpg?resize=525%2C300 1.5x"},"classes":[]},{"id":49651,"url":"https:\/\/www.24baires.com\/?p=49651","url_meta":{"origin":87242,"position":5},"title":"Una aplicaci\u00f3n permite consultar los Precios Cuidados por TDA","author":"Grupo Sierra","date":"10\/07\/2014","format":false,"excerpt":"Una nueva facilidad para los usuarios de Televisi\u00f3n Digital Abierta para mirar el listado de productos en la televisi\u00f3n y comparar. Los usuarios de Televisi\u00f3n Digital Abierta (TDA) podr\u00e1n consultar todo lo atinente al programa Precios Cuidados, seg\u00fan la ciudad y provincia en la que habiten y de acuerdo con\u2026","rel":"","context":"En \u00abTecnolog\u00eda\u00bb","block_context":{"text":"Tecnolog\u00eda","link":"https:\/\/www.24baires.com\/?cat=46"},"img":{"alt_text":"tda","src":"https:\/\/i0.wp.com\/www.24baires.com\/wp-content\/uploads\/2013\/07\/tda.jpg?resize=350%2C200","width":350,"height":200,"srcset":"https:\/\/i0.wp.com\/www.24baires.com\/wp-content\/uploads\/2013\/07\/tda.jpg?resize=350%2C200 1x, https:\/\/i0.wp.com\/www.24baires.com\/wp-content\/uploads\/2013\/07\/tda.jpg?resize=525%2C300 1.5x"},"classes":[]}],"jetpack_sharing_enabled":true,"jetpack_likes_enabled":true,"_links":{"self":[{"href":"https:\/\/www.24baires.com\/index.php?rest_route=\/wp\/v2\/posts\/87242","targetHints":{"allow":["GET"]}}],"collection":[{"href":"https:\/\/www.24baires.com\/index.php?rest_route=\/wp\/v2\/posts"}],"about":[{"href":"https:\/\/www.24baires.com\/index.php?rest_route=\/wp\/v2\/types\/post"}],"author":[{"embeddable":true,"href":"https:\/\/www.24baires.com\/index.php?rest_route=\/wp\/v2\/users\/8"}],"replies":[{"embeddable":true,"href":"https:\/\/www.24baires.com\/index.php?rest_route=%2Fwp%2Fv2%2Fcomments&post=87242"}],"version-history":[{"count":1,"href":"https:\/\/www.24baires.com\/index.php?rest_route=\/wp\/v2\/posts\/87242\/revisions"}],"predecessor-version":[{"id":87244,"href":"https:\/\/www.24baires.com\/index.php?rest_route=\/wp\/v2\/posts\/87242\/revisions\/87244"}],"wp:attachment":[{"href":"https:\/\/www.24baires.com\/index.php?rest_route=%2Fwp%2Fv2%2Fmedia&parent=87242"}],"wp:term":[{"taxonomy":"category","embeddable":true,"href":"https:\/\/www.24baires.com\/index.php?rest_route=%2Fwp%2Fv2%2Fcategories&post=87242"},{"taxonomy":"post_tag","embeddable":true,"href":"https:\/\/www.24baires.com\/index.php?rest_route=%2Fwp%2Fv2%2Ftags&post=87242"}],"curies":[{"name":"wp","href":"https:\/\/api.w.org\/{rel}","templated":true}]}}