{"id":8723,"date":"2012-12-11T19:12:12","date_gmt":"2012-12-11T22:12:12","guid":{"rendered":"http:\/\/www.24baires.com\/?p=8723"},"modified":"2012-12-11T19:12:12","modified_gmt":"2012-12-11T22:12:12","slug":"los-docentes-se-movilizaron-a-la-casa-de-la-provincia-de-buenos-aires","status":"publish","type":"post","link":"https:\/\/www.24baires.com\/?p=8723","title":{"rendered":"Los docentes se movilizaron a la Casa de la Provincia de Buenos Aires"},"content":{"rendered":"<p><img data-recalc-dims=\"1\" loading=\"lazy\" decoding=\"async\" class=\"aligncenter size-full wp-image-8724\" title=\"docentes casa provincia\" src=\"https:\/\/i0.wp.com\/www.24baires.com\/wp-content\/uploads\/2012\/12\/docentes-casa-provincia.jpg?resize=560%2C372\" alt=\"\" width=\"560\" height=\"372\" srcset=\"https:\/\/i0.wp.com\/www.24baires.com\/wp-content\/uploads\/2012\/12\/docentes-casa-provincia.jpg?w=560&amp;ssl=1 560w, https:\/\/i0.wp.com\/www.24baires.com\/wp-content\/uploads\/2012\/12\/docentes-casa-provincia.jpg?resize=300%2C199&amp;ssl=1 300w\" sizes=\"auto, (max-width: 560px) 100vw, 560px\" \/><\/p>\n<p><strong>CABA &#8211;<\/strong> Los cinco gremios del Frente Gremial de Docentes Bonaerenses marcharon desde el Congreso hacia la Casa de la Provincia de Buenos Aires en reclamo del pago de haberes, reapertura de paritarias y normalizaci\u00f3n de los \u00abservicios educativos\u00bb.<!--more--><\/p>\n<p>El secretario general del Sindicato Unificado de Trabajadores de la Educaci\u00f3n de Buenos Aires (SUTEBA), Roberto Baradel, dijo que \u00abnos movilizamos porque todav\u00eda no tenemos respuesta ante la falta del cobro del salario de los trabajadores, ni por los descuentos de los d\u00edas de paro\u00bb.<\/p>\n<p>\u00abTampoco tenemos respuesta sobre las asignaciones familiares, no se ha abierto la paritaria salarial, y adem\u00e1s, no se ha normalizado ni el servicio del transporte escolar ni de comedores ni de infraestructura\u00bb, agreg\u00f3.<\/p>\n<p>Asimismo, detall\u00f3 que \u00abya se lo hemos manifestado al Gobernador (Daniel Scioli)\u00bb y tras ese encuentro, \u00abnos pidi\u00f3 dos d\u00edas porque necesitaba reunirse con los ministros\u00bb.<\/p>\n<p>El gremialista destac\u00f3 que ma\u00f1ana mantendr\u00e1n una nueva reuni\u00f3n \u00abesperando tener respuestas favorables, pero mientras tanto seguimos firmes con el reclamo\u00bb.<\/p>\n<p>Baradel, a su vez, afirm\u00f3 que en caso de no tener una respuesta favorable ma\u00f1ana \u00abse profundizar\u00e1 el conflicto y no comenzaremos las clases el a\u00f1o que viene\u00bb.<\/p>\n<p>Una vez que la movilizaci\u00f3n lleg\u00f3 a las puertas de la Casa de la Provincia de Buenos Aires, se desarroll\u00f3 un acto encabezado por el secretario general de SUTEBA en el que distintos representantes de los gremios afectados realizaron breves discursos.<\/p>\n<p>\u00abQueremos la mejor educaci\u00f3n para la provincia, estos compa\u00f1eros funcionarios pisaron muy poco nuestras escuelas, no saben lo que son las goteras, la pintura que se cae, la infraestructura y el medioambiente en el que trabajamos\u00bb, expres\u00f3 V\u00edctor Galeano, secretario adjunto de la Asociaci\u00f3n del Magisterio de Ense\u00f1anza T\u00e9cnica (AMET).<\/p>\n<p>En tanto, Mar\u00eda In\u00e9s Busso, secretaria adjunta del Sindicato Argentino de Docentes Privados (SADOP), se\u00f1al\u00f3 que \u00absomos docentes privados de derechos que compartimos la angustia permanente de ser menospreciados por nuestros empleadores\u00bb por ello \u00abestamos acompa\u00f1ando al Frente Gremial en el reclamo al Gobierno de la Provincia por una educaci\u00f3n p\u00fablica para todos\u00bb.<\/p>\n<p>Para finalizar, la secretaria general de la Federaci\u00f3n de Educadores Bonaerenses (FEB), Mirta Petrocini, indic\u00f3 que depender\u00e1 del gobernador Scioli \u00abpoder seguir discutiendo de cara a las pr\u00f3ximas paritarias, caso contrario no volveremos a las aulas el ciclo lectivo 2013\u00bb.<\/p>\n<p>Asimismo, agreg\u00f3 que \u00abnos vamos a mantener unidos con la fortaleza que demuestran ustedes d\u00eda a d\u00eda en cada lugar de trabajo\u00bb, y asegur\u00f3 que \u00abno abandonaremos las calles, no abandonaremos la lucha y redoblaremos los esfuerzos\u00bb.<\/p>\n<p>Los manifestantes marcharon a media ma\u00f1ana cortando la circulaci\u00f3n sobre la avenida Callao entre Rivadavia y Sarmiento.<\/p>\n<p>&nbsp;<\/p>\n<p>&nbsp;<\/p>\n<p>&nbsp;<\/p>\n<p>&nbsp;<\/p>\n<p>&nbsp;<\/p>\n<p>&nbsp;<\/p>\n<p>&nbsp;<\/p>\n<p>&nbsp;<\/p>\n<p>&nbsp;<\/p>\n<p>&nbsp;<\/p>\n<p>&nbsp;<\/p>\n<p>&nbsp;<\/p>\n","protected":false},"excerpt":{"rendered":"<p>CABA &#8211; Los cinco gremios del Frente Gremial de Docentes Bonaerenses marcharon desde el Congreso hacia la Casa de la Provincia de Buenos Aires en reclamo del pago de haberes, reapertura de paritarias y normalizaci\u00f3n de los \u00abservicios educativos\u00bb.<\/p>\n","protected":false},"author":11,"featured_media":0,"comment_status":"open","ping_status":"open","sticky":false,"template":"","format":"standard","meta":{"_jetpack_newsletter_access":"","_jetpack_dont_email_post_to_subs":false,"_jetpack_newsletter_tier_id":0,"_jetpack_memberships_contains_paywalled_content":false,"_jetpack_memberships_contains_paid_content":false,"footnotes":""},"categories":[40],"tags":[],"class_list":["post-8723","post","type-post","status-publish","format-standard","hentry","category-provincia"],"jetpack_featured_media_url":"","jetpack_shortlink":"https:\/\/wp.me\/p2JWE0-2gH","jetpack-related-posts":[{"id":108639,"url":"https:\/\/www.24baires.com\/?p=108639","url_meta":{"origin":8723,"position":0},"title":"Docentes bonaerenses denuncian que Vidal no cumple la paritaria","author":"AF","date":"07\/06\/2019","format":false,"excerpt":"Los docentes bonaerenses agrupados en Suteba y en la FEB denunciaron el incumplimiento del acuerdo paritario por parte del gobierno de Mar\u00eda Eugenia Vidal por un descuento \"indiscriminado\" de los d\u00edas de paro. \"Considerando el car\u00e1cter alimentario que tiene el salario de los docentes, exigimos una urgente devoluci\u00f3n de los\u2026","rel":"","context":"En \u00abSociedad\u00bb","block_context":{"text":"Sociedad","link":"https:\/\/www.24baires.com\/?cat=1"},"img":{"alt_text":"","src":"https:\/\/i0.wp.com\/www.24baires.com\/wp-content\/uploads\/2018\/10\/baradel.jpg?resize=350%2C200","width":350,"height":200,"srcset":"https:\/\/i0.wp.com\/www.24baires.com\/wp-content\/uploads\/2018\/10\/baradel.jpg?resize=350%2C200 1x, https:\/\/i0.wp.com\/www.24baires.com\/wp-content\/uploads\/2018\/10\/baradel.jpg?resize=525%2C300 1.5x"},"classes":[]},{"id":47835,"url":"https:\/\/www.24baires.com\/?p=47835","url_meta":{"origin":8723,"position":1},"title":"Docentes bonaerenses se movilizan y amenazan con un nuevo paro","author":"GB","date":"11\/06\/2014","format":false,"excerpt":"\"Hoy es una movilizaci\u00f3n, ma\u00f1ana, si no se cumplen los acuerdos paritarios, van a tener otro conflicto en la provincia de Buenos Aires\", dijo a la nutrida columna de docentes Roberto Baradel, secretario general del Sindicato \u00danico de trabajadores (Suteba). La concentraci\u00f3n del Frente Gremial Docente comenz\u00f3 a las 10\u2026","rel":"","context":"En \u00abPol\u00edtica\u00bb","block_context":{"text":"Pol\u00edtica","link":"https:\/\/www.24baires.com\/?cat=51"},"img":{"alt_text":"baradel2","src":"https:\/\/i0.wp.com\/www.24baires.com\/wp-content\/uploads\/2013\/03\/baradel2.jpg?resize=350%2C200","width":350,"height":200},"classes":[]},{"id":104543,"url":"https:\/\/www.24baires.com\/?p=104543","url_meta":{"origin":8723,"position":2},"title":"Estatales, docentes, judiciales y m\u00e9dicos realizan paro con movilizaci\u00f3n","author":"GB","date":"19\/09\/2018","format":false,"excerpt":"Este mi\u00e9rcoles comenz\u00f3 la medida de fuerza en toda la provincia y contar\u00e1 con una marcha en La Plata para exigir un \u201ccambio de rumbo en las pol\u00edticas sociales, laborales y econ\u00f3micas\u201d. Este mi\u00e9rcoles los gremios estatales bonaerenses ATE, CICOP, AJB, Suteba, APL y FND realizan un paro con movilizaci\u00f3n\u2026","rel":"","context":"En \u00abProvincia\u00bb","block_context":{"text":"Provincia","link":"https:\/\/www.24baires.com\/?cat=40"},"img":{"alt_text":"","src":"https:\/\/i0.wp.com\/www.24baires.com\/wp-content\/uploads\/2018\/03\/ate-docentes-300x200.jpg?resize=350%2C200","width":350,"height":200},"classes":[]},{"id":35249,"url":"https:\/\/www.24baires.com\/?p=35249","url_meta":{"origin":8723,"position":3},"title":"Docentes piden la apertura de las paritarias en diciembre","author":"AF","date":"16\/11\/2013","format":false,"excerpt":"Desde la Federaci\u00f3n de Educadores Bonaerenses pidieron \"que las paritarias comiencen en diciembre pr\u00f3ximo para trabajar diciembre, enero y febrero y llegar al inicio de clases sin conflictos\". Ayer, los docentes agremiados se movilizaron hasta la Casa de la Provincia para reclamar un incremento del presupuesto y el otorgamiento de\u2026","rel":"","context":"En \u00abSociedad\u00bb","block_context":{"text":"Sociedad","link":"https:\/\/www.24baires.com\/?cat=1"},"img":{"alt_text":"baradel denuncia inspectores","src":"https:\/\/i0.wp.com\/www.24baires.com\/wp-content\/uploads\/2013\/05\/baradel-denuncia-inspectores.jpg?resize=350%2C200","width":350,"height":200,"srcset":"https:\/\/i0.wp.com\/www.24baires.com\/wp-content\/uploads\/2013\/05\/baradel-denuncia-inspectores.jpg?resize=350%2C200 1x, https:\/\/i0.wp.com\/www.24baires.com\/wp-content\/uploads\/2013\/05\/baradel-denuncia-inspectores.jpg?resize=525%2C300 1.5x"},"classes":[]},{"id":19432,"url":"https:\/\/www.24baires.com\/?p=19432","url_meta":{"origin":8723,"position":4},"title":"Los docentes bonaerenses \u00abiluminaron\u00bb la noche porte\u00f1a en reclamo por sus salarios","author":"Grupo Sierra","date":"26\/03\/2013","format":false,"excerpt":"Marcharon con antorchas desde el Congreso de la Naci\u00f3n hasta la Casa de la Provincia de Buenos Aires, en reclamo de la apertura de la mesa paritaria en la que se pueda continuar negociando los salarios. Docentes bonaerenses marcharon esta noche con antorchas desde el Congreso de la Naci\u00f3n hasta\u2026","rel":"","context":"En \u00abProvincia\u00bb","block_context":{"text":"Provincia","link":"https:\/\/www.24baires.com\/?cat=40"},"img":{"alt_text":"marcha antorchas docentes","src":"https:\/\/i0.wp.com\/www.24baires.com\/wp-content\/uploads\/2013\/03\/marcha-antorchas-docentes.jpg?resize=350%2C200","width":350,"height":200,"srcset":"https:\/\/i0.wp.com\/www.24baires.com\/wp-content\/uploads\/2013\/03\/marcha-antorchas-docentes.jpg?resize=350%2C200 1x, https:\/\/i0.wp.com\/www.24baires.com\/wp-content\/uploads\/2013\/03\/marcha-antorchas-docentes.jpg?resize=525%2C300 1.5x"},"classes":[]},{"id":101810,"url":"https:\/\/www.24baires.com\/?p=101810","url_meta":{"origin":8723,"position":5},"title":"Baradel asegura que \u00abel paro es muy fuerte en la Provincia\u00bb pese a las \u00abamenazas de descuentos\u00bb","author":"AF","date":"25\/04\/2018","format":false,"excerpt":"Los gremios realizan una medida de fuerza de 24 horas tras el estancamiento de la paritaria salarial, con un alto acatamiento y bajo la amenaza por parte de la administraci\u00f3n de Mar\u00eda Eugenia Vidal de descontarles el d\u00eda no trabajado. Los docentes de la provincia de Buenos Aires, nucleados en\u2026","rel":"","context":"En \u00abSociedad\u00bb","block_context":{"text":"Sociedad","link":"https:\/\/www.24baires.com\/?cat=1"},"img":{"alt_text":"","src":"https:\/\/i0.wp.com\/www.24baires.com\/wp-content\/uploads\/2018\/04\/paro-docente.jpg?resize=350%2C200","width":350,"height":200,"srcset":"https:\/\/i0.wp.com\/www.24baires.com\/wp-content\/uploads\/2018\/04\/paro-docente.jpg?resize=350%2C200 1x, https:\/\/i0.wp.com\/www.24baires.com\/wp-content\/uploads\/2018\/04\/paro-docente.jpg?resize=525%2C300 1.5x"},"classes":[]}],"jetpack_sharing_enabled":true,"jetpack_likes_enabled":true,"_links":{"self":[{"href":"https:\/\/www.24baires.com\/index.php?rest_route=\/wp\/v2\/posts\/8723","targetHints":{"allow":["GET"]}}],"collection":[{"href":"https:\/\/www.24baires.com\/index.php?rest_route=\/wp\/v2\/posts"}],"about":[{"href":"https:\/\/www.24baires.com\/index.php?rest_route=\/wp\/v2\/types\/post"}],"author":[{"embeddable":true,"href":"https:\/\/www.24baires.com\/index.php?rest_route=\/wp\/v2\/users\/11"}],"replies":[{"embeddable":true,"href":"https:\/\/www.24baires.com\/index.php?rest_route=%2Fwp%2Fv2%2Fcomments&post=8723"}],"version-history":[{"count":1,"href":"https:\/\/www.24baires.com\/index.php?rest_route=\/wp\/v2\/posts\/8723\/revisions"}],"predecessor-version":[{"id":8725,"href":"https:\/\/www.24baires.com\/index.php?rest_route=\/wp\/v2\/posts\/8723\/revisions\/8725"}],"wp:attachment":[{"href":"https:\/\/www.24baires.com\/index.php?rest_route=%2Fwp%2Fv2%2Fmedia&parent=8723"}],"wp:term":[{"taxonomy":"category","embeddable":true,"href":"https:\/\/www.24baires.com\/index.php?rest_route=%2Fwp%2Fv2%2Fcategories&post=8723"},{"taxonomy":"post_tag","embeddable":true,"href":"https:\/\/www.24baires.com\/index.php?rest_route=%2Fwp%2Fv2%2Ftags&post=8723"}],"curies":[{"name":"wp","href":"https:\/\/api.w.org\/{rel}","templated":true}]}}