{"id":87138,"date":"2016-09-03T19:00:35","date_gmt":"2016-09-03T22:00:35","guid":{"rendered":"http:\/\/www.24baires.com\/?p=87138"},"modified":"2016-09-03T10:57:20","modified_gmt":"2016-09-03T13:57:20","slug":"nosotros-no","status":"publish","type":"post","link":"https:\/\/www.24baires.com\/?p=87138","title":{"rendered":"Nosotros no"},"content":{"rendered":"<p><img data-recalc-dims=\"1\" loading=\"lazy\" decoding=\"async\" src=\"https:\/\/i0.wp.com\/www.24baires.com\/wp-content\/uploads\/2016\/08\/dilma-r.jpg?resize=560%2C372\" alt=\"dilma r\" width=\"560\" height=\"372\" class=\"aligncenter size-full wp-image-86998\" srcset=\"https:\/\/i0.wp.com\/www.24baires.com\/wp-content\/uploads\/2016\/08\/dilma-r.jpg?w=560&amp;ssl=1 560w, https:\/\/i0.wp.com\/www.24baires.com\/wp-content\/uploads\/2016\/08\/dilma-r.jpg?resize=300%2C199&amp;ssl=1 300w\" sizes=\"auto, (max-width: 560px) 100vw, 560px\" \/>Le dicen \u201cgolpes blandos\u201d porque no hay fuerzas militares tomando el poder. Nada tiene de blando desoir el voto popular, nada tiene de blando el ajuste violento ni la destrucci\u00f3n veloz de los derechos conquistados, siempre con esfuerzo. A Dilma la se\u00f1alan como corrupta un ato de ladrones. Como en Argentina, donde Macri y su s\u00e9quito, desde la campa\u00f1a, construyen un relato ficticio sobre moralidad republicana, mientras dicen no recordar sus cuentas offshore en Panam\u00e1.<!--more--><\/p>\n<p>En Brasil no pudieron ganar con los votos, en Argentina s\u00ed. El problema -uno de los tant\u00edsimos-, es que votando a Macri, muchos creyeron que s\u00f3lo eleg\u00edan Presidente para nuestro pa\u00eds, pero en realidad estaban donando su granito de arena a la restauraci\u00f3n concervadora en Am\u00e9rica Latina. Un nuevo neoliberalismo que se burla de la d\u00e9cada del &#8217;90 por tibia. Porque vienen por todos nosotros. Los originarios, los negros, los pobres, las minor\u00edas. Porque nos quieren sumisos y con hambre, para que nos traguemos con ansias  voraces las patra\u00f1as que transmiten los medios. Y, atorados de odio y mentiras cedidas por el delivery oligop\u00f3lico, creamos que nos quitan el pan de la boca por nuestro propio bien, que tenemos que pasar fr\u00edo para \u201cayudar\u201d, que no tenemos que reclamar derechos laborales para no \u201cponer palos en la rueda\u201d.<br \/>\nY as\u00ed parece que todo se pierde, irremediablemente. Y as\u00ed ser\u00eda. De hecho, as\u00ed ser\u00e1 si nos quedamos lamentando lo que pasa en Brasil, si no vemos lo que ocurre en Venezuela, si nos llenamos los o\u00eddos de falasias para no escuchar los gritos de la realidad en Argentina: tarifazos, despidos, ajuste, represi\u00f3n. La pobreza planificada por los ricos del mundo es un esquema que no deja a nadie afuera. Y no conoce de fronteras.<br \/>\nEntonces, que se apenen los que ya bajaron los brazos. Que se indignen los que s\u00f3lo alzan el pu\u00f1o para usar un control remoto. Que se asusten los que no quieren involucrarse en la historia que viven y los atraviesa. Que se escondan los cobardes. Que se cansen los egoistas. Que se duerman los que s\u00f3lo saben so\u00f1ar con los ojos cerrados.<br \/>\nNosotros no. No tenemos derecho a la pena. No tenemos derecho a la indignaci\u00f3n que no lleva a la acci\u00f3n. No tenemos derecho a rendirnos. Nosotros no. Dejemos de lamernos las heridas, as\u00ed cierran y empiezan a hacerse las cicatrices.<br \/>\nPorque si 61 corruptos logran destituir a una Presidenta votada por 54 millones, no tenemos tiempo de sufrirnos y llorar una derrota. Porque nosotros no perdimos, Dilma no perdi\u00f3, porque siempre luchamos por quienes hab\u00eda que luchar, porque siempre estuvimos del mismo lado, porque nunca miramos hacia otro lado. Entonces no pueden ganar los golpistas, porque esta batalla no termina. Porque mientras seamos coherentes con lo que decimos y hacemos, mientras combatamos a quienes creen que ni siquiera valemos la bala que nos mata, no nos habr\u00e1n vencido. Porque nuestras ideas son a prueba de balas.<br \/>\nPorque seguimos ac\u00e1, bajo la tormenta de esta derecha siniestra. Organizados. Resistiendo. Conteniendo a los que cada vez la pasan peor. Porque volver y vencer, se escriben con v, con v de Victoria. Y esta Victoria la construiremos sobre las cenizas de todas las dictaduras, las que llegan con las botas y las que llegan con los votos. Porque derrotar a los opresores no es s\u00f3lo nuestro invencible derecho a ser libres, es nuestra obligaci\u00f3n. <\/p>\n","protected":false},"excerpt":{"rendered":"<p>Le dicen \u201cgolpes blandos\u201d porque no hay fuerzas militares tomando el poder. Nada tiene de blando desoir el voto popular, nada tiene de blando el ajuste violento ni la destrucci\u00f3n veloz de los derechos conquistados, siempre con esfuerzo. A Dilma la se\u00f1alan como corrupta un ato de ladrones. Como en Argentina, donde Macri y su s\u00e9quito, desde la campa\u00f1a, construyen [&#8230;]<\/p>\n","protected":false},"author":8,"featured_media":0,"comment_status":"open","ping_status":"open","sticky":false,"template":"","format":"standard","meta":{"_jetpack_newsletter_access":"","_jetpack_dont_email_post_to_subs":false,"_jetpack_newsletter_tier_id":0,"_jetpack_memberships_contains_paywalled_content":false,"_jetpack_memberships_contains_paid_content":false,"footnotes":""},"categories":[64],"tags":[],"class_list":["post-87138","post","type-post","status-publish","format-standard","hentry","category-opinion"],"jetpack_featured_media_url":"","jetpack_shortlink":"https:\/\/wp.me\/p2JWE0-mFs","jetpack-related-posts":[{"id":118848,"url":"https:\/\/www.24baires.com\/?p=118848","url_meta":{"origin":87138,"position":0},"title":"\u00abMi gran enemigo es Macri\u00bb","author":"AF","date":"11\/05\/2022","format":false,"excerpt":"En su gira por Europa, el Presidente volvi\u00f3 a diferenciarse del exmandatario y asegur\u00f3 tener \"un solo objetivo que logar y es que nunca m\u00e1s el neoliberalismo gobierne a la Argentina\". El presidente Alberto Fern\u00e1ndez sostuvo este mi\u00e9rcoles que su \"gran adversario\" y su \"gran enemigo\" es el exmandatario Mauricio\u2026","rel":"","context":"En \u00abPol\u00edtica\u00bb","block_context":{"text":"Pol\u00edtica","link":"https:\/\/www.24baires.com\/?cat=51"},"img":{"alt_text":"","src":"https:\/\/i0.wp.com\/www.24baires.com\/wp-content\/uploads\/2022\/05\/625df0cf83750_900.jpg?resize=350%2C200","width":350,"height":200,"srcset":"https:\/\/i0.wp.com\/www.24baires.com\/wp-content\/uploads\/2022\/05\/625df0cf83750_900.jpg?resize=350%2C200 1x, https:\/\/i0.wp.com\/www.24baires.com\/wp-content\/uploads\/2022\/05\/625df0cf83750_900.jpg?resize=525%2C300 1.5x, https:\/\/i0.wp.com\/www.24baires.com\/wp-content\/uploads\/2022\/05\/625df0cf83750_900.jpg?resize=700%2C400 2x"},"classes":[]},{"id":111620,"url":"https:\/\/www.24baires.com\/?p=111620","url_meta":{"origin":87138,"position":1},"title":"Macri arrepentido, pidi\u00f3 disculpas y anunci\u00f3 medidas econ\u00f3micas","author":"GB","date":"14\/08\/2019","format":false,"excerpt":"Para controlar la crisis antes de octubre, el presidente emiti\u00f3 un mensaje a la ciudadan\u00eda donde esboz\u00f3 una autocr\u00edtica respecto de sus palabras tras derrota en las PASO, sus pol\u00edticas que hicieron que \u201cllegar a fin de mes sea una tarea imposible\u201d, y lanz\u00f3 una bater\u00eda de medidas econ\u00f3micas. El\u2026","rel":"","context":"En \u00abPol\u00edtica\u00bb","block_context":{"text":"Pol\u00edtica","link":"https:\/\/www.24baires.com\/?cat=51"},"img":{"alt_text":"","src":"https:\/\/i0.wp.com\/www.24baires.com\/wp-content\/uploads\/2019\/08\/macri.png?resize=350%2C200","width":350,"height":200,"srcset":"https:\/\/i0.wp.com\/www.24baires.com\/wp-content\/uploads\/2019\/08\/macri.png?resize=350%2C200 1x, https:\/\/i0.wp.com\/www.24baires.com\/wp-content\/uploads\/2019\/08\/macri.png?resize=525%2C300 1.5x"},"classes":[]},{"id":111469,"url":"https:\/\/www.24baires.com\/?p=111469","url_meta":{"origin":87138,"position":2},"title":"\u00abMuero de ganas de debatir con Macri, pero no se va a animar\u00bb","author":"AF","date":"05\/08\/2019","format":false,"excerpt":"El precandidato del Frente de Todos desafi\u00f3 al Presidente a un debate, aunque descart\u00f3 que el primer mandatario vaya a participar. \"No tiene un logro para mostrar\", consider\u00f3. El precandidato presidencial del Frente de Todos, Alberto Fern\u00e1ndez, desafi\u00f3 a Mauricio Macri a participar de un debate, aunque asegur\u00f3 que el\u2026","rel":"","context":"En \u00abPol\u00edtica\u00bb","block_context":{"text":"Pol\u00edtica","link":"https:\/\/www.24baires.com\/?cat=51"},"img":{"alt_text":"","src":"https:\/\/i0.wp.com\/www.24baires.com\/wp-content\/uploads\/2019\/06\/alberto-fernandez.jpg?resize=350%2C200","width":350,"height":200,"srcset":"https:\/\/i0.wp.com\/www.24baires.com\/wp-content\/uploads\/2019\/06\/alberto-fernandez.jpg?resize=350%2C200 1x, https:\/\/i0.wp.com\/www.24baires.com\/wp-content\/uploads\/2019\/06\/alberto-fernandez.jpg?resize=525%2C300 1.5x"},"classes":[]},{"id":111107,"url":"https:\/\/www.24baires.com\/?p=111107","url_meta":{"origin":87138,"position":3},"title":"Alberto Fern\u00e1ndez: \u00abSi los argentinos quieren pobreza y ajuste, que voten a Macri\u00bb","author":"AF","date":"08\/07\/2019","format":false,"excerpt":"El precandidato a presidente por el Frente de Todos responsabiliz\u00f3 al Gobierno de \"apagar la econom\u00eda\" y pidi\u00f3 la ayuda de todos para \"cambiar este presente\". De visita en Mar del Plata, el precandidato presidencial por el Frente de Todos, Alberto Fern\u00e1ndez, critic\u00f3 duramente el modelo econ\u00f3mico del gobierno de\u2026","rel":"","context":"En \u00abPol\u00edtica\u00bb","block_context":{"text":"Pol\u00edtica","link":"https:\/\/www.24baires.com\/?cat=51"},"img":{"alt_text":"","src":"https:\/\/i0.wp.com\/www.24baires.com\/wp-content\/uploads\/2019\/07\/fernandez.jpg?resize=350%2C200","width":350,"height":200,"srcset":"https:\/\/i0.wp.com\/www.24baires.com\/wp-content\/uploads\/2019\/07\/fernandez.jpg?resize=350%2C200 1x, https:\/\/i0.wp.com\/www.24baires.com\/wp-content\/uploads\/2019\/07\/fernandez.jpg?resize=525%2C300 1.5x"},"classes":[]},{"id":112828,"url":"https:\/\/www.24baires.com\/?p=112828","url_meta":{"origin":87138,"position":4},"title":"Escrutinio definitivo: el Frente de Todos estir\u00f3 su ventaja sobre Juntos por el Cambio","author":"AF","date":"01\/11\/2019","format":false,"excerpt":"La dupla Fern\u00e1ndez-Fern\u00e1ndez obtuvo 74.097 votos m\u00e1s, mientras que la f\u00f3rmula Macri-Pichetto tuvo una ca\u00edda de 0,10 por ciento. los apoderados del FdT ampliaron su denuncia sobre irregularidades en el conteo realizado en siete consulados. Ya hay datos del escrutinio definitivo. Por ahora corresponden a las provincias de Santa Fe,\u2026","rel":"","context":"En \u00abELECCIONES 2019\u00bb","block_context":{"text":"ELECCIONES 2019","link":"https:\/\/www.24baires.com\/?cat=329"},"img":{"alt_text":"","src":"https:\/\/i0.wp.com\/www.24baires.com\/wp-content\/uploads\/2019\/11\/escrutinio-20foto-20na.jpg?resize=350%2C200","width":350,"height":200,"srcset":"https:\/\/i0.wp.com\/www.24baires.com\/wp-content\/uploads\/2019\/11\/escrutinio-20foto-20na.jpg?resize=350%2C200 1x, https:\/\/i0.wp.com\/www.24baires.com\/wp-content\/uploads\/2019\/11\/escrutinio-20foto-20na.jpg?resize=525%2C300 1.5x"},"classes":[]},{"id":112767,"url":"https:\/\/www.24baires.com\/?p=112767","url_meta":{"origin":87138,"position":5},"title":"\u00bfC\u00f3mo se explican los 2,3 millones de votos nuevos que recibi\u00f3 Macri?","author":"AF","date":"29\/10\/2019","format":false,"excerpt":"En las redes circularon en las \u00faltimas horas toda serie de teor\u00edas conspirativas acerca del \"sospechoso\" crecimiento de Macri en las urnas. Sin embargo, la explicaci\u00f3n es m\u00e1s sencilla de lo que parece. El director de Asuntos P\u00fablicos del Correo Argentino, Alejandro Tullio, puso fin este martes a la pol\u00e9mica\u2026","rel":"","context":"En \u00abELECCIONES 2019\u00bb","block_context":{"text":"ELECCIONES 2019","link":"https:\/\/www.24baires.com\/?cat=329"},"img":{"alt_text":"","src":"https:\/\/i0.wp.com\/www.24baires.com\/wp-content\/uploads\/2013\/08\/escrutinio.jpg?resize=350%2C200","width":350,"height":200,"srcset":"https:\/\/i0.wp.com\/www.24baires.com\/wp-content\/uploads\/2013\/08\/escrutinio.jpg?resize=350%2C200 1x, https:\/\/i0.wp.com\/www.24baires.com\/wp-content\/uploads\/2013\/08\/escrutinio.jpg?resize=525%2C300 1.5x"},"classes":[]}],"jetpack_sharing_enabled":true,"jetpack_likes_enabled":true,"_links":{"self":[{"href":"https:\/\/www.24baires.com\/index.php?rest_route=\/wp\/v2\/posts\/87138","targetHints":{"allow":["GET"]}}],"collection":[{"href":"https:\/\/www.24baires.com\/index.php?rest_route=\/wp\/v2\/posts"}],"about":[{"href":"https:\/\/www.24baires.com\/index.php?rest_route=\/wp\/v2\/types\/post"}],"author":[{"embeddable":true,"href":"https:\/\/www.24baires.com\/index.php?rest_route=\/wp\/v2\/users\/8"}],"replies":[{"embeddable":true,"href":"https:\/\/www.24baires.com\/index.php?rest_route=%2Fwp%2Fv2%2Fcomments&post=87138"}],"version-history":[{"count":1,"href":"https:\/\/www.24baires.com\/index.php?rest_route=\/wp\/v2\/posts\/87138\/revisions"}],"predecessor-version":[{"id":87139,"href":"https:\/\/www.24baires.com\/index.php?rest_route=\/wp\/v2\/posts\/87138\/revisions\/87139"}],"wp:attachment":[{"href":"https:\/\/www.24baires.com\/index.php?rest_route=%2Fwp%2Fv2%2Fmedia&parent=87138"}],"wp:term":[{"taxonomy":"category","embeddable":true,"href":"https:\/\/www.24baires.com\/index.php?rest_route=%2Fwp%2Fv2%2Fcategories&post=87138"},{"taxonomy":"post_tag","embeddable":true,"href":"https:\/\/www.24baires.com\/index.php?rest_route=%2Fwp%2Fv2%2Ftags&post=87138"}],"curies":[{"name":"wp","href":"https:\/\/api.w.org\/{rel}","templated":true}]}}