{"id":8704,"date":"2012-12-11T16:20:33","date_gmt":"2012-12-11T19:20:33","guid":{"rendered":"http:\/\/www.24baires.com\/?p=8704"},"modified":"2012-12-12T13:41:02","modified_gmt":"2012-12-12T16:41:02","slug":"momentos-de-tension-por-otro-enfrentamiento-en-la-uocra-hay-4-heridos","status":"publish","type":"post","link":"https:\/\/www.24baires.com\/?p=8704","title":{"rendered":"Momentos de tensi\u00f3n por otro enfrentamiento en la UOCRA. Hay 4 heridos de bala"},"content":{"rendered":"<p><img data-recalc-dims=\"1\" loading=\"lazy\" decoding=\"async\" class=\"aligncenter size-full wp-image-8705\" title=\"UOCRA\" src=\"https:\/\/i0.wp.com\/www.24baires.com\/wp-content\/uploads\/2012\/12\/UOCRA.jpg?resize=560%2C340\" alt=\"\" width=\"560\" height=\"340\" srcset=\"https:\/\/i0.wp.com\/www.24baires.com\/wp-content\/uploads\/2012\/12\/UOCRA.jpg?w=560&amp;ssl=1 560w, https:\/\/i0.wp.com\/www.24baires.com\/wp-content\/uploads\/2012\/12\/UOCRA.jpg?resize=300%2C182&amp;ssl=1 300w\" sizes=\"auto, (max-width: 560px) 100vw, 560px\" \/><\/p>\n<p><strong>ZARATE &#8211;<\/strong>Se vivieron momentos de tensi\u00f3n en un local de la \u00a0UOCRA de esa localidad, que fue tomado esta ma\u00f1ana por aproximadamente 50 afiliados desocupados y que pedian la renuncia de la dirigencia encabezada por Julio Gonzalez. \u00a0Luego de m\u00e1s de cinco horas de ocupaci\u00f3n los obreros\u00a0fueron desalojados por efectivos de la Direcci\u00f3n Departamental de Investigaciones (DDI)\u00a0cumpliendo la orden emanada desde la Fiscal\u00eda Descentralizada de Z\u00e1rate.<!--more--><\/p>\n<p>Se registraron disparos y escenas de violencia y habr\u00eda cuatro heridos de bala. Tres internados en el hospital local, uno con un disparo en el pecho en grave estado y que est\u00e1 siendo intervenido en estos momentos. Un cuarto se encuentra en la Cl\u00ednica del Carmen.<\/p>\n<p>Fuentes cercanas aseguran que el traslado, en algunos casos, los realizaron los propios manifestantes para evitar la intervenci\u00f3n policial.<\/p>\n<p>Desde Comisar\u00eda local informaron que aguardan la llegada del cuerpo de Infanter\u00eda mientras los efectivos vallan el lugar ante la amenaza que desde Atucha se movilizan 2.000 afiliados para desalojar a los ocupantes.<\/p>\n<p>El enfrentamiento se produjo horas antes de las elecciones internas donde se presenta una sola lista: la oficialista.<\/p>\n","protected":false},"excerpt":{"rendered":"<p>ZARATE &#8211;Se vivieron momentos de tensi\u00f3n en un local de la \u00a0UOCRA de esa localidad, que fue tomado esta ma\u00f1ana por aproximadamente 50 afiliados desocupados y que pedian la renuncia de la dirigencia encabezada por Julio Gonzalez. \u00a0Luego de m\u00e1s de cinco horas de ocupaci\u00f3n los obreros\u00a0fueron desalojados por efectivos de la Direcci\u00f3n Departamental de Investigaciones (DDI)\u00a0cumpliendo la orden emanada [&#8230;]<\/p>\n","protected":false},"author":11,"featured_media":0,"comment_status":"open","ping_status":"open","sticky":false,"template":"","format":"standard","meta":{"_jetpack_newsletter_access":"","_jetpack_dont_email_post_to_subs":false,"_jetpack_newsletter_tier_id":0,"_jetpack_memberships_contains_paywalled_content":false,"_jetpack_memberships_contains_paid_content":false,"footnotes":""},"categories":[1],"tags":[],"class_list":["post-8704","post","type-post","status-publish","format-standard","hentry","category-sociedad"],"jetpack_featured_media_url":"","jetpack_shortlink":"https:\/\/wp.me\/p2JWE0-2go","jetpack-related-posts":[{"id":95729,"url":"https:\/\/www.24baires.com\/?p=95729","url_meta":{"origin":8704,"position":0},"title":"Trabajadores de Atucha y Pepsico profundizan su lucha contra los despidos","author":"AF","date":"07\/07\/2017","format":false,"excerpt":"Trabajadores despedidos de la planta nuclear Atucha II realizan un acampe en la rotonda de Z\u00e1rate \u2013 Campana en clima de tensi\u00f3n por la presencia de la Gendarmer\u00eda Nacional, mientras que despedidos de PepsiCo de la planta que cerr\u00f3 en Florida bloquearon hoy los accesos de la filial de Mar\u2026","rel":"","context":"En \u00abSociedad\u00bb","block_context":{"text":"Sociedad","link":"https:\/\/www.24baires.com\/?cat=1"},"img":{"alt_text":"","src":"https:\/\/i0.wp.com\/www.24baires.com\/wp-content\/uploads\/2017\/07\/pepsico2.jpg?resize=350%2C200","width":350,"height":200,"srcset":"https:\/\/i0.wp.com\/www.24baires.com\/wp-content\/uploads\/2017\/07\/pepsico2.jpg?resize=350%2C200 1x, https:\/\/i0.wp.com\/www.24baires.com\/wp-content\/uploads\/2017\/07\/pepsico2.jpg?resize=525%2C300 1.5x"},"classes":[]},{"id":41927,"url":"https:\/\/www.24baires.com\/?p=41927","url_meta":{"origin":8704,"position":1},"title":"Enfrentamiento en la UOCRA: un muerto y dos heridos","author":"Grupo Sierra","date":"11\/03\/2014","format":false,"excerpt":"LOMAS DE ZAMORA- Una facci\u00f3n del sindicato atac\u00f3 a tiros a un grupo de trabajadores que reclamaban una reincorporaci\u00f3n. La v\u00edctima fatal recibi\u00f3 un tiro en el pecho. Los heridos est\u00e1n internados en el hospital local. Un hombre fue asesinado a balazos y otro result\u00f3 herido durante un enfrentamiento entre\u2026","rel":"","context":"En \u00abPoliciales\u00bb","block_context":{"text":"Policiales","link":"https:\/\/www.24baires.com\/?cat=49"},"img":{"alt_text":"uocra 2","src":"https:\/\/i0.wp.com\/www.24baires.com\/wp-content\/uploads\/2014\/03\/uocra-2.jpg?resize=350%2C200","width":350,"height":200,"srcset":"https:\/\/i0.wp.com\/www.24baires.com\/wp-content\/uploads\/2014\/03\/uocra-2.jpg?resize=350%2C200 1x, https:\/\/i0.wp.com\/www.24baires.com\/wp-content\/uploads\/2014\/03\/uocra-2.jpg?resize=525%2C300 1.5x"},"classes":[]},{"id":95655,"url":"https:\/\/www.24baires.com\/?p=95655","url_meta":{"origin":8704,"position":2},"title":"Despidieron m\u00e1s de mil trabajadores en Z\u00e1rate","author":"GB","date":"04\/07\/2017","format":false,"excerpt":"Por la decisi\u00f3n del Gobierno de posponer las obras del proyecto Carem-25 y la cuarta central nuclear, tres empresas tercerizadas dejar\u00e1n en la calle a 1150 empleados. El mes de julio comenz\u00f3 con graves problemas laborales en la localidad de Z\u00e1rate debido a que se quedaron sin trabajo en el\u2026","rel":"","context":"En \u00abLocales\u00bb","block_context":{"text":"Locales","link":"https:\/\/www.24baires.com\/?cat=38"},"img":{"alt_text":"","src":"https:\/\/i0.wp.com\/www.24baires.com\/wp-content\/uploads\/2017\/07\/despidos-zarate.jpg?resize=350%2C200","width":350,"height":200,"srcset":"https:\/\/i0.wp.com\/www.24baires.com\/wp-content\/uploads\/2017\/07\/despidos-zarate.jpg?resize=350%2C200 1x, https:\/\/i0.wp.com\/www.24baires.com\/wp-content\/uploads\/2017\/07\/despidos-zarate.jpg?resize=525%2C300 1.5x"},"classes":[]},{"id":1605,"url":"https:\/\/www.24baires.com\/?p=1605","url_meta":{"origin":8704,"position":3},"title":"Graves incidentes en la UOCRA de Florencio Varela","author":"AF","date":"10\/10\/2012","format":false,"excerpt":"Un grupo de personas que lleg\u00f3 a bordo de un cami\u00f3n esta ma\u00f1ana a la seccional, origin\u00f3 m\u00faltiples desmanes, provoc\u00f3 heridas a trabajadores e incendi\u00f3 diversos veh\u00edculos ubicados en el lugar. Hay alrededor de 50 detenidos y acusan a la Comisar\u00eda 2\u00aa de liberar la zona. Los hechos sucedieron, seg\u00fan\u2026","rel":"","context":"En \u00abPoliciales\u00bb","block_context":{"text":"Policiales","link":"https:\/\/www.24baires.com\/?cat=49"},"img":{"alt_text":"","src":"https:\/\/i0.wp.com\/www.24baires.com\/wp-content\/uploads\/2012\/10\/uocra.jpg?resize=350%2C200","width":350,"height":200,"srcset":"https:\/\/i0.wp.com\/www.24baires.com\/wp-content\/uploads\/2012\/10\/uocra.jpg?resize=350%2C200 1x, https:\/\/i0.wp.com\/www.24baires.com\/wp-content\/uploads\/2012\/10\/uocra.jpg?resize=525%2C300 1.5x"},"classes":[]},{"id":100221,"url":"https:\/\/www.24baires.com\/?p=100221","url_meta":{"origin":8704,"position":4},"title":"La Justicia rechaz\u00f3 pedido de excarcelaci\u00f3n de dirigentes de la Uocra Bah\u00eda Blanca","author":"GB","date":"29\/01\/2018","format":false,"excerpt":"La Justicia de Garant\u00edas de Bah\u00eda Blanca rechaz\u00f3 el pedido de excarcelaci\u00f3n ordinaria de los 14 dirigentes de la Uocra local, en el marco de la causa por asociaci\u00f3n il\u00edcita y extorsi\u00f3n por la que est\u00e1n detenidos. La medida fue dispuesta en las \u00faltimas horas por el juez de Garant\u00edas\u2026","rel":"","context":"En \u00abPol\u00edtica\u00bb","block_context":{"text":"Pol\u00edtica","link":"https:\/\/www.24baires.com\/?cat=51"},"img":{"alt_text":"","src":"","width":0,"height":0},"classes":[]},{"id":43729,"url":"https:\/\/www.24baires.com\/?p=43729","url_meta":{"origin":8704,"position":5},"title":"Las internas en la UOCRA dejaron otro muerto","author":"Grupo Sierra","date":"12\/04\/2014","format":false,"excerpt":"Carlos Romero, de 23 a\u00f1os, fue asesinado ayer en Ensenada de un balazo frente a la puerta de su casa. El joven muri\u00f3 durante un enfrentamiento entre trabajadores de la construcci\u00f3n. Hace un mes hubo muri\u00f3 otro delegado del gremio. Carlos Romero, de 23 a\u00f1os, fue asesinado ayer por la\u2026","rel":"","context":"En \u00abPoliciales\u00bb","block_context":{"text":"Policiales","link":"https:\/\/www.24baires.com\/?cat=49"},"img":{"alt_text":"uocra","src":"https:\/\/i0.wp.com\/www.24baires.com\/wp-content\/uploads\/2012\/10\/uocra.jpg?resize=350%2C200","width":350,"height":200,"srcset":"https:\/\/i0.wp.com\/www.24baires.com\/wp-content\/uploads\/2012\/10\/uocra.jpg?resize=350%2C200 1x, https:\/\/i0.wp.com\/www.24baires.com\/wp-content\/uploads\/2012\/10\/uocra.jpg?resize=525%2C300 1.5x"},"classes":[]}],"jetpack_sharing_enabled":true,"jetpack_likes_enabled":true,"_links":{"self":[{"href":"https:\/\/www.24baires.com\/index.php?rest_route=\/wp\/v2\/posts\/8704","targetHints":{"allow":["GET"]}}],"collection":[{"href":"https:\/\/www.24baires.com\/index.php?rest_route=\/wp\/v2\/posts"}],"about":[{"href":"https:\/\/www.24baires.com\/index.php?rest_route=\/wp\/v2\/types\/post"}],"author":[{"embeddable":true,"href":"https:\/\/www.24baires.com\/index.php?rest_route=\/wp\/v2\/users\/11"}],"replies":[{"embeddable":true,"href":"https:\/\/www.24baires.com\/index.php?rest_route=%2Fwp%2Fv2%2Fcomments&post=8704"}],"version-history":[{"count":3,"href":"https:\/\/www.24baires.com\/index.php?rest_route=\/wp\/v2\/posts\/8704\/revisions"}],"predecessor-version":[{"id":8709,"href":"https:\/\/www.24baires.com\/index.php?rest_route=\/wp\/v2\/posts\/8704\/revisions\/8709"}],"wp:attachment":[{"href":"https:\/\/www.24baires.com\/index.php?rest_route=%2Fwp%2Fv2%2Fmedia&parent=8704"}],"wp:term":[{"taxonomy":"category","embeddable":true,"href":"https:\/\/www.24baires.com\/index.php?rest_route=%2Fwp%2Fv2%2Fcategories&post=8704"},{"taxonomy":"post_tag","embeddable":true,"href":"https:\/\/www.24baires.com\/index.php?rest_route=%2Fwp%2Fv2%2Ftags&post=8704"}],"curies":[{"name":"wp","href":"https:\/\/api.w.org\/{rel}","templated":true}]}}