{"id":8699,"date":"2012-12-11T15:50:46","date_gmt":"2012-12-11T18:50:46","guid":{"rendered":"http:\/\/www.24baires.com\/?p=8699"},"modified":"2012-12-11T15:50:46","modified_gmt":"2012-12-11T18:50:46","slug":"esta-semana-en-la-legislatura-se-aprobara-la-reforma-a-la-procuracion-y-la-ley-de-jury","status":"publish","type":"post","link":"https:\/\/www.24baires.com\/?p=8699","title":{"rendered":"Esta semana en la Legislatura se aprobar\u00e1 la Reforma a la Procuraci\u00f3n y la Ley de Jury"},"content":{"rendered":"<p>Con amplio respaldo opositor, la C\u00e1mara de diputados bonaerense convertir\u00e1 en ley los dos proyectos del paquete de reformas judiciales y aprobar\u00e1 la iniciativa para establecer los juicios por jurados.<!--more--><\/p>\n<p>En su \u00faltima sesi\u00f3n del a\u00f1o, la C\u00e1mara de Diputados sancionar\u00e1 el pr\u00f3ximo jueves dos de los proyectos pendientes del paquete de reformas para el Poder Judicial impulsadas por el oficialismo en el Senado provincial y que cuentan con respaldo de la oposici\u00f3n.<\/p>\n<p>Se trata de la iniciativa que impone cambios en la estructura de la Procuraci\u00f3n General de la Suprema Corte para dotar de mayor autonom\u00eda al cuerpo de fiscales y el proyecto para modificar el proceso de jury de enjuiciamiento de magistrados.<\/p>\n<p>El primero, que fue aprobado por unanimidad en el Senado en octubre pasado, dispone que se creen los cargos de Defensor General y Subdefensor General que, si bien estar\u00e1n administrativamente dentro de la Procuraci\u00f3n, tendr\u00e1n autonom\u00eda funcional y administrativa.<\/p>\n<p>Actualmente es la Procuradora quien dispone la metodolog\u00eda de trabajo, tanto de los defensores oficiales como de los fiscales. El proyecto votado permitir\u00e1 que sea el Defensor General quien comande a todos los defensores y establezca las formas de trabajo.<\/p>\n<p>En el Senado, los bloques opositores presentaron algunos cuestionamientos puntuales pero terminaron acompa\u00f1ando al oficialismo, por lo que se descuenta que el proyecto ser\u00e1 sancionado sin mayores inconvenientes en la C\u00e1mara Baja el pr\u00f3ximo jueves.<\/p>\n<p>Otro de los proyectos incluidos en la bater\u00eda de reformas judiciales que ser\u00e1 sancionado en Diputados esta semana es el apunta a acortar los plazos en los procesos de enjuiciamiento de magistrados<\/p>\n<p>La iniciativa impone una serie de modificaciones a la ley de enjuiciamiento de magistrados, que apunta a acortar los plazos en los procesos de jury e incorpora la figura del apartamiento preventivo en casos de delitos graves.<\/p>\n<p>La norma fue aprobada a principios del mes pasado en el Senado con el apoyo de todos los bloques por lo que desde el oficialismo conf\u00edan en que no habr\u00e1 mayores inconvenientes para darle sanci\u00f3n en la sesi\u00f3n convocada para el jueves en la C\u00e1mara Baja.<\/p>\n<p>La figura de apartamiento preventivo de los jueces, por 90 d\u00edas, es contemplada en el caso de delitos graves antes de la suspensi\u00f3n por parte de un jury, que no supondr\u00e1 la quita de la remuneraci\u00f3n del magistrado. Tambi\u00e9n se pretende que, una vez presentada una denuncia contra un juez, se fije la primera audiencia en un plazo no superior a los 30 d\u00edas.<\/p>\n<p>El proyecto gener\u00f3 fuertes cuestionamientos de parte del Colegio de Magistrados y de la Red de Jueces Penales de la Provincia.<\/p>\n<p>Finalmente, en la C\u00e1mara Baja se aprobar\u00eda el jueves el proyecto que apunta a poner en marcha en territorio provincial el mecanismo de Juicios por Jurados.<\/p>\n<p>&nbsp;<\/p>\n<p>&nbsp;<\/p>\n<p>&nbsp;<\/p>\n<p>&nbsp;<\/p>\n<p>&nbsp;<\/p>\n","protected":false},"excerpt":{"rendered":"<p>Con amplio respaldo opositor, la C\u00e1mara de diputados bonaerense convertir\u00e1 en ley los dos proyectos del paquete de reformas judiciales y aprobar\u00e1 la iniciativa para establecer los juicios por jurados.<\/p>\n","protected":false},"author":11,"featured_media":0,"comment_status":"open","ping_status":"open","sticky":false,"template":"","format":"standard","meta":{"_jetpack_newsletter_access":"","_jetpack_dont_email_post_to_subs":false,"_jetpack_newsletter_tier_id":0,"_jetpack_memberships_contains_paywalled_content":false,"_jetpack_memberships_contains_paid_content":false,"footnotes":""},"categories":[40],"tags":[],"class_list":["post-8699","post","type-post","status-publish","format-standard","hentry","category-provincia"],"jetpack_featured_media_url":"","jetpack_shortlink":"https:\/\/wp.me\/p2JWE0-2gj","jetpack-related-posts":[{"id":8955,"url":"https:\/\/www.24baires.com\/?p=8955","url_meta":{"origin":8699,"position":0},"title":"Amplia agenda para la Legislatura bonaerense","author":"AF","date":"13\/12\/2012","format":false,"excerpt":"La C\u00e1mara de Diputados tiene previsto sancionar la creaci\u00f3n del Polo Judicial Avellaneda-Lan\u00fas, la divisi\u00f3n de la Procuraci\u00f3n General y la reforma de la Ley de Enjuiciamiento de Magistrados. En el Senado, en tanto, se debatir\u00e1 el voto joven y la ley que limita las excarcelaciones, entre otros proyectos. Antes\u2026","rel":"","context":"En \u00abPol\u00edtica\u00bb","block_context":{"text":"Pol\u00edtica","link":"https:\/\/www.24baires.com\/?cat=51"},"img":{"alt_text":"","src":"https:\/\/i0.wp.com\/www.24baires.com\/wp-content\/uploads\/2012\/12\/diputados-ba-300x198.jpg?resize=350%2C200","width":350,"height":200},"classes":[]},{"id":117417,"url":"https:\/\/www.24baires.com\/?p=117417","url_meta":{"origin":8699,"position":1},"title":"El Senado debate la reforma a Ganancias","author":"AF","date":"08\/04\/2021","format":false,"excerpt":"Tras ser aprobado en Diputados, la iniciativa que reforma el impuesto a las Ganancias podr\u00eda ser sancionada este mismo jueves. Pasadas las 17, el Senado comenz\u00f3 este jueves el debate del proyecto de ley que exime del pago del Impuesto a las Ganancias a los trabajadores registrados con salarios de\u2026","rel":"","context":"En \u00abSociedad\u00bb","block_context":{"text":"Sociedad","link":"https:\/\/www.24baires.com\/?cat=1"},"img":{"alt_text":"","src":"https:\/\/i0.wp.com\/www.24baires.com\/wp-content\/uploads\/2021\/04\/foto-senadoargentina-300x225.jpg?resize=350%2C200","width":350,"height":200},"classes":[]},{"id":122891,"url":"https:\/\/www.24baires.com\/?p=122891","url_meta":{"origin":8699,"position":2},"title":"Diputados aprob\u00f3 la reforma laboral","author":"GB","date":"20\/02\/2026","format":false,"excerpt":"Con 135 votos a favor y 115 en contra, este viernes por la madruga el proyecto oficialista logr\u00f3 el aval de la C\u00e1mara Baja de la Naci\u00f3n. La norma volver\u00e1 al Senado para su sanci\u00f3n definitiva tras la eliminaci\u00f3n del art\u00edculo 44. Tras una marat\u00f3nica y caliente sesi\u00f3n, en el\u2026","rel":"","context":"En \u00abPol\u00edtica\u00bb","block_context":{"text":"Pol\u00edtica","link":"https:\/\/www.24baires.com\/?cat=51"},"img":{"alt_text":"","src":"https:\/\/i0.wp.com\/www.24baires.com\/wp-content\/uploads\/2026\/02\/votacion_reforma_laboral.webp?resize=350%2C200","width":350,"height":200,"srcset":"https:\/\/i0.wp.com\/www.24baires.com\/wp-content\/uploads\/2026\/02\/votacion_reforma_laboral.webp?resize=350%2C200 1x, https:\/\/i0.wp.com\/www.24baires.com\/wp-content\/uploads\/2026\/02\/votacion_reforma_laboral.webp?resize=525%2C300 1.5x, https:\/\/i0.wp.com\/www.24baires.com\/wp-content\/uploads\/2026\/02\/votacion_reforma_laboral.webp?resize=700%2C400 2x"},"classes":[]},{"id":121834,"url":"https:\/\/www.24baires.com\/?p=121834","url_meta":{"origin":8699,"position":3},"title":"El Senado aprob\u00f3 el RIGI bonaerense y modific\u00f3 la ley de jubilatoria de los trabajadores del BAPRO","author":"GB","date":"15\/11\/2024","format":false,"excerpt":"El Senado bonaerense aprob\u00f3 dos proyectos clave de Kicillof, con el apoyo de los libertarios dialoguistas: La reforma jubilatoria y el r\u00e9gimen de fomento a inversiones estrat\u00e9gicas. Este martes, el Senado de la Provincia de Buenos Aires aprob\u00f3 en sesi\u00f3n especial dos importantes proyectos impulsados por el gobernador Axel Kicillof:\u2026","rel":"","context":"En \u00abProvincia\u00bb","block_context":{"text":"Provincia","link":"https:\/\/www.24baires.com\/?cat=40"},"img":{"alt_text":"","src":"https:\/\/i0.wp.com\/www.24baires.com\/wp-content\/uploads\/2014\/08\/senado-bonaerense.jpg?resize=350%2C200","width":350,"height":200,"srcset":"https:\/\/i0.wp.com\/www.24baires.com\/wp-content\/uploads\/2014\/08\/senado-bonaerense.jpg?resize=350%2C200 1x, https:\/\/i0.wp.com\/www.24baires.com\/wp-content\/uploads\/2014\/08\/senado-bonaerense.jpg?resize=525%2C300 1.5x, https:\/\/i0.wp.com\/www.24baires.com\/wp-content\/uploads\/2014\/08\/senado-bonaerense.jpg?resize=700%2C400 2x"},"classes":[]},{"id":21235,"url":"https:\/\/www.24baires.com\/?p=21235","url_meta":{"origin":8699,"position":4},"title":"Diputados y el Senado debaten la reforma judicial","author":"AF","date":"17\/04\/2013","format":false,"excerpt":"Ambas c\u00e1maras analizan la reforma impulsada por el Gobierno. En Diputados, la sesi\u00f3n especial comenz\u00f3 con la presencia de 131 legisladores y luego de que el kirchnerismo y aliados lograran qu\u00f3rum, ingres\u00f3 la oposici\u00f3n. El Senado debate desde las 12.42 dos proyectos claves de la reforma judicial impulsada por el\u2026","rel":"","context":"En \u00abLocales\u00bb","block_context":{"text":"Locales","link":"https:\/\/www.24baires.com\/?cat=38"},"img":{"alt_text":"","src":"","width":0,"height":0},"classes":[]},{"id":101854,"url":"https:\/\/www.24baires.com\/?p=101854","url_meta":{"origin":8699,"position":5},"title":"Diputados aprob\u00f3 el proyecto que busca ponerle freno a Farmacity en la provincia","author":"GB","date":"27\/04\/2018","format":false,"excerpt":"La C\u00e1mara de Diputados aprob\u00f3 hoy el proyecto de ley que busca ponerle freno al desembarco de Farmacity en la provincia de Buenos Aires, pero todo indica que la iniciativa se trabar\u00e1 en el Senado. En ese marco, farmac\u00e9uticos bonaerenses realizaron hoy una masiva marcha en La Plata para protestar\u2026","rel":"","context":"En \u00abProvincia\u00bb","block_context":{"text":"Provincia","link":"https:\/\/www.24baires.com\/?cat=40"},"img":{"alt_text":"","src":"https:\/\/i0.wp.com\/www.24baires.com\/wp-content\/uploads\/2012\/12\/diputados-ba.jpg?resize=350%2C200","width":350,"height":200,"srcset":"https:\/\/i0.wp.com\/www.24baires.com\/wp-content\/uploads\/2012\/12\/diputados-ba.jpg?resize=350%2C200 1x, https:\/\/i0.wp.com\/www.24baires.com\/wp-content\/uploads\/2012\/12\/diputados-ba.jpg?resize=525%2C300 1.5x"},"classes":[]}],"jetpack_sharing_enabled":true,"jetpack_likes_enabled":true,"_links":{"self":[{"href":"https:\/\/www.24baires.com\/index.php?rest_route=\/wp\/v2\/posts\/8699","targetHints":{"allow":["GET"]}}],"collection":[{"href":"https:\/\/www.24baires.com\/index.php?rest_route=\/wp\/v2\/posts"}],"about":[{"href":"https:\/\/www.24baires.com\/index.php?rest_route=\/wp\/v2\/types\/post"}],"author":[{"embeddable":true,"href":"https:\/\/www.24baires.com\/index.php?rest_route=\/wp\/v2\/users\/11"}],"replies":[{"embeddable":true,"href":"https:\/\/www.24baires.com\/index.php?rest_route=%2Fwp%2Fv2%2Fcomments&post=8699"}],"version-history":[{"count":2,"href":"https:\/\/www.24baires.com\/index.php?rest_route=\/wp\/v2\/posts\/8699\/revisions"}],"predecessor-version":[{"id":8701,"href":"https:\/\/www.24baires.com\/index.php?rest_route=\/wp\/v2\/posts\/8699\/revisions\/8701"}],"wp:attachment":[{"href":"https:\/\/www.24baires.com\/index.php?rest_route=%2Fwp%2Fv2%2Fmedia&parent=8699"}],"wp:term":[{"taxonomy":"category","embeddable":true,"href":"https:\/\/www.24baires.com\/index.php?rest_route=%2Fwp%2Fv2%2Fcategories&post=8699"},{"taxonomy":"post_tag","embeddable":true,"href":"https:\/\/www.24baires.com\/index.php?rest_route=%2Fwp%2Fv2%2Ftags&post=8699"}],"curies":[{"name":"wp","href":"https:\/\/api.w.org\/{rel}","templated":true}]}}