{"id":8684,"date":"2012-12-11T15:30:07","date_gmt":"2012-12-11T18:30:07","guid":{"rendered":"http:\/\/www.24baires.com\/?p=8684"},"modified":"2012-12-11T14:54:57","modified_gmt":"2012-12-11T17:54:57","slug":"casi-la-mitad-de-los-argentinos-trabaja-mas-de-lo-recomendable","status":"publish","type":"post","link":"https:\/\/www.24baires.com\/?p=8684","title":{"rendered":"Casi la mitad de los argentinos trabaja m\u00e1s de lo recomendable"},"content":{"rendered":"<p><img data-recalc-dims=\"1\" loading=\"lazy\" decoding=\"async\" class=\"alignleft size-full wp-image-8685\" title=\"stress\" src=\"https:\/\/i0.wp.com\/www.24baires.com\/wp-content\/uploads\/2012\/12\/stress.jpg?resize=300%2C200\" alt=\"\" width=\"300\" height=\"200\" \/>Seg\u00fan un estudio, el 46% de los argentinos trabaja m\u00e1s de lo recomendable. La psicoanalista y coautora de \u201cPsicoan\u00e1lisis y Sociedad\u201d, Olga Carta\u00f1a, dijo que algunos lo hacen por ambiciones personales, otros para ganar m\u00e1s dinero o porque est\u00e1 bien visto.<!--more--><\/p>\n<p>La especialista consign\u00f3 que \u201cse trabaja demasiado: muchos lo hacen por intereses personales, por el rendimiento y otros porque son obligados por las instituciones, empresas o jefes\u201d.<\/p>\n<p>Se\u00f1al\u00f3 que en Argentina \u201cya lleva a\u00f1os el desequilibrio entre el trabajo y la vida personal\u201d y reconoci\u00f3 que \u201chay muchos trabajadores que tienen que trabajar para que el sueldo les rinda porque no llegan a fin de mes\u201d y entonces \u201ctienen que hacer horas extras o doble turno\u201d.<\/p>\n<p>En tanto, sugiri\u00f3 aprender a \u201cequilibrar\u201d la energ\u00eda que se pone en el trabajo \u201ccon otros objetivos que tambi\u00e9n son personales\u201d, como los v\u00ednculos afectivos.<\/p>\n<p>En ese marco, coincidi\u00f3 en que diciembre es un mes que suele agudizar el estr\u00e9s y recalc\u00f3 que \u201clas peleas y las tensiones en las fiestas de fin de a\u00f1o son consecuencias, no causas\u201d. \u201cEn diciembre, al ser el \u00faltimo mes es apto para balances laborales y personales, muchos sienten que no se cumplieron las expectativas (\u2026) y todo eso puede generar una carga emocional negativa que repercute en lo an\u00edmico\u201d.<\/p>\n<p>Carta\u00f1a manifest\u00f3 que muchas veces \u201clos objetivos que uno se ponen son m\u00e1s de lo que se puede lograr. Hay que ser m\u00e1s realista y eso implica una madurez emocional que a veces no se logra\u201d.<\/p>\n","protected":false},"excerpt":{"rendered":"<p>Seg\u00fan un estudio, el 46% de los argentinos trabaja m\u00e1s de lo recomendable. La psicoanalista y coautora de \u201cPsicoan\u00e1lisis y Sociedad\u201d, Olga Carta\u00f1a, dijo que algunos lo hacen por ambiciones personales, otros para ganar m\u00e1s dinero o porque est\u00e1 bien visto.<\/p>\n","protected":false},"author":4,"featured_media":0,"comment_status":"open","ping_status":"open","sticky":false,"template":"","format":"standard","meta":{"_jetpack_newsletter_access":"","_jetpack_dont_email_post_to_subs":false,"_jetpack_newsletter_tier_id":0,"_jetpack_memberships_contains_paywalled_content":false,"_jetpack_memberships_contains_paid_content":false,"footnotes":""},"categories":[1],"tags":[],"class_list":["post-8684","post","type-post","status-publish","format-standard","hentry","category-sociedad"],"jetpack_featured_media_url":"","jetpack_shortlink":"https:\/\/wp.me\/p2JWE0-2g4","jetpack-related-posts":[{"id":116252,"url":"https:\/\/www.24baires.com\/?p=116252","url_meta":{"origin":8684,"position":0},"title":"Glovo vendi\u00f3 sus operaciones a PedidosYa","author":"AF","date":"16\/09\/2020","format":false,"excerpt":"La compa\u00f1\u00eda inform\u00f3 que va a \"enfocar los recursos en otros mercados donde Glovo cuenta con una posici\u00f3n de liderazgo en el mercado\". La empresa Glovo inform\u00f3 que tom\u00f3 la decisi\u00f3n de cerrar sus operaciones en Argentina en las pr\u00f3ximas semanas. Sin embargo, a pesar de que muchos medios de\u2026","rel":"","context":"En \u00abSociedad\u00bb","block_context":{"text":"Sociedad","link":"https:\/\/www.24baires.com\/?cat=1"},"img":{"alt_text":"","src":"https:\/\/i0.wp.com\/www.24baires.com\/wp-content\/uploads\/2019\/08\/glovo.jpeg?resize=350%2C200","width":350,"height":200,"srcset":"https:\/\/i0.wp.com\/www.24baires.com\/wp-content\/uploads\/2019\/08\/glovo.jpeg?resize=350%2C200 1x, https:\/\/i0.wp.com\/www.24baires.com\/wp-content\/uploads\/2019\/08\/glovo.jpeg?resize=525%2C300 1.5x"},"classes":[]},{"id":116129,"url":"https:\/\/www.24baires.com\/?p=116129","url_meta":{"origin":8684,"position":1},"title":"Goll\u00e1n: \u00abLos m\u00e9dicos no dan m\u00e1s\u00bb","author":"AF","date":"02\/09\/2020","format":false,"excerpt":"El ministro de Salud bonaerense se refiri\u00f3 a la situaci\u00f3n de tensi\u00f3n que viven los trabajadores de salud y pidi\u00f3 a la poblaci\u00f3n \"hacer un sacrificio extra\". Daniel Gollan, ministro de Salud de la provincia de Buenos Aires, habl\u00f3 este mi\u00e9rcoles en Radio 10 sobre el extremo trabajo del personal\u2026","rel":"","context":"En \u00abProvincia\u00bb","block_context":{"text":"Provincia","link":"https:\/\/www.24baires.com\/?cat=40"},"img":{"alt_text":"","src":"https:\/\/i0.wp.com\/www.24baires.com\/wp-content\/uploads\/2020\/05\/hospital-modular.jpg?resize=350%2C200","width":350,"height":200,"srcset":"https:\/\/i0.wp.com\/www.24baires.com\/wp-content\/uploads\/2020\/05\/hospital-modular.jpg?resize=350%2C200 1x, https:\/\/i0.wp.com\/www.24baires.com\/wp-content\/uploads\/2020\/05\/hospital-modular.jpg?resize=525%2C300 1.5x"},"classes":[]},{"id":105527,"url":"https:\/\/www.24baires.com\/?p=105527","url_meta":{"origin":8684,"position":2},"title":"El pr\u00f3ximo lunes habr\u00e1 un paro total de vuelos de Aerol\u00edneas Argentinas","author":"GB","date":"21\/11\/2018","format":false,"excerpt":"La decisi\u00f3n se tom\u00f3 luego de que Aerol\u00edneas Argentinas suspendiera a 376 trabajadores luego de las asambleas del viernes. Los gremios aeron\u00e1uticos anunciaron un paro de todos los vuelos para el lunes 26 de noviembre, luego de que se conociera la decisi\u00f3n de Aerol\u00edneas Argentinas de suspender a 376 trabajadores\u2026","rel":"","context":"En \u00abSociedad\u00bb","block_context":{"text":"Sociedad","link":"https:\/\/www.24baires.com\/?cat=1"},"img":{"alt_text":"","src":"https:\/\/i0.wp.com\/www.24baires.com\/wp-content\/uploads\/2018\/11\/aeropuerto.jpg?resize=350%2C200","width":350,"height":200,"srcset":"https:\/\/i0.wp.com\/www.24baires.com\/wp-content\/uploads\/2018\/11\/aeropuerto.jpg?resize=350%2C200 1x, https:\/\/i0.wp.com\/www.24baires.com\/wp-content\/uploads\/2018\/11\/aeropuerto.jpg?resize=525%2C300 1.5x"},"classes":[]},{"id":105333,"url":"https:\/\/www.24baires.com\/?p=105333","url_meta":{"origin":8684,"position":3},"title":"Aerol\u00edneas Argentinas cancel\u00f3 m\u00e1s de 50 vuelos","author":"GB","date":"08\/11\/2018","format":false,"excerpt":"Un total de 57 vuelos de Aerol\u00edneas Argentinas debieron ser cancelados esta ma\u00f1ana por asambleas de trabajadores de la empresa en distintos aeropuertos del pa\u00eds, situaci\u00f3n que, advirti\u00f3 compa\u00f1\u00eda, podr\u00eda extenderse a m\u00e1s servicios si la medida gremial se extiende. La protesta, que es por salarios y la protagonizan los\u2026","rel":"","context":"En \u00abSociedad\u00bb","block_context":{"text":"Sociedad","link":"https:\/\/www.24baires.com\/?cat=1"},"img":{"alt_text":"","src":"https:\/\/i0.wp.com\/www.24baires.com\/wp-content\/uploads\/2017\/04\/aerolineas-argentinas.jpg?resize=350%2C200","width":350,"height":200,"srcset":"https:\/\/i0.wp.com\/www.24baires.com\/wp-content\/uploads\/2017\/04\/aerolineas-argentinas.jpg?resize=350%2C200 1x, https:\/\/i0.wp.com\/www.24baires.com\/wp-content\/uploads\/2017\/04\/aerolineas-argentinas.jpg?resize=525%2C300 1.5x"},"classes":[]},{"id":20754,"url":"https:\/\/www.24baires.com\/?p=20754","url_meta":{"origin":8684,"position":4},"title":"Cristina: \u00abLa Justicia debe restablecer el equilibrio cuando la sociedad lo pierde\u00bb","author":"AF","date":"11\/04\/2013","format":false,"excerpt":"La Presidenta asegur\u00f3, al promulgar las leyes de R\u00e9gimen de contrato de trabajo para el Personal de Casas Particulares y la que castiga a quienes promueven el trabajo de menores de edad, que \"se trata de leyes muy sentidas\". La presidenta Cristina Fern\u00e1ndez de Kirchner afirm\u00f3 hoy \"que se entere\u2026","rel":"","context":"En \u00abPol\u00edtica\u00bb","block_context":{"text":"Pol\u00edtica","link":"https:\/\/www.24baires.com\/?cat=51"},"img":{"alt_text":"cristina malvinas","src":"https:\/\/i0.wp.com\/www.24baires.com\/wp-content\/uploads\/2013\/04\/cristina-malvinas.jpg?resize=350%2C200","width":350,"height":200,"srcset":"https:\/\/i0.wp.com\/www.24baires.com\/wp-content\/uploads\/2013\/04\/cristina-malvinas.jpg?resize=350%2C200 1x, https:\/\/i0.wp.com\/www.24baires.com\/wp-content\/uploads\/2013\/04\/cristina-malvinas.jpg?resize=525%2C300 1.5x"},"classes":[]},{"id":114226,"url":"https:\/\/www.24baires.com\/?p=114226","url_meta":{"origin":8684,"position":5},"title":"Gin\u00e9s: \u00abEl riesgo de que el coronavirus llegue a la Argentina es bajo\u00bb","author":"AF","date":"26\/02\/2020","format":false,"excerpt":"El ministro de Salud se refiri\u00f3 en el aeropuerto de Ezeiza al protocolo que lleva adelante el Estado nacional para frenar el potencial ingreso del virus a la Argentina. El ministro de Salud de la naci\u00f3n, Gin\u00e9s Gonz\u00e1lez Garc\u00eda, destac\u00f3 que en Argentina no se registran casos de coronavirus y\u2026","rel":"","context":"En \u00abSociedad\u00bb","block_context":{"text":"Sociedad","link":"https:\/\/www.24baires.com\/?cat=1"},"img":{"alt_text":"","src":"https:\/\/i0.wp.com\/www.24baires.com\/wp-content\/uploads\/2020\/02\/gin%C3%A9s.png?resize=350%2C200","width":350,"height":200,"srcset":"https:\/\/i0.wp.com\/www.24baires.com\/wp-content\/uploads\/2020\/02\/gin%C3%A9s.png?resize=350%2C200 1x, https:\/\/i0.wp.com\/www.24baires.com\/wp-content\/uploads\/2020\/02\/gin%C3%A9s.png?resize=525%2C300 1.5x"},"classes":[]}],"jetpack_sharing_enabled":true,"jetpack_likes_enabled":true,"_links":{"self":[{"href":"https:\/\/www.24baires.com\/index.php?rest_route=\/wp\/v2\/posts\/8684","targetHints":{"allow":["GET"]}}],"collection":[{"href":"https:\/\/www.24baires.com\/index.php?rest_route=\/wp\/v2\/posts"}],"about":[{"href":"https:\/\/www.24baires.com\/index.php?rest_route=\/wp\/v2\/types\/post"}],"author":[{"embeddable":true,"href":"https:\/\/www.24baires.com\/index.php?rest_route=\/wp\/v2\/users\/4"}],"replies":[{"embeddable":true,"href":"https:\/\/www.24baires.com\/index.php?rest_route=%2Fwp%2Fv2%2Fcomments&post=8684"}],"version-history":[{"count":3,"href":"https:\/\/www.24baires.com\/index.php?rest_route=\/wp\/v2\/posts\/8684\/revisions"}],"predecessor-version":[{"id":8687,"href":"https:\/\/www.24baires.com\/index.php?rest_route=\/wp\/v2\/posts\/8684\/revisions\/8687"}],"wp:attachment":[{"href":"https:\/\/www.24baires.com\/index.php?rest_route=%2Fwp%2Fv2%2Fmedia&parent=8684"}],"wp:term":[{"taxonomy":"category","embeddable":true,"href":"https:\/\/www.24baires.com\/index.php?rest_route=%2Fwp%2Fv2%2Fcategories&post=8684"},{"taxonomy":"post_tag","embeddable":true,"href":"https:\/\/www.24baires.com\/index.php?rest_route=%2Fwp%2Fv2%2Ftags&post=8684"}],"curies":[{"name":"wp","href":"https:\/\/api.w.org\/{rel}","templated":true}]}}