{"id":8672,"date":"2012-12-11T12:31:17","date_gmt":"2012-12-11T15:31:17","guid":{"rendered":"http:\/\/www.24baires.com\/?p=8672"},"modified":"2012-12-11T11:33:23","modified_gmt":"2012-12-11T14:33:23","slug":"oficinas-de-la-mujer-de-todo-el-pais-se-reunieron-para-comenzar-a-coordinar-el-trabajo-del-ano-proximo","status":"publish","type":"post","link":"https:\/\/www.24baires.com\/?p=8672","title":{"rendered":"Oficinas de la Mujer de todo el pa\u00eds se reunieron para comenzar a coordinar el trabajo del a\u00f1o pr\u00f3ximo"},"content":{"rendered":"<p>El encuentro se realiz\u00f3 este lunes, en el Palacio de Tribunales. Se busca adem\u00e1s favorecer el intercambio de experiencias entre las dependencias de cada jurisdicci\u00f3n. Se trata de una iniciativa de la Oficina de la Mujer de la Corte Suprema de la Naci\u00f3n.<!--more--><br \/>\nPor iniciativa de la Oficina de la Mujer de la Corte Suprema de Justicia de la Naci\u00f3n (OM) a cargo de la ministra Carmen Argibay, se reunieron este lunes todas las Oficinas de la Mujer de la Justicia argentina. El objetivo del encuentro es coordinar y planificar acciones de trabajo para 2013.<br \/>\nLa jornada se desarroll\u00f3 en la Sala Gorostiaga, ubicada en el cuarto piso del Palacio de Justicia, busca asimismo favorecer el intercambio de experiencias entre las dependencias de cada jurisdicci\u00f3n; el an\u00e1lisis de las dificultades y logros obtenidos; y la evaluaci\u00f3n de proyectos y futuras acciones conjuntas.<\/p>\n","protected":false},"excerpt":{"rendered":"<p>El encuentro se realiz\u00f3 este lunes, en el Palacio de Tribunales. Se busca adem\u00e1s favorecer el intercambio de experiencias entre las dependencias de cada jurisdicci\u00f3n. Se trata de una iniciativa de la Oficina de la Mujer de la Corte Suprema de la Naci\u00f3n.<\/p>\n","protected":false},"author":4,"featured_media":0,"comment_status":"open","ping_status":"open","sticky":false,"template":"","format":"standard","meta":{"_jetpack_newsletter_access":"","_jetpack_dont_email_post_to_subs":false,"_jetpack_newsletter_tier_id":0,"_jetpack_memberships_contains_paywalled_content":false,"_jetpack_memberships_contains_paid_content":false,"footnotes":""},"categories":[1],"tags":[],"class_list":["post-8672","post","type-post","status-publish","format-standard","hentry","category-sociedad"],"jetpack_featured_media_url":"","jetpack_shortlink":"https:\/\/wp.me\/p2JWE0-2fS","jetpack-related-posts":[{"id":119654,"url":"https:\/\/www.24baires.com\/?p=119654","url_meta":{"origin":8672,"position":0},"title":"Kicillof: \u00abEl fallo de la Corte Suprema es una verdadera inmundicia\u00bb","author":"AF","date":"22\/12\/2022","format":false,"excerpt":"El mandatario bonaerense cuestion\u00f3 con dureza el fallo que favoreci\u00f3 a la Ciudad de Buenos Aires en la discusi\u00f3n en torno a los fondos coparticipables. \u201cTodos los gobernadores est\u00e1n de acuerdo, aunque algunos no lo dicen por restricciones pol\u00edticas\u201d, afirm\u00f3. El gobernador de la Provincia de Buenos Aires, Axel Kicillof,\u2026","rel":"","context":"En \u00abProvincia\u00bb","block_context":{"text":"Provincia","link":"https:\/\/www.24baires.com\/?cat=40"},"img":{"alt_text":"","src":"https:\/\/i0.wp.com\/www.24baires.com\/wp-content\/uploads\/2022\/07\/kicillof.jpg?resize=350%2C200","width":350,"height":200,"srcset":"https:\/\/i0.wp.com\/www.24baires.com\/wp-content\/uploads\/2022\/07\/kicillof.jpg?resize=350%2C200 1x, https:\/\/i0.wp.com\/www.24baires.com\/wp-content\/uploads\/2022\/07\/kicillof.jpg?resize=525%2C300 1.5x, https:\/\/i0.wp.com\/www.24baires.com\/wp-content\/uploads\/2022\/07\/kicillof.jpg?resize=700%2C400 2x"},"classes":[]},{"id":108540,"url":"https:\/\/www.24baires.com\/?p=108540","url_meta":{"origin":8672,"position":1},"title":"#NiUnaMenos: marchar\u00e1n a la Gobernaci\u00f3n para exigir \u201cbasta de femicidios y travesticidios\u201d","author":"GB","date":"03\/06\/2019","format":false,"excerpt":"En un nuevo 3 de junio, se espera una masiva movilizaci\u00f3n en todo el pa\u00eds y en la provincia de Buenos Aires tendr\u00e1 su epicentro en La Plata. Exigir\u00e1n justicia por Johana Ramallo y la separaci\u00f3n de las iglesias del Estado. Este lunes 3 de junio nuevamente en todo el\u2026","rel":"","context":"En \u00abSociedad\u00bb","block_context":{"text":"Sociedad","link":"https:\/\/www.24baires.com\/?cat=1"},"img":{"alt_text":"","src":"https:\/\/i0.wp.com\/www.24baires.com\/wp-content\/uploads\/2017\/08\/MARCHA-NI-UNA-MENOS-MUJERES-FEMICIDIOS.jpg?resize=350%2C200","width":350,"height":200,"srcset":"https:\/\/i0.wp.com\/www.24baires.com\/wp-content\/uploads\/2017\/08\/MARCHA-NI-UNA-MENOS-MUJERES-FEMICIDIOS.jpg?resize=350%2C200 1x, https:\/\/i0.wp.com\/www.24baires.com\/wp-content\/uploads\/2017\/08\/MARCHA-NI-UNA-MENOS-MUJERES-FEMICIDIOS.jpg?resize=525%2C300 1.5x"},"classes":[]},{"id":105432,"url":"https:\/\/www.24baires.com\/?p=105432","url_meta":{"origin":8672,"position":2},"title":"Judiciales bonaerenses comenzaron con un nuevo paro","author":"GB","date":"14\/11\/2018","format":false,"excerpt":"Trabajadores de las oficinas de Mandamientos y Notificaciones junto a quienes cumplen funciones en la Justicia de Paz, empezaron la medida por 24 horas para exigir soluciones a sus reclamos pendientes. Los y las trabajadoras judiciales de las oficinas de Mandamientos y Notificaciones junto a quienes cumplen la funci\u00f3n en\u2026","rel":"","context":"En \u00abProvincia\u00bb","block_context":{"text":"Provincia","link":"https:\/\/www.24baires.com\/?cat=40"},"img":{"alt_text":"","src":"https:\/\/i0.wp.com\/www.24baires.com\/wp-content\/uploads\/2014\/04\/judiciales.jpg?resize=350%2C200","width":350,"height":200,"srcset":"https:\/\/i0.wp.com\/www.24baires.com\/wp-content\/uploads\/2014\/04\/judiciales.jpg?resize=350%2C200 1x, https:\/\/i0.wp.com\/www.24baires.com\/wp-content\/uploads\/2014\/04\/judiciales.jpg?resize=525%2C300 1.5x"},"classes":[]},{"id":6516,"url":"https:\/\/www.24baires.com\/?p=6516","url_meta":{"origin":8672,"position":3},"title":"Lorenzetti y Zaffaroni presentar\u00e1n una nueva investigaci\u00f3n sobre homicidios dolosos","author":"AF","date":"23\/11\/2012","format":false,"excerpt":"Ser\u00e1 el pr\u00f3ximo mi\u00e9rcoles, a las 11, en el Palacio de Justicia. El estudio abarca hechos registrados durante 2011 en la Ciudad de Buenos Aires, La Plata y San Mart\u00edn. Estar\u00e1n presentes los ministros de Justicia, Julio Alak, y de Seguridad, Nilda Garr\u00e9. El presidente de la Corte Suprema de\u2026","rel":"","context":"En \u00abSociedad\u00bb","block_context":{"text":"Sociedad","link":"https:\/\/www.24baires.com\/?cat=1"},"img":{"alt_text":"","src":"https:\/\/i0.wp.com\/www.24baires.com\/wp-content\/uploads\/2012\/11\/lorenzetti-zaffaroni.jpg?resize=350%2C200","width":350,"height":200},"classes":[]},{"id":84367,"url":"https:\/\/www.24baires.com\/?p=84367","url_meta":{"origin":8672,"position":4},"title":"Cifras escalofriantes: en 2015 hubo un femicidio cada 37 horas","author":"GB","date":"29\/06\/2016","format":false,"excerpt":"Seg\u00fan un informe de la Corte Suprema 235 mujeres fueron v\u00edctimas de violencia de g\u00e9nero. El 70% los agresores era pareja o familiar. Al menos 235 mujeres fueron v\u00edctimas de femicidio durante 2015 -un promedio de una cada 37 horas-; el 70 por ciento de los agresores era cercano -pareja\u2026","rel":"","context":"En \u00abSociedad\u00bb","block_context":{"text":"Sociedad","link":"https:\/\/www.24baires.com\/?cat=1"},"img":{"alt_text":"ni una menos2","src":"https:\/\/i0.wp.com\/www.24baires.com\/wp-content\/uploads\/2016\/06\/ni-una-menos2.jpg?resize=350%2C200","width":350,"height":200,"srcset":"https:\/\/i0.wp.com\/www.24baires.com\/wp-content\/uploads\/2016\/06\/ni-una-menos2.jpg?resize=350%2C200 1x, https:\/\/i0.wp.com\/www.24baires.com\/wp-content\/uploads\/2016\/06\/ni-una-menos2.jpg?resize=525%2C300 1.5x"},"classes":[]},{"id":114577,"url":"https:\/\/www.24baires.com\/?p=114577","url_meta":{"origin":8672,"position":5},"title":"La Justicia bonaerense habilita que jueces puedan donar el 20% de sus salarios","author":"AF","date":"01\/04\/2020","format":false,"excerpt":"La Suprema Corte de la Provincia cre\u00f3 un sistema de \u201caporte solidario\u201d para solventar insumos sanitarios. La medida llega a unos 2500 funcionarios. La Justicia bonaerense se suma al gesto de austeridad que ya asumieron varios intendentes que decidieron recortar su sueldo. En esa l\u00ednea, la Suprema Corte de la\u2026","rel":"","context":"En \u00abProvincia\u00bb","block_context":{"text":"Provincia","link":"https:\/\/www.24baires.com\/?cat=40"},"img":{"alt_text":"","src":"https:\/\/i0.wp.com\/www.24baires.com\/wp-content\/uploads\/2020\/04\/casa-de-justicia.jpg?resize=350%2C200","width":350,"height":200,"srcset":"https:\/\/i0.wp.com\/www.24baires.com\/wp-content\/uploads\/2020\/04\/casa-de-justicia.jpg?resize=350%2C200 1x, https:\/\/i0.wp.com\/www.24baires.com\/wp-content\/uploads\/2020\/04\/casa-de-justicia.jpg?resize=525%2C300 1.5x"},"classes":[]}],"jetpack_sharing_enabled":true,"jetpack_likes_enabled":true,"_links":{"self":[{"href":"https:\/\/www.24baires.com\/index.php?rest_route=\/wp\/v2\/posts\/8672","targetHints":{"allow":["GET"]}}],"collection":[{"href":"https:\/\/www.24baires.com\/index.php?rest_route=\/wp\/v2\/posts"}],"about":[{"href":"https:\/\/www.24baires.com\/index.php?rest_route=\/wp\/v2\/types\/post"}],"author":[{"embeddable":true,"href":"https:\/\/www.24baires.com\/index.php?rest_route=\/wp\/v2\/users\/4"}],"replies":[{"embeddable":true,"href":"https:\/\/www.24baires.com\/index.php?rest_route=%2Fwp%2Fv2%2Fcomments&post=8672"}],"version-history":[{"count":2,"href":"https:\/\/www.24baires.com\/index.php?rest_route=\/wp\/v2\/posts\/8672\/revisions"}],"predecessor-version":[{"id":8674,"href":"https:\/\/www.24baires.com\/index.php?rest_route=\/wp\/v2\/posts\/8672\/revisions\/8674"}],"wp:attachment":[{"href":"https:\/\/www.24baires.com\/index.php?rest_route=%2Fwp%2Fv2%2Fmedia&parent=8672"}],"wp:term":[{"taxonomy":"category","embeddable":true,"href":"https:\/\/www.24baires.com\/index.php?rest_route=%2Fwp%2Fv2%2Fcategories&post=8672"},{"taxonomy":"post_tag","embeddable":true,"href":"https:\/\/www.24baires.com\/index.php?rest_route=%2Fwp%2Fv2%2Ftags&post=8672"}],"curies":[{"name":"wp","href":"https:\/\/api.w.org\/{rel}","templated":true}]}}