{"id":86645,"date":"2016-08-23T21:20:58","date_gmt":"2016-08-24T00:20:58","guid":{"rendered":"http:\/\/www.24baires.com\/?p=86645"},"modified":"2016-08-23T21:20:58","modified_gmt":"2016-08-24T00:20:58","slug":"polemico-desde-la-llegada-de-macri-al-gobierno-el-grupo-clarin-es-el-mas-beneficiado-con-la-pauta-oficial","status":"publish","type":"post","link":"https:\/\/www.24baires.com\/?p=86645","title":{"rendered":"Pol\u00e9mico: desde la llegada de Macri al gobierno, el Grupo Clar\u00edn es el m\u00e1s beneficiado con la pauta oficial"},"content":{"rendered":"<p><img data-recalc-dims=\"1\" loading=\"lazy\" decoding=\"async\" src=\"https:\/\/i0.wp.com\/www.24baires.com\/wp-content\/uploads\/2016\/08\/pauta-publicitaria.jpg?resize=560%2C314\" alt=\"pauta publicitaria\" width=\"560\" height=\"314\" class=\"aligncenter size-full wp-image-86646\" srcset=\"https:\/\/i0.wp.com\/www.24baires.com\/wp-content\/uploads\/2016\/08\/pauta-publicitaria.jpg?w=560&amp;ssl=1 560w, https:\/\/i0.wp.com\/www.24baires.com\/wp-content\/uploads\/2016\/08\/pauta-publicitaria.jpg?resize=300%2C168&amp;ssl=1 300w\" sizes=\"auto, (max-width: 560px) 100vw, 560px\" \/>As\u00ed lo revel\u00f3 un informe realizado por la Comisi\u00f3n de Libertad de Expresi\u00f3n de la C\u00e1mara de Diputados. Entre enero y junio se cuadruplic\u00f3 la cantidad de dinero destinado a publicidad, y el multimedio de Ernestina Herrera de Noble recibi\u00f3 m\u00e1s de 143 millones. <!--more--><\/p>\n<p>La Comisi\u00f3n de Libertad de Expresi\u00f3n de la C\u00e1mara de Diputados  de la Naci\u00f3n elabor\u00f3 un informe sobre el desembolso del gobierno de Mauricio Macri en pauta oficial y determin\u00f3 que, de diciembre del 2015 a junio del 2016, el gasto pas\u00f3 de 50 a 224 millones de pesos. El Grupo Clar\u00edn es el multimedio m\u00e1s beneficiado por el reparto de dinero p\u00fablico. <\/p>\n<p>Para ser exactos, el monto total de pauta oficial del Estado Nacional otorgado entre el 10 de diciembre del 2015 y el 21 de junio del 2016, es decir en el primer semestre del gobierno de Cambiemos,  fue de $801.972.408.  As\u00ed lo revel\u00f3 el presidente de la comisi\u00f3n, el diputado Remo Carlotto. <\/p>\n<p>De los m\u00e1s de 800 millones otorgados en concepto de pauta oficial por el macrismo desde su asunci\u00f3n, el Grupo Clar\u00edn obtuvo $143.797.764, seguido de lejos por el Grupo Indalo con $673253.208 y el Grupo Olmos con un total de $46.397.628. A su vez, la publicidad  destinada al formato Web,  est\u00e1 concentrada en un 70% por Google y Facebook.<\/p>\n","protected":false},"excerpt":{"rendered":"<p>As\u00ed lo revel\u00f3 un informe realizado por la Comisi\u00f3n de Libertad de Expresi\u00f3n de la C\u00e1mara de Diputados. Entre enero y junio se cuadruplic\u00f3 la cantidad de dinero destinado a publicidad, y el multimedio de Ernestina Herrera de Noble recibi\u00f3 m\u00e1s de 143 millones.<\/p>\n","protected":false},"author":8,"featured_media":0,"comment_status":"open","ping_status":"open","sticky":false,"template":"","format":"standard","meta":{"_jetpack_newsletter_access":"","_jetpack_dont_email_post_to_subs":false,"_jetpack_newsletter_tier_id":0,"_jetpack_memberships_contains_paywalled_content":false,"_jetpack_memberships_contains_paid_content":false,"footnotes":""},"categories":[54],"tags":[],"class_list":["post-86645","post","type-post","status-publish","format-standard","hentry","category-medios"],"jetpack_featured_media_url":"","jetpack_shortlink":"https:\/\/wp.me\/p2JWE0-mxv","jetpack-related-posts":[{"id":105872,"url":"https:\/\/www.24baires.com\/?p=105872","url_meta":{"origin":86645,"position":0},"title":"Aportan nuevas pruebas sobre la ruta del dinero M","author":"AF","date":"11\/12\/2018","format":false,"excerpt":"Se trata de la denuncia por la venta irregular de seis parques e\u00f3licos en beneficio de empresas de la familia Macri. Las pruebas confirmar\u00edan que recibieron de manera directa parte de los 70 millones de d\u00f3lares que obtuvieron de ganancias. El diputado nacional por el FPV-PJ Rodolfo Tailhade ampli\u00f3 hoy\u2026","rel":"","context":"En \u00abJUDICIALES\u00bb","block_context":{"text":"JUDICIALES","link":"https:\/\/www.24baires.com\/?cat=68"},"img":{"alt_text":"","src":"https:\/\/i0.wp.com\/www.24baires.com\/wp-content\/uploads\/2018\/09\/macri.jpg?resize=350%2C200","width":350,"height":200,"srcset":"https:\/\/i0.wp.com\/www.24baires.com\/wp-content\/uploads\/2018\/09\/macri.jpg?resize=350%2C200 1x, https:\/\/i0.wp.com\/www.24baires.com\/wp-content\/uploads\/2018\/09\/macri.jpg?resize=525%2C300 1.5x"},"classes":[]},{"id":115248,"url":"https:\/\/www.24baires.com\/?p=115248","url_meta":{"origin":86645,"position":1},"title":"El Gobierno pidi\u00f3 extender hasta diciembre la facultad de dar aumento por decreto a jubilados","author":"GB","date":"05\/06\/2020","format":false,"excerpt":"Al mismo tiempo, los legisladores nacionales dar forma a una nueva f\u00f3rmula para los incrementos de haberes. El Poder Ejecutivo Nacional envi\u00f3 a la C\u00e1mara de Diputados de la Naci\u00f3n un proyecto de ley para prorrogar hasta diciembre la facultad de aumentar los haberes de jubilados y pensionados por decreto,\u2026","rel":"","context":"En \u00abPol\u00edtica\u00bb","block_context":{"text":"Pol\u00edtica","link":"https:\/\/www.24baires.com\/?cat=51"},"img":{"alt_text":"","src":"https:\/\/i0.wp.com\/www.24baires.com\/wp-content\/uploads\/2017\/12\/jubilados.jpg?resize=350%2C200","width":350,"height":200,"srcset":"https:\/\/i0.wp.com\/www.24baires.com\/wp-content\/uploads\/2017\/12\/jubilados.jpg?resize=350%2C200 1x, https:\/\/i0.wp.com\/www.24baires.com\/wp-content\/uploads\/2017\/12\/jubilados.jpg?resize=525%2C300 1.5x"},"classes":[]},{"id":101974,"url":"https:\/\/www.24baires.com\/?p=101974","url_meta":{"origin":86645,"position":2},"title":"\u00abClar\u00edn adulter\u00f3 informaci\u00f3n, manipul\u00f3 a los lectores y construy\u00f3 una operaci\u00f3n berreta\u00bb","author":"AF","date":"04\/05\/2018","format":false,"excerpt":"El legislador Rodolfo Thailade carg\u00f3 con los tapones de punta contra el pol\u00e9mico multimedio hegem\u00f3nico, ante lo que denomin\u00f3 como una \"operaci\u00f3n berreta\" del \"editor (ir)responsable de Clar\u00edn, Ricardo Roa\". En una carta publicada por el legislador Rodolfo Thailade, carg\u00f3 con todo contra el multimedio Clar\u00edn por la publicaci\u00f3n de\u2026","rel":"","context":"En \u00abLocales\u00bb","block_context":{"text":"Locales","link":"https:\/\/www.24baires.com\/?cat=38"},"img":{"alt_text":"","src":"https:\/\/i0.wp.com\/www.24baires.com\/wp-content\/uploads\/2018\/05\/clar%C3%ADn-thailade.jpg?resize=350%2C200","width":350,"height":200,"srcset":"https:\/\/i0.wp.com\/www.24baires.com\/wp-content\/uploads\/2018\/05\/clar%C3%ADn-thailade.jpg?resize=350%2C200 1x, https:\/\/i0.wp.com\/www.24baires.com\/wp-content\/uploads\/2018\/05\/clar%C3%ADn-thailade.jpg?resize=525%2C300 1.5x"},"classes":[]},{"id":24047,"url":"https:\/\/www.24baires.com\/?p=24047","url_meta":{"origin":86645,"position":3},"title":"La Justicia fren\u00f3 el DNU de Macri contra la Ley de Medios","author":"Grupo Sierra","date":"21\/05\/2013","format":false,"excerpt":"El juez Osvaldo Otheguy, en lo Contencioso Administrativo y Tributario, dict\u00f3 una medida que frena el decreto de necesidad y urgencia que firm\u00f3 Mauricio Macri para \"proteger la libertad de expresi\u00f3n\" en la Ciudad. El juez dio lugar a la medida cautelar solicitada por los legisladores de Nuevo Encuentro, Gabriel\u2026","rel":"","context":"En \u00abMedios\u00bb","block_context":{"text":"Medios","link":"https:\/\/www.24baires.com\/?cat=54"},"img":{"alt_text":"macri","src":"https:\/\/i0.wp.com\/www.24baires.com\/wp-content\/uploads\/2013\/04\/macri-300x168.jpg?resize=350%2C200","width":350,"height":200},"classes":[]},{"id":115253,"url":"https:\/\/www.24baires.com\/?p=115253","url_meta":{"origin":86645,"position":4},"title":"Imputan a Pe\u00f1a, Michetti y Grecco por la pauta macrista","author":"AF","date":"05\/06\/2020","format":false,"excerpt":"El fiscal Jorge Di Lello imput\u00f3 a Marcos Pe\u00f1a, Gabriela Michetti y Jorge Grecco por irregularidades en la pauta oficial durante el gobierno de Mauricio Macri. Se trata de contrataciones irregulares por $300 millones de pesos a cuatro empresas, encargadas de realizar las campa\u00f1as publicitarias durante el macrismo. Michetti, Pe\u00f1a\u2026","rel":"","context":"En \u00abJUDICIALES\u00bb","block_context":{"text":"JUDICIALES","link":"https:\/\/www.24baires.com\/?cat=68"},"img":{"alt_text":"","src":"https:\/\/i0.wp.com\/www.24baires.com\/wp-content\/uploads\/2020\/06\/0000340785.jpg?resize=350%2C200","width":350,"height":200,"srcset":"https:\/\/i0.wp.com\/www.24baires.com\/wp-content\/uploads\/2020\/06\/0000340785.jpg?resize=350%2C200 1x, https:\/\/i0.wp.com\/www.24baires.com\/wp-content\/uploads\/2020\/06\/0000340785.jpg?resize=525%2C300 1.5x"},"classes":[]},{"id":62039,"url":"https:\/\/www.24baires.com\/?p=62039","url_meta":{"origin":86645,"position":5},"title":"Ley de Medios: confirmaron la suspensi\u00f3n de la adecuaci\u00f3n de Clar\u00edn","author":"Grupo Sierra","date":"20\/02\/2015","format":false,"excerpt":"La Sala I de la C\u00e1mara Nacional de Apelaciones en lo Civil y Comercial Federal ratific\u00f3 este viernes el fallo del juez Horacio Alfonso que, como medida cautelar, hab\u00eda dispuesto el 9 de diciembre pasado la suspensi\u00f3n de los efectos de la Resoluci\u00f3n N\u00ba 1121\/AFSCA\/2014 y, por ende, del \"Procedimiento\u2026","rel":"","context":"En \u00abJUDICIALES\u00bb","block_context":{"text":"JUDICIALES","link":"https:\/\/www.24baires.com\/?cat=68"},"img":{"alt_text":"clar\u00edn","src":"https:\/\/i0.wp.com\/www.24baires.com\/wp-content\/uploads\/2014\/10\/clar%C3%ADn.jpg?resize=350%2C200","width":350,"height":200,"srcset":"https:\/\/i0.wp.com\/www.24baires.com\/wp-content\/uploads\/2014\/10\/clar%C3%ADn.jpg?resize=350%2C200 1x, https:\/\/i0.wp.com\/www.24baires.com\/wp-content\/uploads\/2014\/10\/clar%C3%ADn.jpg?resize=525%2C300 1.5x"},"classes":[]}],"jetpack_sharing_enabled":true,"jetpack_likes_enabled":true,"_links":{"self":[{"href":"https:\/\/www.24baires.com\/index.php?rest_route=\/wp\/v2\/posts\/86645","targetHints":{"allow":["GET"]}}],"collection":[{"href":"https:\/\/www.24baires.com\/index.php?rest_route=\/wp\/v2\/posts"}],"about":[{"href":"https:\/\/www.24baires.com\/index.php?rest_route=\/wp\/v2\/types\/post"}],"author":[{"embeddable":true,"href":"https:\/\/www.24baires.com\/index.php?rest_route=\/wp\/v2\/users\/8"}],"replies":[{"embeddable":true,"href":"https:\/\/www.24baires.com\/index.php?rest_route=%2Fwp%2Fv2%2Fcomments&post=86645"}],"version-history":[{"count":1,"href":"https:\/\/www.24baires.com\/index.php?rest_route=\/wp\/v2\/posts\/86645\/revisions"}],"predecessor-version":[{"id":86647,"href":"https:\/\/www.24baires.com\/index.php?rest_route=\/wp\/v2\/posts\/86645\/revisions\/86647"}],"wp:attachment":[{"href":"https:\/\/www.24baires.com\/index.php?rest_route=%2Fwp%2Fv2%2Fmedia&parent=86645"}],"wp:term":[{"taxonomy":"category","embeddable":true,"href":"https:\/\/www.24baires.com\/index.php?rest_route=%2Fwp%2Fv2%2Fcategories&post=86645"},{"taxonomy":"post_tag","embeddable":true,"href":"https:\/\/www.24baires.com\/index.php?rest_route=%2Fwp%2Fv2%2Ftags&post=86645"}],"curies":[{"name":"wp","href":"https:\/\/api.w.org\/{rel}","templated":true}]}}