{"id":86641,"date":"2016-08-23T20:31:43","date_gmt":"2016-08-23T23:31:43","guid":{"rendered":"http:\/\/www.24baires.com\/?p=86641"},"modified":"2016-08-23T20:31:43","modified_gmt":"2016-08-23T23:31:43","slug":"por-tierras-bonaerenses","status":"publish","type":"post","link":"https:\/\/www.24baires.com\/?p=86641","title":{"rendered":"Por tierras bonaerenses."},"content":{"rendered":"<p><img data-recalc-dims=\"1\" loading=\"lazy\" decoding=\"async\" src=\"https:\/\/i0.wp.com\/www.24baires.com\/wp-content\/uploads\/2016\/06\/vidal-1.jpg?resize=560%2C314\" alt=\"vidal\" width=\"560\" height=\"314\" class=\"aligncenter size-full wp-image-84154\" srcset=\"https:\/\/i0.wp.com\/www.24baires.com\/wp-content\/uploads\/2016\/06\/vidal-1.jpg?w=560&amp;ssl=1 560w, https:\/\/i0.wp.com\/www.24baires.com\/wp-content\/uploads\/2016\/06\/vidal-1.jpg?resize=300%2C168&amp;ssl=1 300w\" sizes=\"auto, (max-width: 560px) 100vw, 560px\" \/>No casualmente en estos meses se ausentaron columnas de opini\u00f3n \u201cprovinciales\u201d. La cadencia de los hechos no fue ni por casualidad similar a la que nos entreg\u00f3 el escenario nacional, que por cierto nos tuvo en vilo con acontecimientos de much\u00edsima mayor envergadura. Pero claro que han ocurrido cosas en la provincia. Las siguientes l\u00edneas ser\u00e1n una suerte de balance, raconto de hechos salientes, relato de lo que han sido estos meses de gesti\u00f3n Cambiemos en la provincia.<!--more--><br \/>\nMEV lleg\u00f3 al poder repentinamente \u2013no se la cre\u00eda ganadora-,  a fuerza de traiciones y operaciones medi\u00e1ticas \u2013por pol\u00e9mico que suene-. Por primera vez asist\u00edamos a ver una mujer presidiendo la gobernaci\u00f3n, y pod\u00eda jactarse de poner fin a la extendida permanencia en el poder del PJ.<br \/>\nLlegaba con la innegable ayuda de la estructura partidaria de la UCR. Triste papel el del centenario partido. Una vez asumida, no retribuy\u00f3 a los radicales en la conformaci\u00f3n de su gabinete.<br \/>\nLleg\u00f3 al poder sin mayor\u00edas legislativas y necesitada de tender puentes con otras fuerzas. Cambiemos tendi\u00f3 puentes con la bancada del Frente Renovador, se apegaron a ellos en la labor legislativa. Con algunas concesiones de por medio, lograron su apoyo para la sanci\u00f3n de las leyes que sosten\u00edan eran de mayor urgencia.<br \/>\nContaron con sus votos para sacar adelante la aprobaci\u00f3n de un enorme endeudamiento, la aprobaci\u00f3n del Presupuesto 2016, de la Ley de Emergencia en Seguridad, la Ley de Emergencia Administrativa y la Ley de Modernizaci\u00f3n del Estado.<br \/>\nNada se dijo en estas columnas de la Emergencia Administrativa y la Ley de Modernizaci\u00f3n del Estado. A los dichos de la gobernaci\u00f3n y a los cuestionamientos sindicales y de las bancadas opositoras me remito. El oficialismo las celebra en tanto que dice que habilitan a la gobernaci\u00f3n a ser m\u00e1s veloces en la contrataci\u00f3n de bienes y servicios, dejar a un lado la engorrosa y lenta burocracia de expedientes que lentamente se pasean entre despachos, priorizar la dotaci\u00f3n tecnol\u00f3gica de la administraci\u00f3n p\u00fablica bonaerense, acercando la gesti\u00f3n a la gente, transparentando, siendo m\u00e1s eficientes. Desde la oposici\u00f3n y los sindicatos se pone en tela de juicio posibles aplicaciones precarizadoras del empleo en la provincia. El tiempo dir\u00e1 acerca del provecho o el perjuicio, de la aplicaci\u00f3n de estas legislaciones.<br \/>\nComo no pod\u00eda ser de otra manera, desde el d\u00eda 1 se piensa en 2017. El tablero pol\u00edtico no ha dejado de moverse y sin lugar a dudas de aqu\u00ed al a\u00f1o que viene habr\u00e1 muchos movimientos. Las legislativas bonaerenses son la gran proyecci\u00f3n de cara a las presidenciales de 2019 y son de vital importancia para la fisionom\u00eda de las c\u00e1maras legislativas y el curso de las pol\u00edticas bonaerenses.<br \/>\nSe saben beneficiarios de un peronismo dividido, que bien puede perdurar o que bien puede tender a la unificaci\u00f3n. Saben que el peronismo es la fuerza de mayor inserci\u00f3n territorial y alberga figuras de peso electoral. Tratan de arrimar peronistas a su espacio. Saben que pese a su victoria en 2015, el peronismo mide m\u00e1s.<br \/>\nLas fuerzas pol\u00edticas lejos est\u00e1n de quedar transparentadas como compartimentos estancos, programas y pertenencias ideol\u00f3gicas n\u00edtidas. El escenario pol\u00edtico es sin dudas un tablero, un ajedrez abierto a m\u00faltiples movimientos, una partida muy cerrada, de inciertos devenires.<br \/>\nEpisodios salientes y entredichos entreg\u00f3 la relaci\u00f3n entre la gobernaci\u00f3n y la polic\u00eda bonaerense. Desde la gobernaci\u00f3n se removi\u00f3 a numerosos polic\u00edas de sus cargos y se anunciaron compromisos tendientes a depurar las fuerzas de seguridad, una iniciativa practicada repetidas veces en pasadas gestiones. Se suscitaron entredichos respecto al manejo de la Polic\u00eda Bonaerense entre la gobernadora y Lilita Carri\u00f3 y llamaron a la alerta aparentes intimidaciones de parte de efectivos de la bonaerense irrumpiendo en forma de advertencia extorsiva mafiosa en propiedades de algunos funcionarios sin causar da\u00f1os ni extracciones.<br \/>\nLas paritarias bonaerenses han dejado variados saldos. Aunque en ning\u00fan caso nos entregan una cabal recomposici\u00f3n del poder adquisitivo de los salarios que desde noviembre\/diciembre de 2015 comenz\u00f3 aceleradamente a erosionarse.<br \/>\nEsos primeros meses no conocieron de recomposiciones frente a esa embestida de los precios. La apertura de negociaciones paritarias se hizo esperar.<br \/>\nAlgunos acuerdos conocieron de aumentos retroactivos. Se concedieron mayormente aumentos escalonados y se establecieron compromisos de negociar en el a\u00f1o en dos tramos.<br \/>\nEl acuerdo con los docentes signific\u00f3 para Vidal el logro del anunciado inicio de las clases en fecha. Dej\u00f3 la sensaci\u00f3n de no ser tan mal acuerdo. Fue del 35% en cuotas, reci\u00e9n se percibi\u00f3 en su totalidad en el corriente mes de agosto. Quedaba expresa la promesa de reabrir las negociaciones para la segunda parte del a\u00f1o.<br \/>\nLos acuerdos conseguidos por los judiciales, estatales y profesionales de la salud \u2013aunque lejos de ser satisfactorios- fueron alcanzados con movilizaciones, reiterados paros y un prolongado \u201ctire y afloje\u201d frente a una gobernaci\u00f3n que se mantuvo f\u00e9rrea en sus magras propuestas de 15% de aumento y que finalmente dio el brazo a torcer.<br \/>\nLos estatales acordaron un 16% para el primer semestre con el reconocimiento de un peque\u00f1o retroactivo para enero y febrero y un aumento de similar magnitud de cara a la segunda mitad del a\u00f1o.<br \/>\nMejor suerte tuvieron los judiciales que obtuvieron un aumento del 32,5%, en tres cuotas, que ya ha sido percibido en su totalidad, con reconocimiento de algunas sumas retroactivas, y quedando contemplada la posibilidad de reabrir la negociaci\u00f3n en el \u00faltimo tramo del a\u00f1o.<br \/>\nM\u00e1s pobre fue el acuerdo con los profesionales de la salud, que obtuvieron un aumento del 25% en cuotas que reci\u00e9n se percibi\u00f3 en su totalidad este mes, con la promesa de reabrir la discusi\u00f3n en el corriente mes de agosto.<br \/>\nLlegados a la segunda mitad del a\u00f1o, la gobernaci\u00f3n se resiste a reabrir las negociaciones. Habr\u00e1 que ver cu\u00e1n tenaz es su postura. Los pr\u00f3ximos d\u00edas y las pr\u00f3ximas semanas seguramente seremos testigos de una candente pugna por las recomposiciones salariales en la provincia.<br \/>\nSe fue testigo de una cargada agenda de movilizaciones, \u201ctires y aflojes\u201d y medidas de fuerza. Los trabajadores han dado tenaces luchas para que la p\u00e9rdida de salario real sea lo menor posible.<br \/>\nDos leyes sancionadas por el parlamento bonaerense en la pasada fueron sujeto de dilaci\u00f3n: la llamada Ley de Paritarias Municipales Ley nro.14.656 (sancionada en noviembre de 2014) y la Ley de Boleto Educativo Gratuito Ley nro. 14.736 (sancionada en agosto de 2015).<br \/>\nLa Ley de Paritarias Municipales, se ha visto postergada en su implementaci\u00f3n. Una minor\u00eda de los municipios han cumplido con las paritarias.<br \/>\nEn cuanto a la Ley de Boleto Educativo, en principio prim\u00f3 la negaci\u00f3n a poner en marcha dicho derecho. Un semestre despu\u00e9s, seguramente a ra\u00edz de las incontenibles presiones del movimiento estudiantil, la gobernadora cedi\u00f3, \u201crecapacit\u00f3\u201d y accedi\u00f3 a ponerlo en marcha. Para estudiantes primarios, secundarios, terciarios y universitarios. En cuanto a los universitarios en principio solo los de la UNLP. Reci\u00e9n para 2017 se incorporar\u00edan a las dem\u00e1s universidades de la provincia.<br \/>\nLa imagen de M.E. Vidal se mantiene elevada. El paralelo con el ex gobernador le juega a su favor. Vende una buena imagen que cala en un amplio espectro ciudadano. Los males del bonaerense, incluidos los del trabajador estatal, que ha sufrido un duro golpe a su econom\u00eda familiar, no son en especial atribuidos a la nueva administraci\u00f3n provincial, y s\u00ed a las pol\u00edticas de shock del macrismo \u2013acaso para algunos, la necesaria cirug\u00eda frente a \u201cla pesada herencia\u201d-.<\/p>\n","protected":false},"excerpt":{"rendered":"<p>No casualmente en estos meses se ausentaron columnas de opini\u00f3n \u201cprovinciales\u201d. La cadencia de los hechos no fue ni por casualidad similar a la que nos entreg\u00f3 el escenario nacional, que por cierto nos tuvo en vilo con acontecimientos de much\u00edsima mayor envergadura. Pero claro que han ocurrido cosas en la provincia. Las siguientes l\u00edneas ser\u00e1n una suerte de balance, [&#8230;]<\/p>\n","protected":false},"author":8,"featured_media":0,"comment_status":"open","ping_status":"open","sticky":false,"template":"","format":"standard","meta":{"_jetpack_newsletter_access":"","_jetpack_dont_email_post_to_subs":false,"_jetpack_newsletter_tier_id":0,"_jetpack_memberships_contains_paywalled_content":false,"_jetpack_memberships_contains_paid_content":false,"footnotes":""},"categories":[64],"tags":[],"class_list":["post-86641","post","type-post","status-publish","format-standard","hentry","category-opinion"],"jetpack_featured_media_url":"","jetpack_shortlink":"https:\/\/wp.me\/p2JWE0-mxr","jetpack-related-posts":[{"id":35214,"url":"https:\/\/www.24baires.com\/?p=35214","url_meta":{"origin":86641,"position":0},"title":"El peligroso escenario del odio y la intolerancia en nuestro pa\u00eds","author":"AF","date":"15\/11\/2013","format":false,"excerpt":"Empezamos hablando esta semana de los dichos de Jaime Dur\u00e1n Barba, quien dijo que Adolf Hitler era un tipo espectacular y que revisti\u00f3 de gran importancia para el mundo. Y vamos a terminar la semana intentando hacer un llamado de atenci\u00f3n que se enmarca en el mismo sentido, porque despu\u00e9s\u2026","rel":"","context":"En \u00abOpini\u00f3n\u00bb","block_context":{"text":"Opini\u00f3n","link":"https:\/\/www.24baires.com\/?cat=64"},"img":{"alt_text":"ultraconservadores","src":"https:\/\/i0.wp.com\/www.24baires.com\/wp-content\/uploads\/2013\/11\/ultraconservadores.jpg?resize=350%2C200","width":350,"height":200,"srcset":"https:\/\/i0.wp.com\/www.24baires.com\/wp-content\/uploads\/2013\/11\/ultraconservadores.jpg?resize=350%2C200 1x, https:\/\/i0.wp.com\/www.24baires.com\/wp-content\/uploads\/2013\/11\/ultraconservadores.jpg?resize=525%2C300 1.5x"},"classes":[]},{"id":5143,"url":"https:\/\/www.24baires.com\/?p=5143","url_meta":{"origin":86641,"position":1},"title":"\u201cLos verdaderos socialistas molestan en la provincia sojera, y los meten presos\u201d","author":"Grupo Sierra","date":"12\/11\/2012","format":false,"excerpt":"MAR DEL PLATA - Desde el Socialismo Marplatense expresaron un enf\u00e1tico repudio a la detenci\u00f3n de dos j\u00f3venes militantes de la Confederaci\u00f3n Socialista en la Provincia de Santa Fe por el solo hecho de realizar ciertas pintadas. \u201cLo realizado por la polic\u00eda santafecina nos merece, una vez m\u00e1s, el m\u00e1s\u2026","rel":"","context":"En \u00abPol\u00edtica\u00bb","block_context":{"text":"Pol\u00edtica","link":"https:\/\/www.24baires.com\/?cat=51"},"img":{"alt_text":"","src":"https:\/\/i0.wp.com\/www.24baires.com\/wp-content\/uploads\/2012\/11\/SANCHEZ-MAJO-300x290.jpg?resize=350%2C200","width":350,"height":200},"classes":[]},{"id":113959,"url":"https:\/\/www.24baires.com\/?p=113959","url_meta":{"origin":86641,"position":2},"title":"\u00abAhora podemos entrar a la Casa de Gobierno, con Vidal ten\u00edamos un candado\u00bb","author":"AF","date":"29\/01\/2020","format":false,"excerpt":"Con cr\u00edticas a Vidal, la referente de Suteba celebr\u00f3 el di\u00e1logo con Kicillof y el plan de refacci\u00f3n en las escuelas. \"Se recepcion\u00f3 por parte del Gobierno la demanda inmensa respecto a infraestructura\". Tras el lanzamiento del programa de refacci\u00f3n de escuelas, la Secretaria Gremial de Suteba, Mar\u00eda Laura Torre\u2026","rel":"","context":"En \u00abLocales\u00bb","block_context":{"text":"Locales","link":"https:\/\/www.24baires.com\/?cat=38"},"img":{"alt_text":"","src":"https:\/\/i0.wp.com\/www.24baires.com\/wp-content\/uploads\/2020\/01\/960ed4422f20e0b93902d639816691b6.jpg?resize=350%2C200","width":350,"height":200,"srcset":"https:\/\/i0.wp.com\/www.24baires.com\/wp-content\/uploads\/2020\/01\/960ed4422f20e0b93902d639816691b6.jpg?resize=350%2C200 1x, https:\/\/i0.wp.com\/www.24baires.com\/wp-content\/uploads\/2020\/01\/960ed4422f20e0b93902d639816691b6.jpg?resize=525%2C300 1.5x"},"classes":[]},{"id":36688,"url":"https:\/\/www.24baires.com\/?p=36688","url_meta":{"origin":86641,"position":3},"title":"Berni sentenci\u00f3: los polic\u00edas \u00abliberaban zonas y conduc\u00edan a los delincuentes\u00bb","author":"Grupo Sierra","date":"12\/12\/2013","format":false,"excerpt":"El secretario de Seguridad, Sergio Berni, denunci\u00f3 este jueves que hubo polic\u00edas que \"conduc\u00edan\" a los saqueadores. \"Han hecho lo peor: extorsionar al poder pol\u00edtico y tomar como reh\u00e9n a la poblaci\u00f3n\", dijo sobre los efectivos que se acuartelaron. \"En algunas provincias est\u00e1n sospechadas de tener connivencia con el narcotr\u00e1fico\u2026","rel":"","context":"En \u00abSociedad\u00bb","block_context":{"text":"Sociedad","link":"https:\/\/www.24baires.com\/?cat=1"},"img":{"alt_text":"Berni","src":"https:\/\/i0.wp.com\/www.24baires.com\/wp-content\/uploads\/2013\/08\/Berni-300x187.jpg?resize=350%2C200","width":350,"height":200},"classes":[]},{"id":112581,"url":"https:\/\/www.24baires.com\/?p=112581","url_meta":{"origin":86641,"position":4},"title":"Vidal estuvo en San Miguel del Monte, pero evit\u00f3 referencias a la masacre","author":"GB","date":"22\/10\/2019","format":false,"excerpt":"Solo se reuni\u00f3 con una madre, aunque p\u00fablicamente no hizo alusiones a las cuatro muertes que caus\u00f3 la Polic\u00eda bonaerense La gobernadora Mar\u00eda Eugenia Vidal visit\u00f3 San Miguel del Monte por primera vez desde el 20 de mayo, cuando ocurri\u00f3 la masacre que les quit\u00f3 la vida a cuatro adolescentes\u2026","rel":"","context":"En \u00abProvincia\u00bb","block_context":{"text":"Provincia","link":"https:\/\/www.24baires.com\/?cat=40"},"img":{"alt_text":"","src":"https:\/\/i0.wp.com\/www.24baires.com\/wp-content\/uploads\/2019\/09\/vidal-tuzaingo.jpg?resize=350%2C200","width":350,"height":200,"srcset":"https:\/\/i0.wp.com\/www.24baires.com\/wp-content\/uploads\/2019\/09\/vidal-tuzaingo.jpg?resize=350%2C200 1x, https:\/\/i0.wp.com\/www.24baires.com\/wp-content\/uploads\/2019\/09\/vidal-tuzaingo.jpg?resize=525%2C300 1.5x"},"classes":[]},{"id":18722,"url":"https:\/\/www.24baires.com\/?p=18722","url_meta":{"origin":86641,"position":5},"title":"Guido Carlotto: \u201cNo me extra\u00f1ar\u00eda que Videla est\u00e9 buscando un pedido del Papa\u201d","author":"AF","date":"18\/03\/2013","format":false,"excerpt":"El titular de la Secretar\u00eda de Derechos Humanos, Guido Carlotto, opin\u00f3 que \u201cno es casual que Videla salga hablar a pocos d\u00edas de la asunci\u00f3n de un Papa argentino, no me extra\u00f1ar\u00eda para nada que est\u00e9 buscando un pedido por parte de Francisco\u201d. En ese sentido, el hijo de Estela\u2026","rel":"","context":"En \u00abMemoria\u00bb","block_context":{"text":"Memoria","link":"https:\/\/www.24baires.com\/?cat=50"},"img":{"alt_text":"","src":"","width":0,"height":0},"classes":[]}],"jetpack_sharing_enabled":true,"jetpack_likes_enabled":true,"_links":{"self":[{"href":"https:\/\/www.24baires.com\/index.php?rest_route=\/wp\/v2\/posts\/86641","targetHints":{"allow":["GET"]}}],"collection":[{"href":"https:\/\/www.24baires.com\/index.php?rest_route=\/wp\/v2\/posts"}],"about":[{"href":"https:\/\/www.24baires.com\/index.php?rest_route=\/wp\/v2\/types\/post"}],"author":[{"embeddable":true,"href":"https:\/\/www.24baires.com\/index.php?rest_route=\/wp\/v2\/users\/8"}],"replies":[{"embeddable":true,"href":"https:\/\/www.24baires.com\/index.php?rest_route=%2Fwp%2Fv2%2Fcomments&post=86641"}],"version-history":[{"count":1,"href":"https:\/\/www.24baires.com\/index.php?rest_route=\/wp\/v2\/posts\/86641\/revisions"}],"predecessor-version":[{"id":86642,"href":"https:\/\/www.24baires.com\/index.php?rest_route=\/wp\/v2\/posts\/86641\/revisions\/86642"}],"wp:attachment":[{"href":"https:\/\/www.24baires.com\/index.php?rest_route=%2Fwp%2Fv2%2Fmedia&parent=86641"}],"wp:term":[{"taxonomy":"category","embeddable":true,"href":"https:\/\/www.24baires.com\/index.php?rest_route=%2Fwp%2Fv2%2Fcategories&post=86641"},{"taxonomy":"post_tag","embeddable":true,"href":"https:\/\/www.24baires.com\/index.php?rest_route=%2Fwp%2Fv2%2Ftags&post=86641"}],"curies":[{"name":"wp","href":"https:\/\/api.w.org\/{rel}","templated":true}]}}