{"id":8655,"date":"2012-12-11T09:12:06","date_gmt":"2012-12-11T12:12:06","guid":{"rendered":"http:\/\/www.24baires.com\/?p=8655"},"modified":"2012-12-11T10:15:28","modified_gmt":"2012-12-11T13:15:28","slug":"a-partir-del-2013-los-padres-podran-monitorear-la-noche-desde-sus-casas","status":"publish","type":"post","link":"https:\/\/www.24baires.com\/?p=8655","title":{"rendered":"A partir del 2013, los padres podr\u00e1n monitorear la noche desde sus casas"},"content":{"rendered":"<p>En <strong>La Plata<\/strong>, quienes est\u00e9n registrados observar\u00e1n v\u00eda Internet lo que ocurre en la entrada y salida de los boliches.<!--more--><br \/>\nDesde el a\u00f1o que viene, los padres que se anoten en un registro municipal de control de nocturnidad podr\u00e1n observar desde sus casas, v\u00eda Internet, lo que ocurre en la v\u00eda p\u00fablica durante los fines de semana.<\/p>\n<p>La informaci\u00f3n fue proporcionada por el titular de la Central de Monitoreo Urbano, Juan Jos\u00e9 Rivademar, dijo que se trata de \u201ccontinuar con la pol\u00edtica de participar los padres, junto con el municipio, en la noche platense\u201d. Record\u00f3 que \u201cactualmente un grupo de padres\u201d \u201crecorre la noche para ver el consumo de alcohol, los controles de alcoholemia\u201d y \u201cest\u00e1n generando nuevas alternativas para tratar de mejorar la calidad de la noche\u201d.<\/p>\n<p>El funcionario revel\u00f3 que hay padres que \u201cnos visitan en la central de monitoreo y observan los lugares t\u00edpicos en donde hay m\u00e1s boliches bailables\u201d. Seg\u00fan Rivademar, \u201ceste tipo de pol\u00edtica viene dando resultados\u201d y se\u00f1al\u00f3 que \u201cpor iniciativa de ellos, surgi\u00f3 la posibilidad de que estos padres empadronados puedan observar desde sus casas la salida de los boliches\u201d.<\/p>\n<p>\u201cEs reforzar lo que ya venimos haciendo\u201d, resumi\u00f3 el titular de la Central de Monitoreo.<\/p>\n","protected":false},"excerpt":{"rendered":"<p>En La Plata, quienes est\u00e9n registrados observar\u00e1n v\u00eda Internet lo que ocurre en la entrada y salida de los boliches.<\/p>\n","protected":false},"author":4,"featured_media":0,"comment_status":"open","ping_status":"open","sticky":false,"template":"","format":"standard","meta":{"_jetpack_newsletter_access":"","_jetpack_dont_email_post_to_subs":false,"_jetpack_newsletter_tier_id":0,"_jetpack_memberships_contains_paywalled_content":false,"_jetpack_memberships_contains_paid_content":false,"footnotes":""},"categories":[1],"tags":[],"class_list":["post-8655","post","type-post","status-publish","format-standard","hentry","category-sociedad"],"jetpack_featured_media_url":"","jetpack_shortlink":"https:\/\/wp.me\/p2JWE0-2fB","jetpack-related-posts":[{"id":27626,"url":"https:\/\/www.24baires.com\/?p=27626","url_meta":{"origin":8655,"position":0},"title":"La Plata: impulsan ordenanza para que padres paguen los destrozos urbanos de sus hijos","author":"AF","date":"05\/07\/2013","format":false,"excerpt":"La Municipalidad de La Plata promueve una ordenanza que multe o pene con tareas comunitarias a padres cuyos hijos realicen destrozos en la v\u00eda p\u00fablica. La iniciativa de la Secretar\u00eda de Seguridad Ciudadana apunta a la responsabilidad de los padres por conductas inadecuadas de sus hijos, explic\u00f3 su titular, Susana\u2026","rel":"","context":"En \u00abLocales\u00bb","block_context":{"text":"Locales","link":"https:\/\/www.24baires.com\/?cat=38"},"img":{"alt_text":"","src":"","width":0,"height":0},"classes":[]},{"id":45335,"url":"https:\/\/www.24baires.com\/?p=45335","url_meta":{"origin":8655,"position":1},"title":"Multar\u00e1n a los padres de menores que consuman alcohol en Patagones","author":"GB","date":"05\/05\/2014","format":false,"excerpt":"El ejecutivo del partido del sur de la Provincia de Buenos Aires decidi\u00f3 prevenir el consumo de alcohol en menores de edad sancionando econ\u00f3micamente a sus padres o tutores en caso de que sean encontrados bebiendo alcohol en la v\u00eda p\u00fablica. La iniciativa solo tiene sus antecedentes en la ciudad\u2026","rel":"","context":"En \u00abMunicipios\u00bb","block_context":{"text":"Municipios","link":"https:\/\/www.24baires.com\/?cat=44"},"img":{"alt_text":"bebidas-para-el-brindis-de-navidad","src":"https:\/\/i0.wp.com\/www.24baires.com\/wp-content\/uploads\/2013\/12\/bebidas-para-el-brindis-de-navidad.jpg?resize=350%2C200","width":350,"height":200,"srcset":"https:\/\/i0.wp.com\/www.24baires.com\/wp-content\/uploads\/2013\/12\/bebidas-para-el-brindis-de-navidad.jpg?resize=350%2C200 1x, https:\/\/i0.wp.com\/www.24baires.com\/wp-content\/uploads\/2013\/12\/bebidas-para-el-brindis-de-navidad.jpg?resize=525%2C300 1.5x"},"classes":[]},{"id":6029,"url":"https:\/\/www.24baires.com\/?p=6029","url_meta":{"origin":8655,"position":2},"title":"Har\u00e1n controles de alcoholemia antes de entrar a los boliches","author":"AF","date":"19\/11\/2012","format":false,"excerpt":"El gobierno provincial instrumentar\u00e1 una experiencia piloto de control de alcoholemia en el ingreso de boliches, aplicando derecho de admisi\u00f3n para quienes superen los niveles de alcohol en sangre permitidos. Se trata de una iniciativa acordada entre el ministerio de Salud provincial, v\u00eda la subsecretar\u00eda de Adicciones, y la Asociaci\u00f3n\u2026","rel":"","context":"En \u00abSociedad\u00bb","block_context":{"text":"Sociedad","link":"https:\/\/www.24baires.com\/?cat=1"},"img":{"alt_text":"","src":"https:\/\/i0.wp.com\/www.24baires.com\/wp-content\/uploads\/2012\/11\/pipeta-alcoholemia.jpg?resize=350%2C200","width":350,"height":200},"classes":[]},{"id":7952,"url":"https:\/\/www.24baires.com\/?p=7952","url_meta":{"origin":8655,"position":3},"title":"Provincia y padres bonaerenses trabajan para generar noches seguras en la temporada","author":"AF","date":"05\/12\/2012","format":false,"excerpt":"Este verano, la provincia de Buenos Aires apostar\u00e1 a la sensibilizaci\u00f3n de los padres bonaerenses con el fin de lograr una noche segura para los j\u00f3venes en las localidades balnearias durante la temporada. Por eso, la Fundaci\u00f3n Proyecto Padres realiz\u00f3 en Mar del Plata el primer Pre Congreso para Padres\u2026","rel":"","context":"En \u00abSociedad\u00bb","block_context":{"text":"Sociedad","link":"https:\/\/www.24baires.com\/?cat=1"},"img":{"alt_text":"","src":"","width":0,"height":0},"classes":[]},{"id":61923,"url":"https:\/\/www.24baires.com\/?p=61923","url_meta":{"origin":8655,"position":4},"title":"Falleci\u00f3 la beb\u00e9 abusada en La Plata","author":"Grupo Sierra","date":"18\/02\/2015","format":false,"excerpt":"Los padres de la nena de 8 meses fueron detenidos y acusados de \"abuso sexual con acceso carnal gravemente ultrajante\". El caso se supo hoy. Los padres de la ni\u00f1a llamada M\u00eda, una joven de 19 a\u00f1os y su pareja de 22, fueron detenidos y acusados de \"abuso sexual con\u2026","rel":"","context":"En \u00abPoliciales\u00bb","block_context":{"text":"Policiales","link":"https:\/\/www.24baires.com\/?cat=49"},"img":{"alt_text":"HOSPITAL-NI\u00d1OS-LA-PLATA","src":"https:\/\/i0.wp.com\/www.24baires.com\/wp-content\/uploads\/2015\/02\/HOSPITAL-NI%C3%91OS-LA-PLATA.jpg?resize=350%2C200","width":350,"height":200,"srcset":"https:\/\/i0.wp.com\/www.24baires.com\/wp-content\/uploads\/2015\/02\/HOSPITAL-NI%C3%91OS-LA-PLATA.jpg?resize=350%2C200 1x, https:\/\/i0.wp.com\/www.24baires.com\/wp-content\/uploads\/2015\/02\/HOSPITAL-NI%C3%91OS-LA-PLATA.jpg?resize=525%2C300 1.5x"},"classes":[]},{"id":61904,"url":"https:\/\/www.24baires.com\/?p=61904","url_meta":{"origin":8655,"position":5},"title":"Escalofriante: Una beba fue abusada y tiene muerte cerebral","author":"GB","date":"18\/02\/2015","format":false,"excerpt":"LA PLATA-Se encuentra internada en el hospital de Ni\u00f1os de La Plata, tras presuntamente ser violada y golpeada por sus padres. Los padres de la ni\u00f1a llamada M\u00eda, una joven de 19 a\u00f1os y su pareja de 22, fueron detenidos y acusados de \"abuso sexual con acceso carnal gravemente ultrajante\u2026","rel":"","context":"En \u00abPoliciales\u00bb","block_context":{"text":"Policiales","link":"https:\/\/www.24baires.com\/?cat=49"},"img":{"alt_text":"hospital ni\u00f1os la plata","src":"https:\/\/i0.wp.com\/www.24baires.com\/wp-content\/uploads\/2014\/06\/hospital-ni%C3%B1os-la-plata.jpg?resize=350%2C200","width":350,"height":200,"srcset":"https:\/\/i0.wp.com\/www.24baires.com\/wp-content\/uploads\/2014\/06\/hospital-ni%C3%B1os-la-plata.jpg?resize=350%2C200 1x, https:\/\/i0.wp.com\/www.24baires.com\/wp-content\/uploads\/2014\/06\/hospital-ni%C3%B1os-la-plata.jpg?resize=525%2C300 1.5x"},"classes":[]}],"jetpack_sharing_enabled":true,"jetpack_likes_enabled":true,"_links":{"self":[{"href":"https:\/\/www.24baires.com\/index.php?rest_route=\/wp\/v2\/posts\/8655","targetHints":{"allow":["GET"]}}],"collection":[{"href":"https:\/\/www.24baires.com\/index.php?rest_route=\/wp\/v2\/posts"}],"about":[{"href":"https:\/\/www.24baires.com\/index.php?rest_route=\/wp\/v2\/types\/post"}],"author":[{"embeddable":true,"href":"https:\/\/www.24baires.com\/index.php?rest_route=\/wp\/v2\/users\/4"}],"replies":[{"embeddable":true,"href":"https:\/\/www.24baires.com\/index.php?rest_route=%2Fwp%2Fv2%2Fcomments&post=8655"}],"version-history":[{"count":1,"href":"https:\/\/www.24baires.com\/index.php?rest_route=\/wp\/v2\/posts\/8655\/revisions"}],"predecessor-version":[{"id":8656,"href":"https:\/\/www.24baires.com\/index.php?rest_route=\/wp\/v2\/posts\/8655\/revisions\/8656"}],"wp:attachment":[{"href":"https:\/\/www.24baires.com\/index.php?rest_route=%2Fwp%2Fv2%2Fmedia&parent=8655"}],"wp:term":[{"taxonomy":"category","embeddable":true,"href":"https:\/\/www.24baires.com\/index.php?rest_route=%2Fwp%2Fv2%2Fcategories&post=8655"},{"taxonomy":"post_tag","embeddable":true,"href":"https:\/\/www.24baires.com\/index.php?rest_route=%2Fwp%2Fv2%2Ftags&post=8655"}],"curies":[{"name":"wp","href":"https:\/\/api.w.org\/{rel}","templated":true}]}}