{"id":8650,"date":"2012-12-11T09:53:37","date_gmt":"2012-12-11T12:53:37","guid":{"rendered":"http:\/\/www.24baires.com\/?p=8650"},"modified":"2012-12-11T19:13:54","modified_gmt":"2012-12-11T22:13:54","slug":"docentes-marchan-para-reclamar-el-reintegro-de-haberes-descontados-irregularmente","status":"publish","type":"post","link":"https:\/\/www.24baires.com\/?p=8650","title":{"rendered":"Docentes marchan para reclamar el reintegro de haberes descontados irregularmente"},"content":{"rendered":"<p>Luego de la reuni\u00f3n que mantuvieron con el Gobernador, los docentes se manifiestan en Capital Federal a la espera de respuesta a sus demandas. En tanto, los gremios exigieron a la Direcci\u00f3n General de Cultura y Educaci\u00f3n que preside Nora de Luc\u00eda, que \u00abproceda a la liquidaci\u00f3n en adicional de las sumas descontadas\u00bb.<!--more--><\/p>\n<p>Los docentes bonaerense nucleados en el Frente Gremial -Suteba, la FEB, UDA, los t\u00e9cnicos de AMET y los privados de SADOP- se manifiestan esta ma\u00f1ana en Capital Federal en reclamo de la liquidaci\u00f3n de las sumas descontadas por los d\u00edas de paro, entre otras demandas.<\/p>\n<p>Durante el lunes, los maestros se reunieron con el gobernador Daniel Scioli, quien les pidi\u00f3 un cuarto intermedio. Se estipula que entre ma\u00f1ana y el jueves se estar\u00edan volviendo a reunir.<\/p>\n<p>El titular del Sindicato Unificado de Trabajadores de la Educaci\u00f3n de la Provincia (Suteba), Roberto Baradel, dijo que \u201cesperamos tener respuestas el mi\u00e9rcoles, en caso contrario se profundiza el conflicto y no van a comenzar las clases el 25 de febrero\u201d.<\/p>\n","protected":false},"excerpt":{"rendered":"<p>Luego de la reuni\u00f3n que mantuvieron con el Gobernador, los docentes se manifiestan en Capital Federal a la espera de respuesta a sus demandas. En tanto, los gremios exigieron a la Direcci\u00f3n General de Cultura y Educaci\u00f3n que preside Nora de Luc\u00eda, que \u00abproceda a la liquidaci\u00f3n en adicional de las sumas descontadas\u00bb.<\/p>\n","protected":false},"author":4,"featured_media":0,"comment_status":"open","ping_status":"open","sticky":false,"template":"","format":"standard","meta":{"_jetpack_newsletter_access":"","_jetpack_dont_email_post_to_subs":false,"_jetpack_newsletter_tier_id":0,"_jetpack_memberships_contains_paywalled_content":false,"_jetpack_memberships_contains_paid_content":false,"footnotes":""},"categories":[1],"tags":[],"class_list":["post-8650","post","type-post","status-publish","format-standard","hentry","category-sociedad"],"jetpack_featured_media_url":"","jetpack_shortlink":"https:\/\/wp.me\/p2JWE0-2fw","jetpack-related-posts":[{"id":49924,"url":"https:\/\/www.24baires.com\/?p=49924","url_meta":{"origin":8650,"position":0},"title":"Provincia inform\u00f3 que descontar\u00e1 el d\u00eda a docentes que paren ma\u00f1ana","author":"GB","date":"15\/07\/2014","format":false,"excerpt":"El gobierno bonaerense descontar\u00e1 el d\u00eda a los docentes que se adhieran ma\u00f1ana al paro dispuesto por el gremio Udocba para reclamar la reapertura de las paritarias. As\u00ed lo informaron esta ma\u00f1ana a T\u00e9lam fuentes de la Direcci\u00f3n General de Educaci\u00f3n y Cultura. \"Hay un acuerdo interministerial para que los\u2026","rel":"","context":"En \u00abPol\u00edtica\u00bb","block_context":{"text":"Pol\u00edtica","link":"https:\/\/www.24baires.com\/?cat=51"},"img":{"alt_text":"Dise\u00f1o-de-escuelas","src":"https:\/\/i0.wp.com\/www.24baires.com\/wp-content\/uploads\/2013\/12\/Dise%C3%B1o-de-escuelas.jpg?resize=350%2C200","width":350,"height":200,"srcset":"https:\/\/i0.wp.com\/www.24baires.com\/wp-content\/uploads\/2013\/12\/Dise%C3%B1o-de-escuelas.jpg?resize=350%2C200 1x, https:\/\/i0.wp.com\/www.24baires.com\/wp-content\/uploads\/2013\/12\/Dise%C3%B1o-de-escuelas.jpg?resize=525%2C300 1.5x"},"classes":[]},{"id":101412,"url":"https:\/\/www.24baires.com\/?p=101412","url_meta":{"origin":8650,"position":1},"title":"Los docentes presentaron una cautelar para frenar los descuentos","author":"GB","date":"04\/04\/2018","format":false,"excerpt":"Vidal tiene decidido descontar los d\u00edas de paro de principios de marzo. Hoy, nueva reuni\u00f3n paritaria en Econom\u00eda. Mar\u00eda Eugenia Vidal ya tiene resuelto descontarle a los docentes la doble jornada de paro de principios de marzo. Los gremios presentaron una cautelar para frenar la medida oficial, que tens\u00f3 el\u2026","rel":"","context":"En \u00abProvincia\u00bb","block_context":{"text":"Provincia","link":"https:\/\/www.24baires.com\/?cat=40"},"img":{"alt_text":"","src":"https:\/\/i0.wp.com\/www.24baires.com\/wp-content\/uploads\/2014\/03\/aulas-vac%C3%ADas.jpg?resize=350%2C200","width":350,"height":200},"classes":[]},{"id":50943,"url":"https:\/\/www.24baires.com\/?p=50943","url_meta":{"origin":8650,"position":2},"title":"Advirtieron a los docentes que \u201clos d\u00edas de paro se van a descontar\u201d","author":"Grupo Sierra","date":"31\/07\/2014","format":false,"excerpt":"Desde el Gobierno bonaerense anticiparon que \u201cde confirmarse el paro de 48 horas, se descontar\u00e1n los d\u00edas de huelga en la pr\u00f3xima liquidaci\u00f3n\u201d. El Jefe de Gabinete de la Provincia, Alberto P\u00e9rez, expres\u00f3 que \u201cen un momento internacional donde la Argentina est\u00e1 pujando con capitales especulativos extranjeros, y a la\u2026","rel":"","context":"En \u00abSociedad\u00bb","block_context":{"text":"Sociedad","link":"https:\/\/www.24baires.com\/?cat=1"},"img":{"alt_text":"marcha docente","src":"https:\/\/i0.wp.com\/www.24baires.com\/wp-content\/uploads\/2013\/09\/marcha-docente.jpg?resize=350%2C200","width":350,"height":200,"srcset":"https:\/\/i0.wp.com\/www.24baires.com\/wp-content\/uploads\/2013\/09\/marcha-docente.jpg?resize=350%2C200 1x, https:\/\/i0.wp.com\/www.24baires.com\/wp-content\/uploads\/2013\/09\/marcha-docente.jpg?resize=525%2C300 1.5x"},"classes":[]},{"id":94346,"url":"https:\/\/www.24baires.com\/?p=94346","url_meta":{"origin":8650,"position":3},"title":"Baradel anticipa medidas de \u00abacci\u00f3n directa\u00bb si no reintegran d\u00edas de paro descontados","author":"AF","date":"08\/05\/2017","format":false,"excerpt":"El titular del Sindicato Unificado de Trabajadores de la Educaci\u00f3n de Buenos Aires (Suteba) adelant\u00f3 que si el gobierno bonaerense \"incumple otra vez con el fallo de la Justicia\" que ordena no descontar los d\u00edas de paro docente \"este gremio realizar\u00e1 medidas de acci\u00f3n directa\". El titular de Suteba, Roberto\u2026","rel":"","context":"En \u00abSociedad\u00bb","block_context":{"text":"Sociedad","link":"https:\/\/www.24baires.com\/?cat=1"},"img":{"alt_text":"","src":"https:\/\/i0.wp.com\/www.24baires.com\/wp-content\/uploads\/2012\/12\/baradel-declaraciones.jpg?resize=350%2C200","width":350,"height":200,"srcset":"https:\/\/i0.wp.com\/www.24baires.com\/wp-content\/uploads\/2012\/12\/baradel-declaraciones.jpg?resize=350%2C200 1x, https:\/\/i0.wp.com\/www.24baires.com\/wp-content\/uploads\/2012\/12\/baradel-declaraciones.jpg?resize=525%2C300 1.5x"},"classes":[]},{"id":932,"url":"https:\/\/www.24baires.com\/?p=932","url_meta":{"origin":8650,"position":4},"title":"Los docentes ya analizan un paro de 48 horas contra los ajustes de De Luc\u00eda","author":"AF","date":"03\/10\/2012","format":false,"excerpt":"Luego de la marcha a la Casa de la Provincia en Capital Federal, Roberto Baradel advirti\u00f3 sobre posibles medidas de fuerza del Frente Gremial Docente y la CTA. \"Para salir de este conflicto hay un solo camino, no descontarle un solo peso a ning\u00fan trabajador y convocar a discutir las\u2026","rel":"","context":"En \u00abSociedad\u00bb","block_context":{"text":"Sociedad","link":"https:\/\/www.24baires.com\/?cat=1"},"img":{"alt_text":"","src":"","width":0,"height":0},"classes":[]},{"id":104782,"url":"https:\/\/www.24baires.com\/?p=104782","url_meta":{"origin":8650,"position":5},"title":"El Frente de Unidad Docente decret\u00f3 un nuevo paro: el lunes y martes no habr\u00e1 clases en la Provincia","author":"GB","date":"05\/10\/2018","format":false,"excerpt":"Adem\u00e1s, el lunes, marcharan a la Casa de Gobierno de la Provincia en Capital Federal. En lo que va del a\u00f1o ya son 24 d\u00edas de huelga. Esta semana la gobernadora Vidal hab\u00eda cerrado por decreto la paritaria. El Frente de Unidad Docente resolvi\u00f3 hoy decretar un paro de 48\u2026","rel":"","context":"En \u00abProvincia\u00bb","block_context":{"text":"Provincia","link":"https:\/\/www.24baires.com\/?cat=40"},"img":{"alt_text":"","src":"https:\/\/i0.wp.com\/www.24baires.com\/wp-content\/uploads\/2018\/04\/paro-docente.jpg?resize=350%2C200","width":350,"height":200,"srcset":"https:\/\/i0.wp.com\/www.24baires.com\/wp-content\/uploads\/2018\/04\/paro-docente.jpg?resize=350%2C200 1x, https:\/\/i0.wp.com\/www.24baires.com\/wp-content\/uploads\/2018\/04\/paro-docente.jpg?resize=525%2C300 1.5x"},"classes":[]}],"jetpack_sharing_enabled":true,"jetpack_likes_enabled":true,"_links":{"self":[{"href":"https:\/\/www.24baires.com\/index.php?rest_route=\/wp\/v2\/posts\/8650","targetHints":{"allow":["GET"]}}],"collection":[{"href":"https:\/\/www.24baires.com\/index.php?rest_route=\/wp\/v2\/posts"}],"about":[{"href":"https:\/\/www.24baires.com\/index.php?rest_route=\/wp\/v2\/types\/post"}],"author":[{"embeddable":true,"href":"https:\/\/www.24baires.com\/index.php?rest_route=\/wp\/v2\/users\/4"}],"replies":[{"embeddable":true,"href":"https:\/\/www.24baires.com\/index.php?rest_route=%2Fwp%2Fv2%2Fcomments&post=8650"}],"version-history":[{"count":3,"href":"https:\/\/www.24baires.com\/index.php?rest_route=\/wp\/v2\/posts\/8650\/revisions"}],"predecessor-version":[{"id":8726,"href":"https:\/\/www.24baires.com\/index.php?rest_route=\/wp\/v2\/posts\/8650\/revisions\/8726"}],"wp:attachment":[{"href":"https:\/\/www.24baires.com\/index.php?rest_route=%2Fwp%2Fv2%2Fmedia&parent=8650"}],"wp:term":[{"taxonomy":"category","embeddable":true,"href":"https:\/\/www.24baires.com\/index.php?rest_route=%2Fwp%2Fv2%2Fcategories&post=8650"},{"taxonomy":"post_tag","embeddable":true,"href":"https:\/\/www.24baires.com\/index.php?rest_route=%2Fwp%2Fv2%2Ftags&post=8650"}],"curies":[{"name":"wp","href":"https:\/\/api.w.org\/{rel}","templated":true}]}}