{"id":8644,"date":"2012-12-10T22:09:53","date_gmt":"2012-12-11T01:09:53","guid":{"rendered":"http:\/\/www.24baires.com\/?p=8644"},"modified":"2012-12-11T10:53:02","modified_gmt":"2012-12-11T13:53:02","slug":"invitamos-a-sostener-el-deseo-de-amor-y-paz-propuso-cristina","status":"publish","type":"post","link":"https:\/\/www.24baires.com\/?p=8644","title":{"rendered":"\u00abInvitamos a sostener el deseo de amor y paz\u00bb, propuso Cristina"},"content":{"rendered":"<p><img data-recalc-dims=\"1\" loading=\"lazy\" decoding=\"async\" class=\"alignleft size-medium wp-image-8645\" title=\"cristina pesebre\" src=\"https:\/\/i0.wp.com\/www.24baires.com\/wp-content\/uploads\/2012\/12\/cristina-pesebre.jpg?resize=300%2C200\" alt=\"\" width=\"300\" height=\"200\" srcset=\"https:\/\/i0.wp.com\/www.24baires.com\/wp-content\/uploads\/2012\/12\/cristina-pesebre.jpg?resize=300%2C200&amp;ssl=1 300w, https:\/\/i0.wp.com\/www.24baires.com\/wp-content\/uploads\/2012\/12\/cristina-pesebre.jpg?w=510&amp;ssl=1 510w\" sizes=\"auto, (max-width: 300px) 100vw, 300px\" \/>La presidenta Cristina Fern\u00e1ndez de Kirchner inaugur\u00f3 la exposici\u00f3n de pesebres de San Pedro, El Vaticano, en la Argentina. El acto tuvo lugar en el Museo del Bicentenario, contiguo a la Casa de Gobierno.<!--more--><\/p>\n<p>\u00abQuiero agradecer toda la tarea social y evang\u00e9lica que cumplen todos los d\u00edas\u00bb, subray\u00f3 la mandataria mirando hacia los curas villeros, al recorrer en el Museo del Bicentenario, contiguo a la Casa de Gobierno, la exposici\u00f3n de pesebres que reproduce la que se instala tradicionalmente en San Pedro, en El Vaticano.<\/p>\n<p>Cristina dijo que la exposici\u00f3n ser\u00e1 exhibida hasta el 6 de enero, y remarc\u00f3 que \u00abpor primera vez sale de la Santa Sede para ser exhibida\u00bb.<\/p>\n<p>Tras la recorrida, destac\u00f3 que este \u00abes un pesebre donado a la Argentina por la Fundaci\u00f3n Juan Pablo II y lo que est\u00e1 ah\u00ed es una maravilla, una reproducci\u00f3n del pesebre que va a inaugurarse el d\u00eda de la Natividad, en San Pedro\u00bb.<\/p>\n<p>\u00abAqu\u00ed se ha hecho la reproducci\u00f3n y esto ha sido donado al pueblo argentino, quiero agradecer esta distinci\u00f3n, es la primera vez que fuera de San Pedro se reproduce el pesebre que inaugur\u00f3 Juan Pablo II\u00bb, apunt\u00f3.<\/p>\n<p>\u00abCuando recorr\u00eda las peque\u00f1as maquetas -sostuvo- recordaba la infancia de todos nosotros, cuando se armaba el 8 el arbolito y el pesebre, a m\u00ed lo que m\u00e1s me gustaba era el pesebre\u00bb.<\/p>\n<p>\u00abA la noche (del 5 de enero) poner el agua, el pasto y los zapatos\u00bb, memor\u00f3 Cristina.<\/p>\n<p>Repiti\u00f3 que ahora \u00ablos regalos se hacen el 24 por la noche por Pap\u00e1 Noel; cuando yo era chica los regalos los recib\u00edamos el 6 de enero a la ma\u00f1ana\u00bb.<\/p>\n<p>En la misma l\u00ednea, la mandataria sostuvo que \u00abPap\u00e1 Noel no es un personaje nuestro sino trasplantado a nuestra cultura\u00bb.<\/p>\n<p>Al hablar sobre esas fechas, record\u00f3 asimismo: \u00abUn 6 de enero de 1976 nos pusieron presos a N\u00e9stor (Kirchner) y a m\u00ed en R\u00edo Gallegos\u00bb, y mirando a Alicia Kirchner, la ministra de Desarrollo Social, le pregunt\u00f3: \u00ab\u00bfTe acord\u00e1s, cu\u00f1ada?\u00bb.<\/p>\n<p>M\u00e1s adelante, sostuvo que \u00abpara todos los argentinos, a los que arman el pesebre, a los que no arman porque tienen otras creencias\u00bb, hay \u00abun valor que es inmanente a todo ser humano y es el deseo de paz, amor por la familia, al pr\u00f3jimo\u00bb.<\/p>\n<p>Asimismo, la jefa de Estado les dese\u00f3 \u00aba todos unas muy felices fiestas\u00bb.<\/p>\n<p>En el inicio del acto, un locutor ley\u00f3 la nota que la Fundaci\u00f3n Juan Pablo II para la Juventud le envi\u00f3 a la Presidenta, en la que le comunicaba \u00abla realizaci\u00f3n de los pesebres de San Pedro en Argentina, copia en escala del realizado en la plaza San Pedro en la Navidad de 2012\u00bb.<\/p>\n<p>\u00abJam\u00e1s en la historia el pesebre fue replicado e inaugurado en otros pa\u00edses\u00bb, subray\u00f3 la Fundaci\u00f3n.<\/p>\n<p>La muestra \u00abLos Pesebres del Papa. Modelos para los pesebres de la Plaza de San Pedro y de los Palacios Vaticanos\u00bb, ahora expuesta en el Museo del Bicentenario bajo el nombre \u00abLos Pesebres de San Pedro en Argentina\u00bb, se vincula directamente a la ya consolidada tradici\u00f3n navide\u00f1a del Pesebre en la Plaza San Pedro, en el Vaticano.<\/p>\n<p>Cristina estuvo acompa\u00f1ada por el jefe de Gabinete, Juan Manuel Abal Medina; el nuncio apost\u00f3lico Emil Paul Tscherrig; un grupo de curas villeros y el maestro artesano Francisco Artese, quien visita la Argentina para supervisar personalmente la r\u00e9plica a escala del pesebre.<\/p>\n<p>Tambi\u00e9n estaban los ministros de Planificaci\u00f3n, Julio de Vido; de Relaciones Exteriores, H\u00e9ctor Timerman; de Desarrollo Social, Alicia Kirchner; de Defensa, Arturo Puricelli; el viceministro de Econom\u00eda, Axel Kicillof; el secretario general de la Presidencia, Oscar Parrilli; el de Comunicaci\u00f3n P\u00fablica, Alfredo Scoccimarro; y el de Culto, Guillermo Oliveri.<\/p>\n<p>Fue el beato Juan Pablo II, siguiendo las huellas de la gran tradici\u00f3n de su tierra natal, quien decidi\u00f3 colocar en los primeros a\u00f1os de su pontificado un gran nacimiento delante de la Bas\u00edlica Vaticana no solo para los fieles sino tambi\u00e9n para la alegr\u00eda de todos.<\/p>\n<p>Creado y construido por Artese, con una superficie aproximada de 80 metros cuadrados, ser\u00e1 por primera vez exhibido fuera del Vaticano, siendo Argentina el primer y \u00fanico pa\u00eds elegido para ello, y posteriormente ser\u00e1 donado a la Presidencia de la Naci\u00f3n.<\/p>\n<p>Seg\u00fan el Vaticano, Artese es considerado uno de los \u00abm\u00e1s importantes representantes de la escuela meridional de los pesebres\u00bb.<\/p>\n","protected":false},"excerpt":{"rendered":"<p>La presidenta Cristina Fern\u00e1ndez de Kirchner inaugur\u00f3 la exposici\u00f3n de pesebres de San Pedro, El Vaticano, en la Argentina. El acto tuvo lugar en el Museo del Bicentenario, contiguo a la Casa de Gobierno.<\/p>\n","protected":false},"author":4,"featured_media":0,"comment_status":"open","ping_status":"open","sticky":false,"template":"","format":"standard","meta":{"_jetpack_newsletter_access":"","_jetpack_dont_email_post_to_subs":false,"_jetpack_newsletter_tier_id":0,"_jetpack_memberships_contains_paywalled_content":false,"_jetpack_memberships_contains_paid_content":false,"footnotes":""},"categories":[1],"tags":[],"class_list":["post-8644","post","type-post","status-publish","format-standard","hentry","category-sociedad"],"jetpack_featured_media_url":"","jetpack_shortlink":"https:\/\/wp.me\/p2JWE0-2fq","jetpack-related-posts":[{"id":24266,"url":"https:\/\/www.24baires.com\/?p=24266","url_meta":{"origin":8644,"position":0},"title":"Nuevamente Cristina asistir\u00e1 al Tedeum en la Bas\u00edlica de Luj\u00e1n","author":"Grupo Sierra","date":"24\/05\/2013","format":false,"excerpt":"Con motivo de un nuevo aniversario de la Revoluci\u00f3n de Mayo, la Presidenta asistir\u00e1 ma\u00f1ana al mediod\u00eda a la celebraci\u00f3n del Tedeum en la bas\u00edlica de Nuestra Se\u00f1ora de Luj\u00e1n. De esta manera, la mandataria vuelve a participar de la celebraci\u00f3n tal como lo hizo en 2010. La presidenta Cristina\u2026","rel":"","context":"En \u00abPol\u00edtica\u00bb","block_context":{"text":"Pol\u00edtica","link":"https:\/\/www.24baires.com\/?cat=51"},"img":{"alt_text":"","src":"","width":0,"height":0},"classes":[]},{"id":24332,"url":"https:\/\/www.24baires.com\/?p=24332","url_meta":{"origin":8644,"position":1},"title":"La Presidenta encabez\u00f3 el Tedeum en Luj\u00e1n y luego cerrar\u00e1 los festejos en la Plaza de Mayo","author":"Grupo Sierra","date":"25\/05\/2013","format":false,"excerpt":"De esta manera, Cristina vuelve a participar de la celebraci\u00f3n de acci\u00f3n de gracias a Dios por una nueva fiesta patria ante la Virgen de Luj\u00e1n, como en 2010, en el marco del Bicentenario. La mandataria aprovecha la ocasi\u00f3n para llevar a la bas\u00edlica de Luj\u00e1n una de las siete\u2026","rel":"","context":"En \u00abPol\u00edtica\u00bb","block_context":{"text":"Pol\u00edtica","link":"https:\/\/www.24baires.com\/?cat=51"},"img":{"alt_text":"cristina tedeum","src":"https:\/\/i0.wp.com\/www.24baires.com\/wp-content\/uploads\/2013\/05\/cristina-tedeum.jpg?resize=350%2C200","width":350,"height":200,"srcset":"https:\/\/i0.wp.com\/www.24baires.com\/wp-content\/uploads\/2013\/05\/cristina-tedeum.jpg?resize=350%2C200 1x, https:\/\/i0.wp.com\/www.24baires.com\/wp-content\/uploads\/2013\/05\/cristina-tedeum.jpg?resize=525%2C300 1.5x"},"classes":[]},{"id":67656,"url":"https:\/\/www.24baires.com\/?p=67656","url_meta":{"origin":8644,"position":2},"title":"Inauguraron muestra con documentos in\u00e9ditos sobre el bombardeo a la Plaza de Mayo","author":"GB","date":"16\/06\/2015","format":false,"excerpt":"La muestra \"1955, golpean la casa\" estar\u00e1 en el Museo del Bicentenario. All\u00ed se exhiben documentos y fotos in\u00e9ditas pertenecientes al cuerpo documental encontrado en archivos secretos de la Armada. Estar\u00e1 abierta hasta el 19 de julio. El museo del Bicentenario de la Casa Rosada inaugur\u00f3 hoy, a 60 a\u00f1os\u2026","rel":"","context":"En \u00abMemoria\u00bb","block_context":{"text":"Memoria","link":"https:\/\/www.24baires.com\/?cat=50"},"img":{"alt_text":"","src":"","width":0,"height":0},"classes":[]},{"id":66448,"url":"https:\/\/www.24baires.com\/?p=66448","url_meta":{"origin":8644,"position":3},"title":"Cristina entreg\u00f3 el sable corvo de San Mart\u00edn al Museo Hist\u00f3rico Nacional","author":"AF","date":"24\/05\/2015","format":false,"excerpt":"Fue el corolario de una emotiva ceremonia que se inici\u00f3 por la ma\u00f1ana con un desfile patrio y que culmin\u00f3 con el traslado definitivo acompa\u00f1ado por la fanfarria del Regimiento de Granaderos a Caballo, transmitido por cadena nacional. Cerca de las 14, la mandataria fue recibida en este Museo ubicado\u2026","rel":"","context":"En \u00abLocales\u00bb","block_context":{"text":"Locales","link":"https:\/\/www.24baires.com\/?cat=38"},"img":{"alt_text":"cristina sable2","src":"https:\/\/i0.wp.com\/www.24baires.com\/wp-content\/uploads\/2015\/05\/cristina-sable2.jpg?resize=350%2C200","width":350,"height":200,"srcset":"https:\/\/i0.wp.com\/www.24baires.com\/wp-content\/uploads\/2015\/05\/cristina-sable2.jpg?resize=350%2C200 1x, https:\/\/i0.wp.com\/www.24baires.com\/wp-content\/uploads\/2015\/05\/cristina-sable2.jpg?resize=525%2C300 1.5x"},"classes":[]},{"id":1634,"url":"https:\/\/www.24baires.com\/?p=1634","url_meta":{"origin":8644,"position":4},"title":"\u00abNo podemos vivir en una sociedad en la que unos cumplan la ley y otros la violenten\u00bb","author":"AF","date":"10\/10\/2012","format":false,"excerpt":"La presidenta Cristina Fern\u00e1ndez de Kirchner asegur\u00f3 que \"de qu\u00e9 cepo del d\u00f3lar est\u00e1n hablando, lo \u00fanico que hay es cepo democr\u00e1tico para el cumplimiento de la ley\". La presidente Cristina Fern\u00e1ndez de Kirchner asegur\u00f3 este mi\u00e9rcoles que \"la ley debe ser igual para todos, no podemos vivir en una\u2026","rel":"","context":"En \u00abMedios\u00bb","block_context":{"text":"Medios","link":"https:\/\/www.24baires.com\/?cat=54"},"img":{"alt_text":"","src":"","width":0,"height":0},"classes":[]},{"id":49733,"url":"https:\/\/www.24baires.com\/?p=49733","url_meta":{"origin":8644,"position":5},"title":"Cristina recibe a Putin en Casa de Gobierno","author":"GB","date":"12\/07\/2014","format":false,"excerpt":"La Presidenta se encuentra en Casa de Gobierno con su par ruso, a quien agasajar\u00e1 con una cena en el Museo del Bicentenario. Participar\u00e1n sus pares Evo Morales, Nicol\u00e1s Maduro y Jos\u00e9 Mujica. El presidente de Rusia, Vladimir Putin, arrib\u00f3 este s\u00e1bado a la Argentina en el marco de una\u2026","rel":"","context":"En \u00abPol\u00edtica\u00bb","block_context":{"text":"Pol\u00edtica","link":"https:\/\/www.24baires.com\/?cat=51"},"img":{"alt_text":"cristina y putin","src":"https:\/\/i0.wp.com\/www.24baires.com\/wp-content\/uploads\/2014\/07\/cristina-y-putin.jpg?resize=350%2C200","width":350,"height":200,"srcset":"https:\/\/i0.wp.com\/www.24baires.com\/wp-content\/uploads\/2014\/07\/cristina-y-putin.jpg?resize=350%2C200 1x, https:\/\/i0.wp.com\/www.24baires.com\/wp-content\/uploads\/2014\/07\/cristina-y-putin.jpg?resize=525%2C300 1.5x"},"classes":[]}],"jetpack_sharing_enabled":true,"jetpack_likes_enabled":true,"_links":{"self":[{"href":"https:\/\/www.24baires.com\/index.php?rest_route=\/wp\/v2\/posts\/8644","targetHints":{"allow":["GET"]}}],"collection":[{"href":"https:\/\/www.24baires.com\/index.php?rest_route=\/wp\/v2\/posts"}],"about":[{"href":"https:\/\/www.24baires.com\/index.php?rest_route=\/wp\/v2\/types\/post"}],"author":[{"embeddable":true,"href":"https:\/\/www.24baires.com\/index.php?rest_route=\/wp\/v2\/users\/4"}],"replies":[{"embeddable":true,"href":"https:\/\/www.24baires.com\/index.php?rest_route=%2Fwp%2Fv2%2Fcomments&post=8644"}],"version-history":[{"count":3,"href":"https:\/\/www.24baires.com\/index.php?rest_route=\/wp\/v2\/posts\/8644\/revisions"}],"predecessor-version":[{"id":8647,"href":"https:\/\/www.24baires.com\/index.php?rest_route=\/wp\/v2\/posts\/8644\/revisions\/8647"}],"wp:attachment":[{"href":"https:\/\/www.24baires.com\/index.php?rest_route=%2Fwp%2Fv2%2Fmedia&parent=8644"}],"wp:term":[{"taxonomy":"category","embeddable":true,"href":"https:\/\/www.24baires.com\/index.php?rest_route=%2Fwp%2Fv2%2Fcategories&post=8644"},{"taxonomy":"post_tag","embeddable":true,"href":"https:\/\/www.24baires.com\/index.php?rest_route=%2Fwp%2Fv2%2Ftags&post=8644"}],"curies":[{"name":"wp","href":"https:\/\/api.w.org\/{rel}","templated":true}]}}