{"id":8630,"date":"2012-12-10T14:10:05","date_gmt":"2012-12-10T17:10:05","guid":{"rendered":"http:\/\/www.24baires.com\/?p=8630"},"modified":"2012-12-11T10:53:27","modified_gmt":"2012-12-11T13:53:27","slug":"mariotto-la-ley-de-medios-dejo-al-descubierto-la-corporacion-judicial","status":"publish","type":"post","link":"https:\/\/www.24baires.com\/?p=8630","title":{"rendered":"Mariotto: \u201cLa ley de medios dej\u00f3 al descubierto la corporaci\u00f3n judicial\u201d"},"content":{"rendered":"<p>El vicegobernador bonaerense, Gabriel Mariotto, critic\u00f3 la decisi\u00f3n de extender la medida cautelar que impide la plena aplicaci\u00f3n de la Ley de Servicios de Comunicaci\u00f3n Audiovisual, pero remarc\u00f3 que conf\u00eda en la Justicia: \u00abCriticamos a los jueces que tienen v\u00ednculo con el grupo Clar\u00edn y fallan a favor de sus intereses, pero cumplimos a rajatabla las instrucciones de la justicia\u00bb, destac\u00f3.<!--more--><\/p>\n<p>El vicegobernador bonaerense, Gabriel Mariotto, critic\u00f3 la decisi\u00f3n de la Justicia de extender la medida cautelar que impide la plena aplicaci\u00f3n de la Ley de Servicios de Comunicaci\u00f3n Audiovisual y consider\u00f3 que la norma \u00abdej\u00f3 al descubierto la corporaci\u00f3n judicial\u00bb<\/p>\n<p>\u00abLas corporaciones someten a la democracia, la econom\u00eda y la justicia tambi\u00e9n. Ac\u00e1 hay una matriz judicial que no se ha puesto nunca en evidencia, que no se ha iluminado\u00bb, dijo Mariotto en declaraciones radiales.<\/p>\n<p>El vicegobernador se\u00f1al\u00f3 que \u00abuno conoce a los representantes del Poder Ejecutivo, del Legislativo, pero lo que no se ilumina jam\u00e1s es la justicia, qui\u00e9nes son los jueces, los defensores, los fiscales\u201d.<\/p>\n<p>\u201cDespu\u00e9s nos agarramos la cabeza con esos fallos, es un coto cerrado\u00bb, cuestion\u00f3.<\/p>\n<p>No obstante, Mariotto resalt\u00f3 la confianza a la Justicia: \u00abSomos muy confiados en la justicia, se presentaron las apelaciones del caso y la sociedad argentina sabe de qu\u00e9 se trata, que se toman medidas en la justicia que la sociedad advierte que son producto de presiones e intereses. Criticamos las medidas cautelares y criticamos a los jueces que tienen v\u00ednculo lateral o directo con el grupo Clar\u00edn y fallan a favor de sus intereses, pero cumplimos a rajatabla las instrucciones de la justicia\u00bb, remarc\u00f3.<\/p>\n<p>En ese sentido, el vicegobernador dijo estar \u00abconfiado\u00bb en que el texto de la ley de Medios \u00abse ajusta a derecho, respeta los tratados internacionales de Derechos Humanos y es la legislaci\u00f3n m\u00e1s importante en materia de libertad de expresi\u00f3n\u00bb.<\/p>\n<p>&nbsp;<\/p>\n<p>&nbsp;<\/p>\n<p>&nbsp;<\/p>\n<p>&nbsp;<\/p>\n<p>&nbsp;<\/p>\n<p>&nbsp;<\/p>\n<p>&nbsp;<\/p>\n<p>&nbsp;<\/p>\n<p>&nbsp;<\/p>\n","protected":false},"excerpt":{"rendered":"<p>El vicegobernador bonaerense, Gabriel Mariotto, critic\u00f3 la decisi\u00f3n de extender la medida cautelar que impide la plena aplicaci\u00f3n de la Ley de Servicios de Comunicaci\u00f3n Audiovisual, pero remarc\u00f3 que conf\u00eda en la Justicia: \u00abCriticamos a los jueces que tienen v\u00ednculo con el grupo Clar\u00edn y fallan a favor de sus intereses, pero cumplimos a rajatabla las instrucciones de la justicia\u00bb, [&#8230;]<\/p>\n","protected":false},"author":11,"featured_media":0,"comment_status":"open","ping_status":"open","sticky":false,"template":"","format":"standard","meta":{"_jetpack_newsletter_access":"","_jetpack_dont_email_post_to_subs":false,"_jetpack_newsletter_tier_id":0,"_jetpack_memberships_contains_paywalled_content":false,"_jetpack_memberships_contains_paid_content":false,"footnotes":""},"categories":[54],"tags":[],"class_list":["post-8630","post","type-post","status-publish","format-standard","hentry","category-medios"],"jetpack_featured_media_url":"","jetpack_shortlink":"https:\/\/wp.me\/p2JWE0-2fc","jetpack-related-posts":[{"id":1195,"url":"https:\/\/www.24baires.com\/?p=1195","url_meta":{"origin":8630,"position":0},"title":"\u00abDespu\u00e9s del 7D, por primera vez en Argentina vamos a poder vivir en pleno ejercicio de la libertad de expresi\u00f3n\u00bb","author":"AF","date":"06\/10\/2012","format":false,"excerpt":"Lo afirm\u00f3 el vicegobernador, Gabriel Mariotto, respecto de la fecha l\u00edmite que fij\u00f3 la Corte Suprema de Justicia para que el grupo Clar\u00edn se adec\u00fae a lo dispuesto por el art\u00edculo 161 de la ley de Servicios de Comunicaci\u00f3n Audiovisual. El vicegobernador bonaerense, Gabriel Mariotto, fue el primer titular de\u2026","rel":"","context":"En \u00abSociedad\u00bb","block_context":{"text":"Sociedad","link":"https:\/\/www.24baires.com\/?cat=1"},"img":{"alt_text":"","src":"https:\/\/i0.wp.com\/www.24baires.com\/wp-content\/uploads\/2012\/10\/mariottounlp-300x199.jpg?resize=350%2C200","width":350,"height":200},"classes":[]},{"id":8000,"url":"https:\/\/www.24baires.com\/?p=8000","url_meta":{"origin":8630,"position":1},"title":"Charla debate en el Senado bonaerense con los periodistas denunciados por Clar\u00edn","author":"AF","date":"05\/12\/2012","format":false,"excerpt":"Los periodistas Horacio Vertbitsky, Javier Vicente, Roberto Caballero, Sandra Russo, Cynthia Garc\u00eda y Orlando Barone, y el abogado Damian Loreti participaron de la charla debate realizada en el Senado bonaerense. Acompa\u00f1ados por el vicegobernador Gabriel Mariotto, debatieron sobre el 7D, ante los reiterados intentos del Grupo Clar\u00edn de extender la\u2026","rel":"","context":"En \u00abMedios\u00bb","block_context":{"text":"Medios","link":"https:\/\/www.24baires.com\/?cat=54"},"img":{"alt_text":"","src":"https:\/\/i0.wp.com\/www.24baires.com\/wp-content\/uploads\/2012\/12\/debate-7d-300x198.jpg?resize=350%2C200","width":350,"height":200},"classes":[]},{"id":97570,"url":"https:\/\/www.24baires.com\/?p=97570","url_meta":{"origin":8630,"position":2},"title":"Se viene una ola de amparos por la continuidad del f\u00fatbol gratis en TV","author":"AF","date":"20\/09\/2017","format":false,"excerpt":"Los Tribunales de todo el pa\u00eds recibir\u00e1n en las pr\u00f3ximas horas varias presentaciones judiciales para que la Justicia posibilite la continuidad de la emisi\u00f3n de partidos de futbol por se\u00f1ales abiertas y en forma gratuita. El ex vicegobernador bonaerense, Gabriel Mariotto, con el patrocinio del abogado Leonardo Mart\u00ednez Herrero, trabajan\u2026","rel":"","context":"En \u00abSociedad\u00bb","block_context":{"text":"Sociedad","link":"https:\/\/www.24baires.com\/?cat=1"},"img":{"alt_text":"","src":"https:\/\/i0.wp.com\/www.24baires.com\/wp-content\/uploads\/2017\/07\/televisacion-futbol.jpg?resize=350%2C200","width":350,"height":200,"srcset":"https:\/\/i0.wp.com\/www.24baires.com\/wp-content\/uploads\/2017\/07\/televisacion-futbol.jpg?resize=350%2C200 1x, https:\/\/i0.wp.com\/www.24baires.com\/wp-content\/uploads\/2017\/07\/televisacion-futbol.jpg?resize=525%2C300 1.5x"},"classes":[]},{"id":47612,"url":"https:\/\/www.24baires.com\/?p=47612","url_meta":{"origin":8630,"position":3},"title":"En el D\u00eda del Periodista, homenajearon a Rodolfo Walsh","author":"Grupo Sierra","date":"08\/06\/2014","format":false,"excerpt":"El vicegobernador bonaerense, Gabriel Mariotto, y la titular de Madres de Plaza de Mayo, Hebe de Bonafini, destacaron la figura del escritor y periodista, asesinado por la \u00faltima dictadura c\u00edvico militar, y reconocieron a \"los trabajadores de prensa comprometidos que siguen resistiendo y opinando\". En un acto conmemorativo del \"D\u00eda\u2026","rel":"","context":"En \u00abSociedad\u00bb","block_context":{"text":"Sociedad","link":"https:\/\/www.24baires.com\/?cat=1"},"img":{"alt_text":"mariotto bonafini","src":"https:\/\/i0.wp.com\/www.24baires.com\/wp-content\/uploads\/2014\/06\/mariotto-bonafini.jpg?resize=350%2C200","width":350,"height":200,"srcset":"https:\/\/i0.wp.com\/www.24baires.com\/wp-content\/uploads\/2014\/06\/mariotto-bonafini.jpg?resize=350%2C200 1x, https:\/\/i0.wp.com\/www.24baires.com\/wp-content\/uploads\/2014\/06\/mariotto-bonafini.jpg?resize=525%2C300 1.5x"},"classes":[]},{"id":66956,"url":"https:\/\/www.24baires.com\/?p=66956","url_meta":{"origin":8630,"position":4},"title":"La Corte Suprema benefici\u00f3 a Cablevisi\u00f3n para que no la sancionen","author":"GB","date":"02\/06\/2015","format":false,"excerpt":"El m\u00e1ximo tribunal confirm\u00f3 una medida cautelar de la justicia federal de Mar del Plata que impide a la Autoridad Federal de Servicios de Comunicaci\u00f3n Audiovisual (AFSCA) aplicar sanciones a la empresa del Grupo Clar\u00edn por no cumplir con el ordenamiento de la grilla. La resoluci\u00f3n de los ministros Ricardo\u2026","rel":"","context":"En \u00abJUDICIALES\u00bb","block_context":{"text":"JUDICIALES","link":"https:\/\/www.24baires.com\/?cat=68"},"img":{"alt_text":"cablevisi\u00f3n","src":"https:\/\/i0.wp.com\/www.24baires.com\/wp-content\/uploads\/2012\/12\/cablevisi%C3%B3n1.jpg?resize=350%2C200","width":350,"height":200,"srcset":"https:\/\/i0.wp.com\/www.24baires.com\/wp-content\/uploads\/2012\/12\/cablevisi%C3%B3n1.jpg?resize=350%2C200 1x, https:\/\/i0.wp.com\/www.24baires.com\/wp-content\/uploads\/2012\/12\/cablevisi%C3%B3n1.jpg?resize=525%2C300 1.5x"},"classes":[]},{"id":41187,"url":"https:\/\/www.24baires.com\/?p=41187","url_meta":{"origin":8630,"position":5},"title":"Mariotto encabez\u00f3 el tercer Plenario de Pol\u00edticas P\u00fablicas","author":"GB","date":"26\/02\/2014","format":false,"excerpt":"Encabezado por el vicegobernador Gabriel Mariotto, el encuentro reuni\u00f3 a legisladores, intendentes, integrantes de los gabinetes nacionales y provinciales y dirigentes pol\u00edticos y sociales. \u201cLas comisiones est\u00e1n a pleno con los disparadores que dan los referentes de cada \u00e1rea, sirven como motor para que los ciudadanos ayuden a construir el\u2026","rel":"","context":"En \u00abPol\u00edtica\u00bb","block_context":{"text":"Pol\u00edtica","link":"https:\/\/www.24baires.com\/?cat=51"},"img":{"alt_text":"plenario de mariotto","src":"https:\/\/i0.wp.com\/www.24baires.com\/wp-content\/uploads\/2014\/02\/plenario-de-mariotto-300x190.jpg?resize=350%2C200","width":350,"height":200},"classes":[]}],"jetpack_sharing_enabled":true,"jetpack_likes_enabled":true,"_links":{"self":[{"href":"https:\/\/www.24baires.com\/index.php?rest_route=\/wp\/v2\/posts\/8630","targetHints":{"allow":["GET"]}}],"collection":[{"href":"https:\/\/www.24baires.com\/index.php?rest_route=\/wp\/v2\/posts"}],"about":[{"href":"https:\/\/www.24baires.com\/index.php?rest_route=\/wp\/v2\/types\/post"}],"author":[{"embeddable":true,"href":"https:\/\/www.24baires.com\/index.php?rest_route=\/wp\/v2\/users\/11"}],"replies":[{"embeddable":true,"href":"https:\/\/www.24baires.com\/index.php?rest_route=%2Fwp%2Fv2%2Fcomments&post=8630"}],"version-history":[{"count":2,"href":"https:\/\/www.24baires.com\/index.php?rest_route=\/wp\/v2\/posts\/8630\/revisions"}],"predecessor-version":[{"id":8664,"href":"https:\/\/www.24baires.com\/index.php?rest_route=\/wp\/v2\/posts\/8630\/revisions\/8664"}],"wp:attachment":[{"href":"https:\/\/www.24baires.com\/index.php?rest_route=%2Fwp%2Fv2%2Fmedia&parent=8630"}],"wp:term":[{"taxonomy":"category","embeddable":true,"href":"https:\/\/www.24baires.com\/index.php?rest_route=%2Fwp%2Fv2%2Fcategories&post=8630"},{"taxonomy":"post_tag","embeddable":true,"href":"https:\/\/www.24baires.com\/index.php?rest_route=%2Fwp%2Fv2%2Ftags&post=8630"}],"curies":[{"name":"wp","href":"https:\/\/api.w.org\/{rel}","templated":true}]}}