{"id":86291,"date":"2016-08-15T20:00:46","date_gmt":"2016-08-15T23:00:46","guid":{"rendered":"http:\/\/www.24baires.com\/?p=86291"},"modified":"2016-08-16T10:40:19","modified_gmt":"2016-08-16T13:40:19","slug":"librecambiemos-restitucion-de-ganancias-baratura-de-lo-importado-amenaza-y-estrechez-de-miras","status":"publish","type":"post","link":"https:\/\/www.24baires.com\/?p=86291","title":{"rendered":"Librecambiemos"},"content":{"rendered":"<p><img data-recalc-dims=\"1\" loading=\"lazy\" decoding=\"async\" class=\"aligncenter size-full wp-image-77725\" src=\"https:\/\/i0.wp.com\/www.24baires.com\/wp-content\/uploads\/2016\/01\/prat-gay.jpg?resize=560%2C313\" alt=\"prat gay\" width=\"560\" height=\"313\" srcset=\"https:\/\/i0.wp.com\/www.24baires.com\/wp-content\/uploads\/2016\/01\/prat-gay.jpg?w=560&amp;ssl=1 560w, https:\/\/i0.wp.com\/www.24baires.com\/wp-content\/uploads\/2016\/01\/prat-gay.jpg?resize=300%2C168&amp;ssl=1 300w\" sizes=\"auto, (max-width: 560px) 100vw, 560px\" \/>Cierta predica y cierto curso de acci\u00f3n hace de la coalici\u00f3n gobernante un gobierno de liberales en lo econ\u00f3mico. Neoliberales hemos acostumbrado a decir.<!--more--><\/p>\n<p>\u00bfY qu\u00e9 dice esta gente con respecto al comercio exterior? Ventajas comparativas, basta de pol\u00edticas proteccionistas y de grav\u00e1menes sobre las exportaciones. Libertad absoluta para importar y exportar. Si hay industrias ineficientes y que reportan productos a precios m\u00e1s elevados que los productos importados desconociendo de pol\u00edtica proteccionista alguna deben sucumbir ante la competencia de la conveniente baratura de lo importado. Las industrias ineficientes o se adaptan y se vuelven s\u00fabitamente eficientes o sucumben.<br \/>\nEl gobierno macrista, en consonancia con ese predicamento, act\u00faa como era de esperarse.<br \/>\nA contramano de esta concepci\u00f3n, el anterior gobierno grav\u00f3 la renta extraordinaria del sector m\u00e1s productivo y rentable de la econom\u00eda (las principales exportaciones agropecuarias) para subsidiar a los m\u00e1s ineficientes y financiar las arcas del Estado, desanclando los precios internos de los precios internacionales. Y llev\u00f3 adelante pol\u00edticas proteccionistas y una activa pol\u00edtica de ingresos, que propici\u00f3 el despliegue de la producci\u00f3n nacional, generando empleos, con el prop\u00f3sito de empoderar el mercado interno, sabi\u00e9ndose de que \u201cvivimos de lo que nos vendemos entre nosotros\u201d.<br \/>\nFue habitual o\u00edr acerca de la conveniencia de comprar fuera del pa\u00eds donde los precios son mucho m\u00e1s baratos. Vista desde la conveniencia individual e inmediata con esta sentencia no hay porque entrar a discutor. Pero no quedaba all\u00ed y el punto no era ese. \u201cAbramos las importaciones, numerosos productos nos van a salir m\u00e1s baratos y tendremos mayor poder de compra\u201d era la sentencia. Fragmentaria mirada la de algunos. Esta gente o se sabe indemne a esa clase de pol\u00edticas y celebra esa clase de iniciativas u olvidaba considerar que \u201cvivimos de lo que nos vendemos entre nosotros\u201d y que la contracara de comprar la baratura de afuera es trocar trabajo argentino por trabajo extranjero, desencadenando p\u00e9rdidas de empleo, redundando en m\u00e1s desempleo, menguando el poder de negociaci\u00f3n de los asalariados, empujando as\u00ed a la baja de salarios y entrando en un juego en que ca\u00eddas del nivel de actividad, p\u00e9rdidas de empleo y depreciaciones de salarios se retroalimentan perjudicialmente. Finalmente por barato que sea lo importado, ese c\u00edrculo vicioso dejar\u00e1 a muchos a la vera del camino, incapaces de permitirse esos consumos y mucho m\u00e1s que eso.<br \/>\nSe sentenciaba que los precios internos eran reflejo de incompetencia. Se perd\u00edan de vista consideraciones acerca del tipo de cambio. No se advert\u00eda que por m\u00e1s que no sean una maravilla, los salarios argentinos no son \u201csalarios chinos\u201d, de trabajo cuasi esclavo. Y si\u2026 no tenemos la competitividad tecnol\u00f3gica de otras latitudes. En todo caso habr\u00e1 que ir camino a eso.<br \/>\nSi la falta de competencia tiene que ver con ciertos precios habr\u00e1 que verlo. Y lo mismo si una industria bajo el amparo del Estado y falta de pol\u00edticas que la asistan mejorar su eficiencia se permite ser menos eficiente de lo que podr\u00eda ser. Y desde ya que nunca est\u00e1 de m\u00e1s considerar que podr\u00eda gestarse una administraci\u00f3n del comercio exterior mucho m\u00e1s inteligente que fomente una virtuosa integraci\u00f3n entre naciones e industrias eficientes. Pero en principio digamos que a groso modo y a priori, las pol\u00edticas proteccionistas son beneficiosas para la suerte del colectivo.<br \/>\nPara gusto de esta gente, el neoliberal gobierno macrista les est\u00e1 dando el gusto.<br \/>\nDir\u00e9 que la apertura de importaciones no es irrestricta, pero s\u00ed lo suficientemente acentuada como para poner en serios riesgos a amplios sectores de la producci\u00f3n nacional incapaces de hacer frente a la desleal competencia que supone la baratura de los productos importados, lo suficientemente importante como para desencadenar en un muy corto plazo una enorme cantidad de p\u00e9rdidas de empleo.<br \/>\nYa ha sido largamente se\u00f1alado el hecho de que las p\u00e9rdidas de empleo, las suspensiones, el cierre de empresas comenz\u00f3 a poco de andado este gobierno, y que el golpe a numerosos empleos y emprendimientos productivos vino de la mano de las ca\u00eddas en el consumo que produjeron las pol\u00edticas de shock encarecedoras de los productos de primera necesidad, de los tarifazos y la pol\u00edtica de apertura de importaciones, que fue para algunos sectores un golpe letal.<br \/>\nComo se sabe, la brusca devaluaci\u00f3n efectuada por el gobierno se fue a precios, casi que la ganancia de competitividad que anunciaron sus ejecutores se licu\u00f3 con la inflaci\u00f3n. Sirvi\u00f3 a los fines de encarecer la mesa de los argentinos, disparar la inflaci\u00f3n, mermar los niveles de actividad, poner cuesta arriba las discusiones salariales, reducir salarios reales y resentir severamente los niveles de empleo. Ocho meses despu\u00e9s, el tipo de cambio ha quedado \u201cretrasado\u201d. As\u00ed las cosas, la competencia se vuelve m\u00e1s desleal, la baratura de lo importado m\u00e1s barata y la amenaza a numerosos empleos m\u00e1s contundentes aun.<br \/>\nLas pol\u00edticas aperturista, de desregulaci\u00f3n o aligeramiento de restricciones a la importaci\u00f3n no s\u00f3lo impactar\u00e1n negativamente sobre el empleo industrial sino tambi\u00e9n sobre el empleo de los comercios.<br \/>\nAl gobierno kirchnerista legaba una atenta administraci\u00f3n del comercio exterior. Hac\u00eda uso de su facultad de fijar grav\u00e1menes y restringir importaciones. Conced\u00eda o negaba licencias de importaci\u00f3n con vistas a cuidar la disponibilidad de divisa extranjera y de proteger numerosos industrias locales de la desleal competencia de la baratura importadora.<br \/>\nEl actual gobierno se cree aliviado en materia de disponibilidad de divisas, ha tomado deuda, se f\u00eda de la liquidaci\u00f3n de divisas del agro. Y abre importaciones despreocupado de sus impactos en el empleo \u2013acaso adrede o para favorecer los intereses de una parte-.<br \/>\nLibra de restricciones al comercio puerta a puerta y concede mayores licencias para la libre importaci\u00f3n.<br \/>\nYa se han o\u00eddo voces desde el gobierno en alusi\u00f3n a la inviabilidad de ciertas industrias, llamando a \u201creconvertirse\u201d. En el mejor de los casos contemplando la existencia de industrias no del todo ineficientes, respaldables o sobre las que se puede tener alguna pol\u00edtica.<br \/>\nNo han desmantelado por completo las retenciones. Han eliminado retenciones. Pero aun la soja, el producto de mayor rentabilidad, \u00e1rea de siembra y volumen exportado tiene un porcentaje elevado de retenciones. Aunque parecen camino llevarlas a una expresi\u00f3n m\u00e1s reducida cuando no directamente a eliminarlas. Ya han anunciado una futura reducci\u00f3n del gravamen. Y eso, una vez m\u00e1s, es transferir ingresos a sectores concentrados, desfinanciar al Estado y llegado el caso quiz\u00e1s atentar una vez m\u00e1s contra la mesa de los argentinos.<br \/>\nComo ya es costumbre expresar: ojal\u00e1 uno est\u00e9 enormemente equivocado y la realidad contradiga estos pron\u00f3sticos, que no por nada se anuncian; o que no falte golpe de tim\u00f3n o cambio de circunstancias para poner freno las consecuencias negativas de esta clase de pol\u00edticas.<br \/>\nEl curso de los hechos en esta materia se condice con las advertencias acerca de la pol\u00edtica neoliberal que encarnaba el macrismo. \u00bfEs este el comienzo de una pel\u00edcula ya vista? Veremos c\u00f3mo sigue esta historia.<\/p>\n","protected":false},"excerpt":{"rendered":"<p>Cierta predica y cierto curso de acci\u00f3n hace de la coalici\u00f3n gobernante un gobierno de liberales en lo econ\u00f3mico. Neoliberales hemos acostumbrado a decir.<\/p>\n","protected":false},"author":8,"featured_media":0,"comment_status":"open","ping_status":"open","sticky":false,"template":"","format":"standard","meta":{"_jetpack_newsletter_access":"","_jetpack_dont_email_post_to_subs":false,"_jetpack_newsletter_tier_id":0,"_jetpack_memberships_contains_paywalled_content":false,"_jetpack_memberships_contains_paid_content":false,"footnotes":""},"categories":[64],"tags":[],"class_list":["post-86291","post","type-post","status-publish","format-standard","hentry","category-opinion"],"jetpack_featured_media_url":"","jetpack_shortlink":"https:\/\/wp.me\/p2JWE0-mrN","jetpack-related-posts":[{"id":113666,"url":"https:\/\/www.24baires.com\/?p=113666","url_meta":{"origin":86291,"position":0},"title":"Alberto visit\u00f3 una Pyme: \u201cEs una gran responsabilidad reactivar la industria nacional\u201d","author":"GB","date":"03\/01\/2020","format":false,"excerpt":"TRES DE FEBRERO-El Presidente de la Naci\u00f3n recorri\u00f3 una empresa dedicada a la fabricaci\u00f3n de productos de PVC el mismo d\u00eda que anunci\u00f3 beneficios para el sector Pyme. El presidente Alberto Fern\u00e1ndez recorri\u00f3 hoy una Pyme en la localidad bonaerense de Tres de Febrero dedicada a la fabricaci\u00f3n de productos\u2026","rel":"","context":"En \u00abPol\u00edtica\u00bb","block_context":{"text":"Pol\u00edtica","link":"https:\/\/www.24baires.com\/?cat=51"},"img":{"alt_text":"","src":"https:\/\/i0.wp.com\/www.24baires.com\/wp-content\/uploads\/2020\/01\/alberto-tres-de-febrero.jpg?resize=350%2C200","width":350,"height":200,"srcset":"https:\/\/i0.wp.com\/www.24baires.com\/wp-content\/uploads\/2020\/01\/alberto-tres-de-febrero.jpg?resize=350%2C200 1x, https:\/\/i0.wp.com\/www.24baires.com\/wp-content\/uploads\/2020\/01\/alberto-tres-de-febrero.jpg?resize=525%2C300 1.5x"},"classes":[]},{"id":117287,"url":"https:\/\/www.24baires.com\/?p=117287","url_meta":{"origin":86291,"position":1},"title":"El Gobierno anunci\u00f3 medidas para beneficiar el desarrollo de la industria automotriz","author":"GB","date":"09\/03\/2021","format":false,"excerpt":"El presidente Alberto Fern\u00e1ndez encabez\u00f3 el acto para la firma del decreto para la exenci\u00f3n de retenciones a las exportaciones incrementables de la industria automotriz. El presidente Alberto Fern\u00e1ndez encabeza en el Museo del Bicentenario de Casa Rosada el acto para la firma del decreto del r\u00e9gimen de exenci\u00f3n de\u2026","rel":"","context":"En \u00abPol\u00edtica\u00bb","block_context":{"text":"Pol\u00edtica","link":"https:\/\/www.24baires.com\/?cat=51"},"img":{"alt_text":"","src":"https:\/\/i0.wp.com\/www.24baires.com\/wp-content\/uploads\/2020\/08\/alberto-fern%C3%A1ndez.jpg?resize=350%2C200","width":350,"height":200,"srcset":"https:\/\/i0.wp.com\/www.24baires.com\/wp-content\/uploads\/2020\/08\/alberto-fern%C3%A1ndez.jpg?resize=350%2C200 1x, https:\/\/i0.wp.com\/www.24baires.com\/wp-content\/uploads\/2020\/08\/alberto-fern%C3%A1ndez.jpg?resize=525%2C300 1.5x"},"classes":[]},{"id":118896,"url":"https:\/\/www.24baires.com\/?p=118896","url_meta":{"origin":86291,"position":2},"title":"\u00abLa ley de Cannabis medicinal es otro triunfo de la sociedad contra la hipocres\u00eda\u00bb","author":"AF","date":"24\/05\/2022","format":false,"excerpt":"As\u00ed lo asegur\u00f3 el Presidente en el acto que se celebra en el Sal\u00f3n de las Mujeres de Casa de Gobierno y cuenta con la presencia de referentes del sector. Junto al Presidente se encuentra el ministro de Desarrollo Productivo, Mat\u00edas Kulfas. El presidente Alberto Fern\u00e1ndez afirm\u00f3 este martes que\u2026","rel":"","context":"En \u00abPol\u00edtica\u00bb","block_context":{"text":"Pol\u00edtica","link":"https:\/\/www.24baires.com\/?cat=51"},"img":{"alt_text":"","src":"https:\/\/i0.wp.com\/www.24baires.com\/wp-content\/uploads\/2022\/05\/628d614ea4782_900.jpg?resize=350%2C200","width":350,"height":200,"srcset":"https:\/\/i0.wp.com\/www.24baires.com\/wp-content\/uploads\/2022\/05\/628d614ea4782_900.jpg?resize=350%2C200 1x, https:\/\/i0.wp.com\/www.24baires.com\/wp-content\/uploads\/2022\/05\/628d614ea4782_900.jpg?resize=525%2C300 1.5x, https:\/\/i0.wp.com\/www.24baires.com\/wp-content\/uploads\/2022\/05\/628d614ea4782_900.jpg?resize=700%2C400 2x"},"classes":[]},{"id":104306,"url":"https:\/\/www.24baires.com\/?p=104306","url_meta":{"origin":86291,"position":3},"title":"Bolivia prepara un plan anti impacto debido a la crisis Argentina","author":"AF","date":"05\/09\/2018","format":false,"excerpt":"El golpe econ\u00f3mico se siente en ciudades fronterizas. \"Ped\u00ed que el equipo econ\u00f3mico y productivo del gabinete trabaje toda la semana, vamos a convocar a la banca privada, con empresarios\", dijo el mandatario. El Gobierno de Bolivia definir\u00e1 en los pr\u00f3ximos d\u00edas, en consulta con el sector empresarial, un plan\u2026","rel":"","context":"En \u00abInternacionales\u00bb","block_context":{"text":"Internacionales","link":"https:\/\/www.24baires.com\/?cat=73"},"img":{"alt_text":"","src":"https:\/\/i0.wp.com\/www.24baires.com\/wp-content\/uploads\/2017\/02\/evo-morales-y-macri.jpg?resize=350%2C200","width":350,"height":200,"srcset":"https:\/\/i0.wp.com\/www.24baires.com\/wp-content\/uploads\/2017\/02\/evo-morales-y-macri.jpg?resize=350%2C200 1x, https:\/\/i0.wp.com\/www.24baires.com\/wp-content\/uploads\/2017\/02\/evo-morales-y-macri.jpg?resize=525%2C300 1.5x"},"classes":[]},{"id":118904,"url":"https:\/\/www.24baires.com\/?p=118904","url_meta":{"origin":86291,"position":4},"title":"Anticipan que las exportaciones llegar\u00e1n a los US$ 90.000 millones","author":"AF","date":"26\/05\/2022","format":false,"excerpt":"\"Seguramente llegar\u00e1n a los US$ 100.000 millones en 2023, superando el r\u00e9cord registrado en 2011\", conf\u00edan desde la secretar\u00eda de industria. Las exportaciones argentinas rondar\u00e1n este a\u00f1o los US$ 90.000 millones, lo que representar\u00e1 una mejora de casi 20% respecto a las ventas al exterior concretadas en 2021, en un\u2026","rel":"","context":"En \u00abEconom\u00eda\u00bb","block_context":{"text":"Econom\u00eda","link":"https:\/\/www.24baires.com\/?cat=45"},"img":{"alt_text":"","src":"https:\/\/i0.wp.com\/www.24baires.com\/wp-content\/uploads\/2022\/05\/5cd969a1c4529_900.jpg?resize=350%2C200","width":350,"height":200,"srcset":"https:\/\/i0.wp.com\/www.24baires.com\/wp-content\/uploads\/2022\/05\/5cd969a1c4529_900.jpg?resize=350%2C200 1x, https:\/\/i0.wp.com\/www.24baires.com\/wp-content\/uploads\/2022\/05\/5cd969a1c4529_900.jpg?resize=525%2C300 1.5x, https:\/\/i0.wp.com\/www.24baires.com\/wp-content\/uploads\/2022\/05\/5cd969a1c4529_900.jpg?resize=700%2C400 2x"},"classes":[]},{"id":38017,"url":"https:\/\/www.24baires.com\/?p=38017","url_meta":{"origin":86291,"position":5},"title":"Desde el Gobierno Nacional buscan incrementar las exportaciones","author":"Grupo Sierra","date":"06\/01\/2014","format":false,"excerpt":"Presentaron el Programa de Aumento y Diversificaci\u00f3n de las Exportaciones, tendiente a multiplicar las exportaciones argentinas a nuevos mercados del mundo con el objetivo de alcanzar la meta de m\u00e1s de 100.000 millones de d\u00f3lares hacia el a\u00f1o 2015. Los ministros de Econom\u00eda, Axel Kicillof; el canciller H\u00e9ctor Timerman y\u2026","rel":"","context":"En \u00abPol\u00edtica\u00bb","block_context":{"text":"Pol\u00edtica","link":"https:\/\/www.24baires.com\/?cat=51"},"img":{"alt_text":"","src":"","width":0,"height":0},"classes":[]}],"jetpack_sharing_enabled":true,"jetpack_likes_enabled":true,"_links":{"self":[{"href":"https:\/\/www.24baires.com\/index.php?rest_route=\/wp\/v2\/posts\/86291","targetHints":{"allow":["GET"]}}],"collection":[{"href":"https:\/\/www.24baires.com\/index.php?rest_route=\/wp\/v2\/posts"}],"about":[{"href":"https:\/\/www.24baires.com\/index.php?rest_route=\/wp\/v2\/types\/post"}],"author":[{"embeddable":true,"href":"https:\/\/www.24baires.com\/index.php?rest_route=\/wp\/v2\/users\/8"}],"replies":[{"embeddable":true,"href":"https:\/\/www.24baires.com\/index.php?rest_route=%2Fwp%2Fv2%2Fcomments&post=86291"}],"version-history":[{"count":2,"href":"https:\/\/www.24baires.com\/index.php?rest_route=\/wp\/v2\/posts\/86291\/revisions"}],"predecessor-version":[{"id":86305,"href":"https:\/\/www.24baires.com\/index.php?rest_route=\/wp\/v2\/posts\/86291\/revisions\/86305"}],"wp:attachment":[{"href":"https:\/\/www.24baires.com\/index.php?rest_route=%2Fwp%2Fv2%2Fmedia&parent=86291"}],"wp:term":[{"taxonomy":"category","embeddable":true,"href":"https:\/\/www.24baires.com\/index.php?rest_route=%2Fwp%2Fv2%2Fcategories&post=86291"},{"taxonomy":"post_tag","embeddable":true,"href":"https:\/\/www.24baires.com\/index.php?rest_route=%2Fwp%2Fv2%2Ftags&post=86291"}],"curies":[{"name":"wp","href":"https:\/\/api.w.org\/{rel}","templated":true}]}}