{"id":8627,"date":"2012-12-10T18:40:22","date_gmt":"2012-12-10T21:40:22","guid":{"rendered":"http:\/\/www.24baires.com\/?p=8627"},"modified":"2012-12-11T10:53:36","modified_gmt":"2012-12-11T13:53:36","slug":"la-corte-suprema-rechazo-el-per-saltum","status":"publish","type":"post","link":"https:\/\/www.24baires.com\/?p=8627","title":{"rendered":"La Corte Suprema rechaz\u00f3 el per saltum"},"content":{"rendered":"<p>El m\u00e1ximo tribunal resolvi\u00f3 no hacer uso de ese recurso, solicitado por el Gobierno para revisar el fallo de la C\u00e1mara que hab\u00eda extendido la cautelar del Grupo Clar\u00edn en contra de la aplicaci\u00f3n de la Ley de Medios. Se deber\u00e1 esperar el fallo del Juez Alfonso. AMPLIAREMOS<!--more--><\/p>\n<p>La Corte Suprema de Justicia confirm\u00f3 que el juez Civil y Comercial federal Horacio Alfonso deber\u00e1 expedirse sobre la constitucionalidad del art\u00edculo 161 de la Ley de Medios, al rechazar el per saltum presentado por el gobierno nacional para que resuelva sobre la extensi\u00f3n de la medida cautelar dispuesta a favor del Grupo medi\u00e1tico, que mantiene suspendida la plena aplicaci\u00f3n de la norma.<\/p>\n<p>Previamente, los miembros de la Corte buscaron acuerdo con la presencia plena de todos los jueces, incluso adelantando un d\u00eda antes la habitual fecha de los martes.<\/p>\n<p>La medida cautelar interpuesta por Clar\u00edn frena la plena aplicaci\u00f3n del art\u00edculo 161 de la norma, que obliga a los licenciatarios a desprenderse de las que excedan el cupo de 24 permitido en cable y las 10 en canales de aire.<\/p>\n<p>A fines de noviembre, la propia Corte hab\u00eda ordenado al juez Alfonso, que trabaja en el amparo del Grupo Clar\u00edn contra la aplicaci\u00f3n del art\u00edculo 161 de la Ley de Medios dicte una \u00absentencia definitiva de inmediato\u00bb, y al mismo tiempo no hizo lugar al planteo para extender la medida cautelar m\u00e1s all\u00e1 del 7 de diciembre, aunque el jueves pasado la Sala de la C\u00e1mara Civil y Comercial extendi\u00f3 el amparo que beneficia al grupo medi\u00e1tico.<\/p>\n<p>Tras esta decisi\u00f3n de la Corte, el juez Alfonso deber\u00e1 decidir sobre la denominada \u00abcuesti\u00f3n de fondo\u00bb de la constitucionalidad o no del art\u00edculo en cuesti\u00f3n.<\/p>\n","protected":false},"excerpt":{"rendered":"<p>El m\u00e1ximo tribunal resolvi\u00f3 no hacer uso de ese recurso, solicitado por el Gobierno para revisar el fallo de la C\u00e1mara que hab\u00eda extendido la cautelar del Grupo Clar\u00edn en contra de la aplicaci\u00f3n de la Ley de Medios. Se deber\u00e1 esperar el fallo del Juez Alfonso. AMPLIAREMOS<\/p>\n","protected":false},"author":11,"featured_media":0,"comment_status":"open","ping_status":"open","sticky":false,"template":"","format":"standard","meta":{"_jetpack_newsletter_access":"","_jetpack_dont_email_post_to_subs":false,"_jetpack_newsletter_tier_id":0,"_jetpack_memberships_contains_paywalled_content":false,"_jetpack_memberships_contains_paid_content":false,"footnotes":""},"categories":[54],"tags":[],"class_list":["post-8627","post","type-post","status-publish","format-standard","hentry","category-medios"],"jetpack_featured_media_url":"","jetpack_shortlink":"https:\/\/wp.me\/p2JWE0-2f9","jetpack-related-posts":[{"id":9790,"url":"https:\/\/www.24baires.com\/?p=9790","url_meta":{"origin":8627,"position":0},"title":"La Corte Suprema ya tiene en sus manos el pedido de &#8216;per saltum&#8217; y debe resolver tratarlo","author":"Grupo Sierra","date":"19\/12\/2012","format":false,"excerpt":"La Corte Suprema de Justicia recibi\u00f3 el pedido del Gobierno de avocarse a la causa sobre la constitucionalidad de la ley de medios, sancionada hace tres a\u00f1os y bloqueada desde entonces por una medida cautelar. Ahora deber\u00e1 resolver si lo acepta. La presentaci\u00f3n ante el m\u00e1ximo tribunal se realiz\u00f3 este\u2026","rel":"","context":"En \u00abMedios\u00bb","block_context":{"text":"Medios","link":"https:\/\/www.24baires.com\/?cat=54"},"img":{"alt_text":"corte suprema","src":"https:\/\/i0.wp.com\/www.24baires.com\/wp-content\/uploads\/2012\/12\/corte-suprema.jpg?resize=350%2C200","width":350,"height":200,"srcset":"https:\/\/i0.wp.com\/www.24baires.com\/wp-content\/uploads\/2012\/12\/corte-suprema.jpg?resize=350%2C200 1x, https:\/\/i0.wp.com\/www.24baires.com\/wp-content\/uploads\/2012\/12\/corte-suprema.jpg?resize=525%2C300 1.5x"},"classes":[]},{"id":59781,"url":"https:\/\/www.24baires.com\/?p=59781","url_meta":{"origin":8627,"position":1},"title":"Por la adecuaci\u00f3n de Clar\u00edn habilitan la feria judicial","author":"Grupo Sierra","date":"08\/01\/2015","format":false,"excerpt":"La Justicia hizo lugar a un planteo del AFSCA para que la justicia contin\u00fae adelante con el expediente durante el receso de verano. La medida la adopt\u00f3 el conjuez de primera instancia en lo Civil y Comercial Federal, Antonio Rojas Salinas, al hacer lugar a un reclamo de la Autoridad\u2026","rel":"","context":"En \u00abMedios\u00bb","block_context":{"text":"Medios","link":"https:\/\/www.24baires.com\/?cat=54"},"img":{"alt_text":"clar\u00edn mitre","src":"https:\/\/i0.wp.com\/www.24baires.com\/wp-content\/uploads\/2014\/11\/clar%C3%ADn-mitre.jpg?resize=350%2C200","width":350,"height":200,"srcset":"https:\/\/i0.wp.com\/www.24baires.com\/wp-content\/uploads\/2014\/11\/clar%C3%ADn-mitre.jpg?resize=350%2C200 1x, https:\/\/i0.wp.com\/www.24baires.com\/wp-content\/uploads\/2014\/11\/clar%C3%ADn-mitre.jpg?resize=525%2C300 1.5x"},"classes":[]},{"id":10904,"url":"https:\/\/www.24baires.com\/?p=10904","url_meta":{"origin":8627,"position":2},"title":"El Gobierno solicitar\u00e1 la habilitaci\u00f3n de la feria judicial para tratar la Ley de Medios","author":"AF","date":"01\/01\/2013","format":false,"excerpt":"El gobierno pedir\u00e1 este mi\u00e9rcoles, en el primer d\u00eda h\u00e1bil del a\u00f1o, que la C\u00e1mara Federal Civil y Comercial Federal habilite la feria judicial de enero para resolver con \u201cceleridad\u201d la causa planteada por el grupo Clar\u00edn contra la Ley de Medios. La presentaci\u00f3n la har\u00e1 a primera hora la\u2026","rel":"","context":"En \u00abMedios\u00bb","block_context":{"text":"Medios","link":"https:\/\/www.24baires.com\/?cat=54"},"img":{"alt_text":"","src":"","width":0,"height":0},"classes":[]},{"id":9914,"url":"https:\/\/www.24baires.com\/?p=9914","url_meta":{"origin":8627,"position":3},"title":"Ley de Medios: El jueves pr\u00f3ximo la Corte tratar\u00e1 el &#8216;per saltum&#8217; pedido por el Gobierno","author":"Grupo Sierra","date":"20\/12\/2012","format":false,"excerpt":"El M\u00e1ximo Tribunal anunci\u00f3 que se reunir\u00e1 la semana que viene luego del an\u00e1lisis individual que har\u00e1 cada uno de los ministros. \u201cEl expediente est\u00e1 circulando desde que entr\u00f3 por todas las vocal\u00edas. Los jueces lo est\u00e1n analizando\", se\u00f1alaron fuentes de la Justicia. Luego del pedido que hizo el Gobierno,\u2026","rel":"","context":"En \u00abMedios\u00bb","block_context":{"text":"Medios","link":"https:\/\/www.24baires.com\/?cat=54"},"img":{"alt_text":"","src":"","width":0,"height":0},"classes":[]},{"id":25632,"url":"https:\/\/www.24baires.com\/?p=25632","url_meta":{"origin":8627,"position":4},"title":"\u00abPer Saltum\u00bb del Colegio de Abogados de Dolores contra la democratizaci\u00f3n judicial","author":"Grupo Sierra","date":"11\/06\/2013","format":false,"excerpt":"El Colegio de Abogados de Dolores presentar\u00e1 un \"per saltum\" ante la Corte Suprema de Justicia de la Naci\u00f3n contra la reforma al Consejo de la Magistratura de la Naci\u00f3n que estableci\u00f3 la elecci\u00f3n popular de sus miembros y una nueva integraci\u00f3n de 19 personas. Ser\u00e1 el primer \"per saltum\"\u2026","rel":"","context":"En \u00abPol\u00edtica\u00bb","block_context":{"text":"Pol\u00edtica","link":"https:\/\/www.24baires.com\/?cat=51"},"img":{"alt_text":"consejo magistratura","src":"https:\/\/i0.wp.com\/www.24baires.com\/wp-content\/uploads\/2012\/10\/consejo-magistratura.jpg?resize=350%2C200","width":350,"height":200,"srcset":"https:\/\/i0.wp.com\/www.24baires.com\/wp-content\/uploads\/2012\/10\/consejo-magistratura.jpg?resize=350%2C200 1x, https:\/\/i0.wp.com\/www.24baires.com\/wp-content\/uploads\/2012\/10\/consejo-magistratura.jpg?resize=525%2C300 1.5x"},"classes":[]},{"id":59068,"url":"https:\/\/www.24baires.com\/?p=59068","url_meta":{"origin":8627,"position":5},"title":"La Afsca present\u00f3 un per saltum para revocar la cautelar de Clar\u00edn","author":"GB","date":"23\/12\/2014","format":false,"excerpt":"El recurso extraordinario, presentado ante la Corte, solicita la \"inmediata intervenci\u00f3n\" para que revoque la medida dictada por el juez Horacio Alfonso, que suspendi\u00f3 el proceso de adecuaci\u00f3n de oficio del Grupo Clar\u00edn. La presentaci\u00f3n fue realizada de acuerdo a lo establecido en el art\u00edculo 257 bis del C\u00f3digo Procesal\u2026","rel":"","context":"En \u00abMedios\u00bb","block_context":{"text":"Medios","link":"https:\/\/www.24baires.com\/?cat=54"},"img":{"alt_text":"clar\u00edn","src":"https:\/\/i0.wp.com\/www.24baires.com\/wp-content\/uploads\/2014\/10\/clar%C3%ADn.jpg?resize=350%2C200","width":350,"height":200,"srcset":"https:\/\/i0.wp.com\/www.24baires.com\/wp-content\/uploads\/2014\/10\/clar%C3%ADn.jpg?resize=350%2C200 1x, https:\/\/i0.wp.com\/www.24baires.com\/wp-content\/uploads\/2014\/10\/clar%C3%ADn.jpg?resize=525%2C300 1.5x"},"classes":[]}],"jetpack_sharing_enabled":true,"jetpack_likes_enabled":true,"_links":{"self":[{"href":"https:\/\/www.24baires.com\/index.php?rest_route=\/wp\/v2\/posts\/8627","targetHints":{"allow":["GET"]}}],"collection":[{"href":"https:\/\/www.24baires.com\/index.php?rest_route=\/wp\/v2\/posts"}],"about":[{"href":"https:\/\/www.24baires.com\/index.php?rest_route=\/wp\/v2\/types\/post"}],"author":[{"embeddable":true,"href":"https:\/\/www.24baires.com\/index.php?rest_route=\/wp\/v2\/users\/11"}],"replies":[{"embeddable":true,"href":"https:\/\/www.24baires.com\/index.php?rest_route=%2Fwp%2Fv2%2Fcomments&post=8627"}],"version-history":[{"count":3,"href":"https:\/\/www.24baires.com\/index.php?rest_route=\/wp\/v2\/posts\/8627\/revisions"}],"predecessor-version":[{"id":8633,"href":"https:\/\/www.24baires.com\/index.php?rest_route=\/wp\/v2\/posts\/8627\/revisions\/8633"}],"wp:attachment":[{"href":"https:\/\/www.24baires.com\/index.php?rest_route=%2Fwp%2Fv2%2Fmedia&parent=8627"}],"wp:term":[{"taxonomy":"category","embeddable":true,"href":"https:\/\/www.24baires.com\/index.php?rest_route=%2Fwp%2Fv2%2Fcategories&post=8627"},{"taxonomy":"post_tag","embeddable":true,"href":"https:\/\/www.24baires.com\/index.php?rest_route=%2Fwp%2Fv2%2Ftags&post=8627"}],"curies":[{"name":"wp","href":"https:\/\/api.w.org\/{rel}","templated":true}]}}