{"id":86091,"date":"2016-08-09T21:14:53","date_gmt":"2016-08-10T00:14:53","guid":{"rendered":"http:\/\/www.24baires.com\/?p=86091"},"modified":"2016-08-09T21:14:53","modified_gmt":"2016-08-10T00:14:53","slug":"no-tengamos-miedo","status":"publish","type":"post","link":"https:\/\/www.24baires.com\/?p=86091","title":{"rendered":"No tengamos miedo"},"content":{"rendered":"<p><img data-recalc-dims=\"1\" loading=\"lazy\" decoding=\"async\" class=\"aligncenter wp-image-20887\" src=\"https:\/\/i0.wp.com\/www.24baires.com\/wp-content\/uploads\/2013\/04\/hebe4.jpg?resize=560%2C373\" alt=\"hebe4\" width=\"560\" height=\"373\" srcset=\"https:\/\/i0.wp.com\/www.24baires.com\/wp-content\/uploads\/2013\/04\/hebe4.jpg?w=510&amp;ssl=1 510w, https:\/\/i0.wp.com\/www.24baires.com\/wp-content\/uploads\/2013\/04\/hebe4.jpg?resize=300%2C200&amp;ssl=1 300w\" sizes=\"auto, (max-width: 560px) 100vw, 560px\" \/>No lo cre\u00ed a la primera, de verdad. Necesit\u00e9 de tres segundos para recordar cu\u00e1nto hab\u00eda cambiado todo y en qu\u00e9 poco tiempo para poder asimilar lo que estaba leyendo. Quer\u00edan detener a Hebe. Un jueves, justo. Era demasiado horrible para ser real. Pero la estabilidad de lo real est\u00e1 sobrevalorada, sobre todo en nuestro pa\u00eds. Era as\u00ed: quer\u00eda detener a Hebe por no ir a declarar. Ya s\u00e9, ya s\u00e9&#8230; Macri tampoco fue a declarar varias veces y no pas\u00f3 nada. Si, ya s\u00e9 que a Niembro no lo cit\u00f3 ning\u00fan juez y que las joyas en valijas de la vicepresidenta, as\u00ed como los cientos de miles de pesos que guardaba en su casa, fueron apenas la apostilla de los medios&#8230; y ning\u00fan fiscal se escandaliz\u00f3, como a veces algunos estallan y arman causas en otras circunstancias. Ya s\u00e9. Por eso, me cost\u00f3 creerlo.<!--more--><\/p>\n<p>Es que son profanadores, tocan lo sagrado. Transgreden todo. Estoy segura que disfrutan pinch\u00e1ndonos las tripas donde m\u00e1s va a doler. No lo necesitan, pero pueden. Y como son s\u00e1dicos, aunque est\u00e9 mal, si pueden van y lo hacen. Porque no s\u00f3lo quieren empobrecernos, embrutecernos y volvernos los tristes de antes. Tambi\u00e9n quieren doblegarnos. Nos quieren sin voluntad, temerosos, necesitados, vulnerables. Nos quieren hambrientos. Porque el hambre engendra desesperados.<br \/>\nEntonces colocan la variable del ajuste asesino y la atraviesan con la de los golpes m\u00e1s bajos y trazan, as\u00ed, la par\u00e1bola del miedo. Y ah\u00ed nos quieren anclar.<br \/>\nHebe estuvo en Mar del Plata, despu\u00e9s de la gambeta en CABA, y volvi\u00f3 a dejar claro, -como si hiciera falta- su perpetuo compromiso militante, que trasciende su vida, porque sus ideas y su lucha se han convertido en algunas de las huellas que muchos elegimos seguir.<br \/>\nDespu\u00e9s de eso nos enteramos que a la periodista Cynthia Garc\u00eda le entraron en su casa el domingo y se la dieron vuelta. S\u00f3lo le robaron los dispositivos electr\u00f3nicos: computadoras, tablets, discos r\u00edgidos. Es decir: s\u00f3lo se llevaron informaci\u00f3n. El lunes, en la oficina que tiene Guillermo Moreno en Puerto Madero, tambi\u00e9n entraron a robar el mismo tipo de cosas. En fin, la casualidad no existe, es apenas el eufemismo que gustan utilizar quienes siempre miran hacia otro lado.<br \/>\nY, mientras tanto, cartas amenazadoras llegan al domicilio de Cristina. Es todo bastante claro, \u00bfno? Porque quieren que sea as\u00ed: querer meter presa a Hebe por no ir a declarar, luego, el s\u00e1bado, hubo amenaza de bomba en el hotel en el que estaba. El domingo, irrumpen en el hogar de Cynthia Garc\u00eda y al d\u00eda siguiente en la oficina del ex funcionario.<br \/>\nEl miedo es un instrumento muy utilizado por quienes quieren gobernar a los otros desde la posici\u00f3n de mando que s\u00f3lo admite gobernados sumisos y obedientes. Y el miedo es muy jodido, porque es sumamente contagioso.<br \/>\n\u201cNo tengamos miedo\u201d, dijo Hebe, en Mar del Plata. No les demos el gusto de replegarnos, de guardarnos en la comodidad del silencio, que es, adem\u00e1s, una forma de complicidad. No nos van a callar. No pueden, aunque lo sigan intentando.<br \/>\nEs muy dif\u00edcil perforar la superficie del mar de los medios hegem\u00f3nicos que siguen mintiendo e inventando como siempre. Pero debemos persistir en contar lo que pasa, en opinar informados, en explicarle a quien quiera o\u00edrnos (y a quien no, tambi\u00e9n), que nos est\u00e1n empobreciendo a las trompadas, que le sacaron el pan de la boca a los que apenas pod\u00edan llevarse un bocado al est\u00f3mago. Que est\u00e1n enriqueciendo a sus amigotes, que son la elite rancia de la riqueza y la soberbia y el ego\u00edsmo, que son los sectores m\u00e1s acaudalados, que han visto engrosar en pocos meses sus ya obscenas fortunas.<br \/>\nNos quieren quietitos, calladitos, mirando al suelo. Quieren miedo. No se lo vamos a dar. Porque no lo tenemos, porque la bronca anula cualquier temor, porque la necesidad del otro tiene que ser siempre el motor de cada palabra que digamos, de cada acci\u00f3n que emprendamos.<br \/>\nEllos seguir\u00e1n con su ajuste vor\u00e1z, quit\u00e1ndonos derechos conquistados, pis\u00e1ndonos con la bota cruel que tanto extra\u00f1aban. A veces parece que puede aturdirnos el ruido que hace todo al caerse. Entonces tenemos que hablar m\u00e1s fuerte. Tenemos que gritar.<\/p>\n","protected":false},"excerpt":{"rendered":"<p>No lo cre\u00ed a la primera, de verdad. Necesit\u00e9 de tres segundos para recordar cu\u00e1nto hab\u00eda cambiado todo y en qu\u00e9 poco tiempo para poder asimilar lo que estaba leyendo. Quer\u00edan detener a Hebe. Un jueves, justo. Era demasiado horrible para ser real. Pero la estabilidad de lo real est\u00e1 sobrevalorada, sobre todo en nuestro pa\u00eds. Era as\u00ed: quer\u00eda detener [&#8230;]<\/p>\n","protected":false},"author":8,"featured_media":0,"comment_status":"open","ping_status":"open","sticky":false,"template":"","format":"standard","meta":{"_jetpack_newsletter_access":"","_jetpack_dont_email_post_to_subs":false,"_jetpack_newsletter_tier_id":0,"_jetpack_memberships_contains_paywalled_content":false,"_jetpack_memberships_contains_paid_content":false,"footnotes":""},"categories":[64],"tags":[],"class_list":["post-86091","post","type-post","status-publish","format-standard","hentry","category-opinion"],"jetpack_featured_media_url":"","jetpack_shortlink":"https:\/\/wp.me\/p2JWE0-moz","jetpack-related-posts":[{"id":85887,"url":"https:\/\/www.24baires.com\/?p=85887","url_meta":{"origin":86091,"position":0},"title":"Ordenan detener a Hebe: \u00abQue me lleven presa, no les tengo miedo\u00bb dijo","author":"Grupo Sierra","date":"04\/08\/2016","format":false,"excerpt":"La titular de la Asociaci\u00f3n Madres de Plaza de Mayo, Hebe de Bonafini, no se present\u00f3 a declarar en los tribunales federales de Comodoro Py en la causa Sue\u00f1os Compartidos en la que est\u00e1 imputada, por lo que el juez Marcelo Mart\u00ednez de Giorgi orden\u00f3 su captura. Pese a que\u2026","rel":"","context":"En \u00abJUDICIALES\u00bb","block_context":{"text":"JUDICIALES","link":"https:\/\/www.24baires.com\/?cat=68"},"img":{"alt_text":"hebe madres","src":"https:\/\/i0.wp.com\/www.24baires.com\/wp-content\/uploads\/2016\/08\/hebe-madres.jpg?resize=350%2C200","width":350,"height":200,"srcset":"https:\/\/i0.wp.com\/www.24baires.com\/wp-content\/uploads\/2016\/08\/hebe-madres.jpg?resize=350%2C200 1x, https:\/\/i0.wp.com\/www.24baires.com\/wp-content\/uploads\/2016\/08\/hebe-madres.jpg?resize=525%2C300 1.5x"},"classes":[]},{"id":61967,"url":"https:\/\/www.24baires.com\/?p=61967","url_meta":{"origin":86091,"position":1},"title":"Bonafini: \u00abLa marcha no fue de silencio, fue muy agresiva contra Cristina\u00bb","author":"AF","date":"19\/02\/2015","format":false,"excerpt":"La titular de la Asociaci\u00f3n Madres de Plaza de Mayo, Hebe de Bonafini, calific\u00f3 de \"muy agresiva y cobarde\" la marcha convocada ayer por un grupo de fiscales al cumplirse un mes de la muerte de Alberto Nisman. La titular de la Asociaci\u00f3n Madres de Plaza de Mayo, Hebe de\u2026","rel":"","context":"En \u00abPol\u00edtica\u00bb","block_context":{"text":"Pol\u00edtica","link":"https:\/\/www.24baires.com\/?cat=51"},"img":{"alt_text":"hebe-de-bonafini","src":"https:\/\/i0.wp.com\/www.24baires.com\/wp-content\/uploads\/2014\/01\/hebe-de-bonafini.jpg?resize=350%2C200","width":350,"height":200,"srcset":"https:\/\/i0.wp.com\/www.24baires.com\/wp-content\/uploads\/2014\/01\/hebe-de-bonafini.jpg?resize=350%2C200 1x, https:\/\/i0.wp.com\/www.24baires.com\/wp-content\/uploads\/2014\/01\/hebe-de-bonafini.jpg?resize=525%2C300 1.5x"},"classes":[]},{"id":106018,"url":"https:\/\/www.24baires.com\/?p=106018","url_meta":{"origin":86091,"position":2},"title":"\u201cLos gordos de la CGT mejor que se jubilen, y vayan al campo a cuidar sus vacas\u201d","author":"AF","date":"19\/12\/2018","format":false,"excerpt":"As\u00ed lo sostuvo la titular de la Asociaci\u00f3n de Madres de Plaza de Mayo, Hebe de Bonafini. Agreg\u00f3 que para las elecciones venideras \"Kicillof tiene que ir en la Provincia\". La titular de la Asociaci\u00f3n de Madres de Plaza de Mayo, Hebe de Bonafini, expres\u00f3 su apoyo a que el\u2026","rel":"","context":"En \u00abSociedad\u00bb","block_context":{"text":"Sociedad","link":"https:\/\/www.24baires.com\/?cat=1"},"img":{"alt_text":"","src":"https:\/\/i0.wp.com\/www.24baires.com\/wp-content\/uploads\/2014\/01\/hebe-de-bonafini.jpg?resize=350%2C200","width":350,"height":200,"srcset":"https:\/\/i0.wp.com\/www.24baires.com\/wp-content\/uploads\/2014\/01\/hebe-de-bonafini.jpg?resize=350%2C200 1x, https:\/\/i0.wp.com\/www.24baires.com\/wp-content\/uploads\/2014\/01\/hebe-de-bonafini.jpg?resize=525%2C300 1.5x"},"classes":[]},{"id":47719,"url":"https:\/\/www.24baires.com\/?p=47719","url_meta":{"origin":86091,"position":3},"title":"Hebe de Bonafini blanque\u00f3 la candidatura de Mariotto como Gobernador","author":"Grupo Sierra","date":"09\/06\/2014","format":false,"excerpt":"La presidenta de la Asociaci\u00f3n Madres de Plaza de Mayo, aifrm\u00f3: \"Tenemos varios candidatos probos para Presidente, pero para Gobernador uno solo\". Lo hizo en el marco del acto en homenaje por el D\u00eda del Periodista que compartieron en la Facultad de Ciencias Sociales de la Universidad Nacional de Lomas\u2026","rel":"","context":"En \u00abElecciones 2015\u00bb","block_context":{"text":"Elecciones 2015","link":"https:\/\/www.24baires.com\/?cat=74"},"img":{"alt_text":"mariotto bonafini","src":"https:\/\/i0.wp.com\/www.24baires.com\/wp-content\/uploads\/2014\/06\/mariotto-bonafini.jpg?resize=350%2C200","width":350,"height":200,"srcset":"https:\/\/i0.wp.com\/www.24baires.com\/wp-content\/uploads\/2014\/06\/mariotto-bonafini.jpg?resize=350%2C200 1x, https:\/\/i0.wp.com\/www.24baires.com\/wp-content\/uploads\/2014\/06\/mariotto-bonafini.jpg?resize=525%2C300 1.5x"},"classes":[]},{"id":7734,"url":"https:\/\/www.24baires.com\/?p=7734","url_meta":{"origin":86091,"position":4},"title":"Hebe de Bonafini recorri\u00f3 Aguas Verdes y Santa Teresita junto al Intendente","author":"Grupo Sierra","date":"03\/12\/2012","format":false,"excerpt":"PARTIDO DE LA COSTA- El Intentendente, Juan Pablo de Jes\u00fas, \u00a0asegur\u00f3 que la titular de Madres de Plaza de Mayo \"transform\u00f3 su dolor en un sentimiento positivo para trabajar por otros\". Tambi\u00e9n habl\u00f3 de la \"vigencia\" de sus ideas. Fue durante una visita a las localidades de Aguas Verdes y\u2026","rel":"","context":"En \u00abLocales\u00bb","block_context":{"text":"Locales","link":"https:\/\/www.24baires.com\/?cat=38"},"img":{"alt_text":"","src":"https:\/\/i0.wp.com\/www.24baires.com\/wp-content\/uploads\/2012\/12\/hebe-de-jesus-300x225.jpg?resize=350%2C200","width":350,"height":200},"classes":[]},{"id":119564,"url":"https:\/\/www.24baires.com\/?p=119564","url_meta":{"origin":86091,"position":5},"title":"Muri\u00f3 a los 93 a\u00f1os Hebe de Bonafini, presidenta de Madres de Plaza de Ma","author":"GB","date":"20\/11\/2022","format":false,"excerpt":"La presidenta de Madres de Plaza de Mayo, Hebe de Bonafini, falleci\u00f3 hoy a los 93 a\u00f1os en el Hospital Italiano de La Plata Hebe de Bonafini muri\u00f3 hoy a los 93 a\u00f1os. La presidenta de Madres de Plaza de Mayo hab\u00eda sido dada de alta el 13 de octubre,\u2026","rel":"","context":"En \u00abSociedad\u00bb","block_context":{"text":"Sociedad","link":"https:\/\/www.24baires.com\/?cat=1"},"img":{"alt_text":"","src":"https:\/\/i0.wp.com\/www.24baires.com\/wp-content\/uploads\/2014\/01\/hebe-de-bonafini.jpg?resize=350%2C200","width":350,"height":200,"srcset":"https:\/\/i0.wp.com\/www.24baires.com\/wp-content\/uploads\/2014\/01\/hebe-de-bonafini.jpg?resize=350%2C200 1x, https:\/\/i0.wp.com\/www.24baires.com\/wp-content\/uploads\/2014\/01\/hebe-de-bonafini.jpg?resize=525%2C300 1.5x, https:\/\/i0.wp.com\/www.24baires.com\/wp-content\/uploads\/2014\/01\/hebe-de-bonafini.jpg?resize=700%2C400 2x"},"classes":[]}],"jetpack_sharing_enabled":true,"jetpack_likes_enabled":true,"_links":{"self":[{"href":"https:\/\/www.24baires.com\/index.php?rest_route=\/wp\/v2\/posts\/86091","targetHints":{"allow":["GET"]}}],"collection":[{"href":"https:\/\/www.24baires.com\/index.php?rest_route=\/wp\/v2\/posts"}],"about":[{"href":"https:\/\/www.24baires.com\/index.php?rest_route=\/wp\/v2\/types\/post"}],"author":[{"embeddable":true,"href":"https:\/\/www.24baires.com\/index.php?rest_route=\/wp\/v2\/users\/8"}],"replies":[{"embeddable":true,"href":"https:\/\/www.24baires.com\/index.php?rest_route=%2Fwp%2Fv2%2Fcomments&post=86091"}],"version-history":[{"count":1,"href":"https:\/\/www.24baires.com\/index.php?rest_route=\/wp\/v2\/posts\/86091\/revisions"}],"predecessor-version":[{"id":86092,"href":"https:\/\/www.24baires.com\/index.php?rest_route=\/wp\/v2\/posts\/86091\/revisions\/86092"}],"wp:attachment":[{"href":"https:\/\/www.24baires.com\/index.php?rest_route=%2Fwp%2Fv2%2Fmedia&parent=86091"}],"wp:term":[{"taxonomy":"category","embeddable":true,"href":"https:\/\/www.24baires.com\/index.php?rest_route=%2Fwp%2Fv2%2Fcategories&post=86091"},{"taxonomy":"post_tag","embeddable":true,"href":"https:\/\/www.24baires.com\/index.php?rest_route=%2Fwp%2Fv2%2Ftags&post=86091"}],"curies":[{"name":"wp","href":"https:\/\/api.w.org\/{rel}","templated":true}]}}