{"id":86026,"date":"2016-08-08T20:34:44","date_gmt":"2016-08-08T23:34:44","guid":{"rendered":"http:\/\/www.24baires.com\/?p=86026"},"modified":"2016-08-08T19:43:42","modified_gmt":"2016-08-08T22:43:42","slug":"la-antesala-del-vamos-por-todo-neoliberal","status":"publish","type":"post","link":"https:\/\/www.24baires.com\/?p=86026","title":{"rendered":"\u00bfLa antesala del \u201cVamos por Todo\u201d neoliberal?\u201d"},"content":{"rendered":"<p><img data-recalc-dims=\"1\" loading=\"lazy\" decoding=\"async\" class=\"aligncenter size-full wp-image-82749\" src=\"https:\/\/i0.wp.com\/www.24baires.com\/wp-content\/uploads\/2016\/05\/macri-2.jpg?resize=560%2C315\" alt=\"macri\" width=\"560\" height=\"315\" srcset=\"https:\/\/i0.wp.com\/www.24baires.com\/wp-content\/uploads\/2016\/05\/macri-2.jpg?w=560&amp;ssl=1 560w, https:\/\/i0.wp.com\/www.24baires.com\/wp-content\/uploads\/2016\/05\/macri-2.jpg?resize=300%2C169&amp;ssl=1 300w\" sizes=\"auto, (max-width: 560px) 100vw, 560px\" \/><br \/>\n<em>Retrocesos y destrucci\u00f3n es lo que nos entregan estos meses de gobierno macrista.<\/em><br \/>\nAlgunas de sus iniciativas de da\u00f1inas consecuencias han resultado m\u00e1s palpables, de inmediato efecto. Otras, en cambio, aun siendo da\u00f1inas en el corto, mediano o largo plazo y acaso con consecuencias m\u00e1s duraderas, de m\u00e1s dificultosa reversi\u00f3n, de m\u00e1s hondo calado, han quedado poco visualizadas y no han hecho sentir consecuencias negativas inmediatas sino incluso la sensaci\u00f3n contraria.<!--more--><\/p>\n<p>Entre las medidas palpables, de inmediatos efectos, vividas como da\u00f1inas por la poblaci\u00f3n se alista al combo de pol\u00edticas de shock que despreocupadamente han efectuado: brusca devaluaci\u00f3n, quita de retenciones, desregulaci\u00f3n en los precios, tarifazos, incipiente apertura de importaciones. Se trat\u00f3 de medidas que condujeron a una brusca escalada inflacionaria, a un aumento del costo de vida y una reducci\u00f3n del poder adquisitivo de una amplia mayor\u00eda, empeorando acelerada y significativamente los indicadores sociales. Los salarios, las jubilaciones y la AUH han quedado por detr\u00e1s de este aumento en el costo de vida. Han llevado a una ca\u00edda en los niveles de actividad de numerosos sectores de la econom\u00eda y nos han conducido a un escenario recesivo. Dichas medidas significaron p\u00e9rdidas de empleo e incluso el cierre de empresas y han puesto en peligro numerosa cantidad de empleos y emprendimientos. Han menguado los niveles de empleo. Incipientemente desencadenan el inicio de un circulo regresivo en que las ca\u00eddas en el empleo, en salarios reales y nivel de actividad se retroalimentan negativamente. Todas estas medidas y circunstancias golpean duro. Pero todo ello parece r\u00e1pidamente revertible. Desde ya que con un golpe de tim\u00f3n en las pol\u00edticas, uno que no est\u00e1 en los planes neoliberales del macrismo.<\/p>\n<p>Han reducido significativamente el gasto p\u00fablico y la recaudaci\u00f3n del Estado en t\u00e9rminos reales. El d\u00e9ficit fiscal que dec\u00edan iban reducir es mayor hoy que hace un a\u00f1o. Han quitado impuestos a la renta, sobre el patrimonio y al consumo de bienes suntuarios y han sostenido el peso de los impuestos sobre el salario y el consumo.<br \/>\nEl acuerdo con los holdouts, el pago apresurado, al contado, entreguista, de rodillas y verdaderamente usurario a los fondos buitres ha sido una vuelta al endeudamiento a perpetuidad y el comienzo de una p\u00e9rdida de soberan\u00eda. Ha sido volver a la saga de deber m\u00e1s y m\u00e1s, pagar m\u00e1s y m\u00e1s, comprometer m\u00e1s y m\u00e1s porciones del ingreso nacional al pago de deuda y abrir las puertas a que organismos internaciones se inmiscuyan en nuestras pol\u00edticas. Ya lo vemos llegar al FMI. Ha sido volver al ruedo de tomar deuda para pagar deuda y para financiar pol\u00edticas econ\u00f3micas de prop\u00f3sitos poco loables. En definitiva: introducir una deuda que la pagaran generaciones futuras y que exigir\u00e1 comprometer enormes porciones del ingreso nacional y que constituye un verdadero saqueo. Ya hemos tomado m\u00e1s deuda. Estamos hoy m\u00e1s endeudados que hace un a\u00f1o y no ser\u00eda de extra\u00f1ar que la vocaci\u00f3n endeudadora llegue mucho m\u00e1s lejos. Sus efectos tardar\u00e1n en llegar o aun patentes podr\u00e1n no ser reconocidos.<\/p>\n<p>Detr\u00e1s de la \u201cLey de Reparaci\u00f3n Hist\u00f3rica a los Jubilados y Blanqueo de Capitales\u201d que pone en la delantera el pago de la deuda a los jubilados por haberes \u201cmal establecidos\u201d se esconde el germen de una posible reprivatizaci\u00f3n del sistema previsional y de una pauperizaci\u00f3n del derecho a acceder a una jubilaci\u00f3n para una porci\u00f3n importante de futuros adultos mayores que ha quedado excluida del mercado de trabajo formal. Veremos cu\u00e1l ser\u00e1 la suerte de su implementaci\u00f3n y c\u00f3mo andan en un futuro cercano las finanzas previsionales. Si los pron\u00f3sticos oscuros van camino a cumplirse pueda ser que exista una oposici\u00f3n pol\u00edtica que se interponga a semejante arrebato.<br \/>\nEsto ha sido hasta aqu\u00ed. De esto fueron capaces en ocho meses. Y van por m\u00e1s.<\/p>\n<p>La pretensi\u00f3n de sumarse a la Alianza Transpac\u00edfico con todos los compromisos ultraneoliberales que promueve y de llevar adelante reformas flexibilizadoras del r\u00e9gimen laboral y quiz\u00e1s un aperturismo m\u00e1s irrestricto de nuestra econom\u00eda es lo que viene y definitivamente es la artiller\u00eda pesada de esta nueva y reforzada ofensiva neoliberal. Los efectos de estas iniciativas hechas realidad resultan de m\u00e1s hondo calado y de m\u00e1s dif\u00edcil reversi\u00f3n.<br \/>\nEl kirchnerismo desando gran parte del legado de los a\u00f1os neoliberales. Pero la contrarreforma no fue tan lejos como la ofensiva neoliberal precedente. Se distribuy\u00f3 el ingreso, se mejor\u00f3 la participaci\u00f3n de los trabajadores en la renta y se encamin\u00f3 al pa\u00eds hacia un patr\u00f3n de acumulaci\u00f3n capitalista distinto pero la concentraci\u00f3n de la riqueza permaneci\u00f3 inalterada y el Estado fuerte fue el contrapeso. La privatizaci\u00f3n de los servicios p\u00fablicos perdur\u00f3 m\u00e1s all\u00e1 de importantes estatizaciones e intervenciones del Estado haciendo de los subsidios a los servicios una forma de salario indirecto. M\u00e1s all\u00e1 del incremento del empleo formal, la restituci\u00f3n de derechos a importante n\u00famero de trabajadores y la importancia de restituir instancias de negociaci\u00f3n colectiva del trabajo, la informalidad, la tercerizaci\u00f3n, las modalidades de contrataci\u00f3n irregulares y diversas formas de precariedad presentaban registros a\u00fan elevados. Etc.<\/p>\n<p>Sobre las bases de una ofensiva ya efectuada y que no encontr\u00f3 desmantelamiento y reversi\u00f3n equivalente hoy se paran para llegar m\u00e1s lejos que donde supieron llegar.<br \/>\nEn poco tiempo han llevado bastante lejos su programa neoliberal. Muchos no los cre\u00edamos capaces de tanto. Y van por m\u00e1s.<br \/>\nLas esperanzas quedan depositadas en que la ciudadan\u00eda le plante cara a estas posibles iniciativas; en que las fuerzas pol\u00edticas opositoras que se dicen nacionales y populares, progresistas y sensibles a la suerte de las mayor\u00edas llamen a la movilizaci\u00f3n popular y le pongan limite a estas pretensiones ya que en \u00faltima instancia el macrismo no tiene mayor\u00edas propias; y en que los sindicatos o si no los trabajadores con independencia de representaciones gremiales se movilicen y planten bandera contra estas reformas.<\/p>\n<p>Hasta aqu\u00ed han avanzado sin mayores resistencias, en mucho hasta con una importante aprobaci\u00f3n social. Sus iniciativas han pasado como si nada por el Congreso, velozmente fueron aprobadas y sin mayores ecos en la ciudadan\u00eda. Con prepotencia han llevado adelante sus planes.<br \/>\nConsiderado esto, tenemos un p\u00e9simo presagio para lo que viene. Aunque con el clima social enardecido que se empecinaron en forjar, la alerta de la ciudadan\u00eda que han levantado estos meses de gobierno y dado el tenor de lo que han insinuado para lo que viene, hay razones para pensar que a lo que venga de aqu\u00ed en m\u00e1s se le opongan mayores resistencias.<\/p>\n<p>&nbsp;<\/p>\n<p>&nbsp;<\/p>\n","protected":false},"excerpt":{"rendered":"<p>Retrocesos y destrucci\u00f3n es lo que nos entregan estos meses de gobierno macrista. Algunas de sus iniciativas de da\u00f1inas consecuencias han resultado m\u00e1s palpables, de inmediato efecto. Otras, en cambio, aun siendo da\u00f1inas en el corto, mediano o largo plazo y acaso con consecuencias m\u00e1s duraderas, de m\u00e1s dificultosa reversi\u00f3n, de m\u00e1s hondo calado, han quedado poco visualizadas y no [&#8230;]<\/p>\n","protected":false},"author":11,"featured_media":0,"comment_status":"open","ping_status":"open","sticky":false,"template":"","format":"standard","meta":{"_jetpack_newsletter_access":"","_jetpack_dont_email_post_to_subs":false,"_jetpack_newsletter_tier_id":0,"_jetpack_memberships_contains_paywalled_content":false,"_jetpack_memberships_contains_paid_content":false,"footnotes":""},"categories":[64],"tags":[],"class_list":["post-86026","post","type-post","status-publish","format-standard","hentry","category-opinion"],"jetpack_featured_media_url":"","jetpack_shortlink":"https:\/\/wp.me\/p2JWE0-mnw","jetpack-related-posts":[{"id":59142,"url":"https:\/\/www.24baires.com\/?p=59142","url_meta":{"origin":86026,"position":0},"title":"En la previa de Nochebuena, vuelve la pol\u00e9mica por la pirotecnia","author":"Grupo Sierra","date":"24\/12\/2014","format":false,"excerpt":"Una organizaci\u00f3n ataca a la pirotecnia por c\u00f3mo afecta a las mascotas. Un gerente de ventas de fuegos de artificio les responde. Llega la Navidad y, con ella, se reaviva la discusi\u00f3n de cada a\u00f1o: \u00bfse deben tirar fuegos artificiales para celebrar o es mejor no usar esos productos que\u2026","rel":"","context":"En \u00abSociedad\u00bb","block_context":{"text":"Sociedad","link":"https:\/\/www.24baires.com\/?cat=1"},"img":{"alt_text":"fuegos-artificiales-de-colores","src":"https:\/\/i0.wp.com\/www.24baires.com\/wp-content\/uploads\/2014\/12\/fuegos-artificiales-de-colores.jpg?resize=350%2C200","width":350,"height":200,"srcset":"https:\/\/i0.wp.com\/www.24baires.com\/wp-content\/uploads\/2014\/12\/fuegos-artificiales-de-colores.jpg?resize=350%2C200 1x, https:\/\/i0.wp.com\/www.24baires.com\/wp-content\/uploads\/2014\/12\/fuegos-artificiales-de-colores.jpg?resize=525%2C300 1.5x"},"classes":[]},{"id":122295,"url":"https:\/\/www.24baires.com\/?p=122295","url_meta":{"origin":86026,"position":1},"title":"ATE denunci\u00f3 al Gobierno","author":"GB","date":"24\/05\/2025","format":false,"excerpt":"El sindicato present\u00f3 un recurso de amparo contra el decreto 340\/25 del Gobierno nacional, que redefine los servicios esenciales y limita el derecho a huelga en el sector p\u00fablico. Acusan al Ejecutivo de avanzar con una norma \u201cinconstitucional\u201d que vulnera derechos laborales b\u00e1sicos y exigen su suspensi\u00f3n inmediata. La Asociaci\u00f3n\u2026","rel":"","context":"En \u00abPol\u00edtica\u00bb","block_context":{"text":"Pol\u00edtica","link":"https:\/\/www.24baires.com\/?cat=51"},"img":{"alt_text":"","src":"https:\/\/i0.wp.com\/www.24baires.com\/wp-content\/uploads\/2025\/05\/ate.webp?resize=350%2C200","width":350,"height":200,"srcset":"https:\/\/i0.wp.com\/www.24baires.com\/wp-content\/uploads\/2025\/05\/ate.webp?resize=350%2C200 1x, https:\/\/i0.wp.com\/www.24baires.com\/wp-content\/uploads\/2025\/05\/ate.webp?resize=525%2C300 1.5x, https:\/\/i0.wp.com\/www.24baires.com\/wp-content\/uploads\/2025\/05\/ate.webp?resize=700%2C400 2x"},"classes":[]},{"id":23410,"url":"https:\/\/www.24baires.com\/?p=23410","url_meta":{"origin":86026,"position":2},"title":"Una ola polar invadir\u00e1 el pa\u00eds desde el martes","author":"AF","date":"13\/05\/2013","format":false,"excerpt":"El Servicio Meteorol\u00f3gico Nacional emiti\u00f3 un informe especial por irrupci\u00f3n de aire fr\u00edo en todo el territorio nacional. El fen\u00f3meno, que llegar\u00e1 con vientos del sur, provocar\u00e1 desde ma\u00f1ana un brusco descenso de la temperatura. Tambi\u00e9n pronostican heladas y nevadas en la Patagonia. Una masa de aire polar que se\u2026","rel":"","context":"En \u00abSociedad\u00bb","block_context":{"text":"Sociedad","link":"https:\/\/www.24baires.com\/?cat=1"},"img":{"alt_text":"ola fr\u00edo","src":"https:\/\/i0.wp.com\/www.24baires.com\/wp-content\/uploads\/2013\/05\/ola-fr%C3%ADo.jpg?resize=350%2C200","width":350,"height":200,"srcset":"https:\/\/i0.wp.com\/www.24baires.com\/wp-content\/uploads\/2013\/05\/ola-fr%C3%ADo.jpg?resize=350%2C200 1x, https:\/\/i0.wp.com\/www.24baires.com\/wp-content\/uploads\/2013\/05\/ola-fr%C3%ADo.jpg?resize=525%2C300 1.5x"},"classes":[]},{"id":90222,"url":"https:\/\/www.24baires.com\/?p=90222","url_meta":{"origin":86026,"position":3},"title":"A UN A\u00d1O: FALSAS PROMESAS Y LAMENTOS.","author":"GB","date":"24\/11\/2016","format":false,"excerpt":"Ha pasado un a\u00f1o. El 22 de noviembre del a\u00f1o pasado, el pueblo argentino en un re\u00f1ido ballotage dio por ganador a Mauricio Macri. Semanas m\u00e1s tarde fue su asunci\u00f3n. Estamos a poco de que cumplan un a\u00f1o de gobierno. Recordamos sus promesas, los dichos de campa\u00f1a y la imagen\u2026","rel":"","context":"En \u00abOpini\u00f3n\u00bb","block_context":{"text":"Opini\u00f3n","link":"https:\/\/www.24baires.com\/?cat=64"},"img":{"alt_text":"macri conferencia","src":"https:\/\/i0.wp.com\/www.24baires.com\/wp-content\/uploads\/2016\/05\/macri-conferencia.jpg?resize=350%2C200","width":350,"height":200,"srcset":"https:\/\/i0.wp.com\/www.24baires.com\/wp-content\/uploads\/2016\/05\/macri-conferencia.jpg?resize=350%2C200 1x, https:\/\/i0.wp.com\/www.24baires.com\/wp-content\/uploads\/2016\/05\/macri-conferencia.jpg?resize=525%2C300 1.5x"},"classes":[]},{"id":53921,"url":"https:\/\/www.24baires.com\/?p=53921","url_meta":{"origin":86026,"position":4},"title":"Recalde: la decisi\u00f3n de American Airlines \u00abes coherente con la acci\u00f3n de los buitre\u00bb","author":"AF","date":"19\/09\/2014","format":false,"excerpt":"El presidente de Aerol\u00edneas Argentinas reiter\u00f3 hoy que restringir la venta de pasajes \u201cno es razonable desde el punto de vista econ\u00f3mico o financiero\" y vinculo la medida a los fondos que liitigan contra la Argentina en Nueva York. \"Teniendo en cuenta otras actitudes de empresas norteamericanas y de la\u2026","rel":"","context":"En \u00abPol\u00edtica\u00bb","block_context":{"text":"Pol\u00edtica","link":"https:\/\/www.24baires.com\/?cat=51"},"img":{"alt_text":"recalde","src":"https:\/\/i0.wp.com\/www.24baires.com\/wp-content\/uploads\/2014\/05\/recalde.jpg?resize=350%2C200","width":350,"height":200,"srcset":"https:\/\/i0.wp.com\/www.24baires.com\/wp-content\/uploads\/2014\/05\/recalde.jpg?resize=350%2C200 1x, https:\/\/i0.wp.com\/www.24baires.com\/wp-content\/uploads\/2014\/05\/recalde.jpg?resize=525%2C300 1.5x"},"classes":[]},{"id":75522,"url":"https:\/\/www.24baires.com\/?p=75522","url_meta":{"origin":86026,"position":5},"title":"Facundo Moyano advirti\u00f3 que saldr\u00e1n \u00aba la calle\u00bb si se hace un ajuste","author":"AF","date":"24\/11\/2015","format":false,"excerpt":"El diputado nacional por el Frente Renovador, Facundo Moyano, asegur\u00f3 que el presidente electo, Mauricio Macri, no tiene \"demasiado margen para medidas bruscas que afecten a los sectores m\u00e1s vulnerables\", y advirti\u00f3 que si el nuevo Gobierno aplica un ajuste, el sindicalismo estar\u00e1 \"en la calle\". \"Soy oposici\u00f3n, voy a\u2026","rel":"","context":"En \u00abPol\u00edtica\u00bb","block_context":{"text":"Pol\u00edtica","link":"https:\/\/www.24baires.com\/?cat=51"},"img":{"alt_text":"facundo moyano","src":"https:\/\/i0.wp.com\/www.24baires.com\/wp-content\/uploads\/2014\/05\/facundo-moyano.jpg?resize=350%2C200","width":350,"height":200,"srcset":"https:\/\/i0.wp.com\/www.24baires.com\/wp-content\/uploads\/2014\/05\/facundo-moyano.jpg?resize=350%2C200 1x, https:\/\/i0.wp.com\/www.24baires.com\/wp-content\/uploads\/2014\/05\/facundo-moyano.jpg?resize=525%2C300 1.5x"},"classes":[]}],"jetpack_sharing_enabled":true,"jetpack_likes_enabled":true,"_links":{"self":[{"href":"https:\/\/www.24baires.com\/index.php?rest_route=\/wp\/v2\/posts\/86026","targetHints":{"allow":["GET"]}}],"collection":[{"href":"https:\/\/www.24baires.com\/index.php?rest_route=\/wp\/v2\/posts"}],"about":[{"href":"https:\/\/www.24baires.com\/index.php?rest_route=\/wp\/v2\/types\/post"}],"author":[{"embeddable":true,"href":"https:\/\/www.24baires.com\/index.php?rest_route=\/wp\/v2\/users\/11"}],"replies":[{"embeddable":true,"href":"https:\/\/www.24baires.com\/index.php?rest_route=%2Fwp%2Fv2%2Fcomments&post=86026"}],"version-history":[{"count":1,"href":"https:\/\/www.24baires.com\/index.php?rest_route=\/wp\/v2\/posts\/86026\/revisions"}],"predecessor-version":[{"id":86027,"href":"https:\/\/www.24baires.com\/index.php?rest_route=\/wp\/v2\/posts\/86026\/revisions\/86027"}],"wp:attachment":[{"href":"https:\/\/www.24baires.com\/index.php?rest_route=%2Fwp%2Fv2%2Fmedia&parent=86026"}],"wp:term":[{"taxonomy":"category","embeddable":true,"href":"https:\/\/www.24baires.com\/index.php?rest_route=%2Fwp%2Fv2%2Fcategories&post=86026"},{"taxonomy":"post_tag","embeddable":true,"href":"https:\/\/www.24baires.com\/index.php?rest_route=%2Fwp%2Fv2%2Ftags&post=86026"}],"curies":[{"name":"wp","href":"https:\/\/api.w.org\/{rel}","templated":true}]}}