{"id":8594,"date":"2012-12-10T14:48:36","date_gmt":"2012-12-10T17:48:36","guid":{"rendered":"http:\/\/www.24baires.com\/?p=8594"},"modified":"2012-12-10T14:48:36","modified_gmt":"2012-12-10T17:48:36","slug":"perez-esquivel-la-informacion-no-puede-estar-en-manos-de-las-corporaciones-yo-apoyo-la-ley-de-medios","status":"publish","type":"post","link":"https:\/\/www.24baires.com\/?p=8594","title":{"rendered":"P\u00e9rez Esquivel: \u00abLa informaci\u00f3n no puede estar en manos de las corporaciones, yo apoyo la Ley de Medios\u00bb"},"content":{"rendered":"<p><img data-recalc-dims=\"1\" loading=\"lazy\" decoding=\"async\" class=\"alignleft size-full wp-image-8598\" title=\"p\u00e9rez esquivel\" src=\"https:\/\/i0.wp.com\/www.24baires.com\/wp-content\/uploads\/2012\/12\/p%C3%A9rez-esquivel.jpg?resize=300%2C250\" alt=\"\" width=\"300\" height=\"250\" \/>En el d\u00eda de los DDHH y al conmemorar un nuevo a\u00f1o de democracia, el premio Nobel de la Paz, Adolfo P\u00e9rez Esquivel, sostuvo que \u201csi hay jueces que no han actuado correctamente tienen que ser llevados al Consejo de la Magistratura, pero tambi\u00e9n hay que saber que los tiempos de la justicia no son los tiempos pol\u00edticos y no se puede presionar al poder judicial\u201d.<!--more--><\/p>\n<p>En tanto, asegur\u00f3 que \u201chay pa\u00edses que no cumplen y contin\u00faan sin respetar los derechos humanos. Podr\u00edamos hablar de las grandes potencias que someten a los pueblos a la tortura o a la destrucci\u00f3n de la naturaleza. Los derechos humanos hay que comprenderlos desde la integridad\u201d.<\/p>\n<p>\u201cCuando se quita la tierra a los pueblos originarios, cuando hay hambre en ni\u00f1os, cuando los agrot\u00f3xicos perjudican la tierra\u201d, agreg\u00f3.<\/p>\n<p>Adem\u00e1s, expres\u00f3 que \u201clos gobiernos provinciales persiguen, reprimen a los movimientos sociales como el caso de Angal\u00e1 o las comunidades Quom en Formosa. En esto hay una responsabilidad del Gobierno Nacional como de los gobiernos provinciales\u201d.<\/p>\n<p>En referencia a la Ley de Medios, P\u00e9rez Esquivel manifest\u00f3 que \u201cme parece bien superar los monopolios informativos. La informaci\u00f3n no puede estar en manos de las corporaciones. Yo he apoyado abiertamente la ley de medios\u201d.<\/p>\n<p>Por \u00faltimo, hizo menci\u00f3n al caso de J.J. L\u00f3pez, y subray\u00f3 que \u201cla Bonaerense ha desviado todas las pistas. No sabemos bien por d\u00f3nde van las investigaciones. Eso est\u00e1 oculto en un manto de silencio\u201d.<\/p>\n","protected":false},"excerpt":{"rendered":"<p>En el d\u00eda de los DDHH y al conmemorar un nuevo a\u00f1o de democracia, el premio Nobel de la Paz, Adolfo P\u00e9rez Esquivel, sostuvo que \u201csi hay jueces que no han actuado correctamente tienen que ser llevados al Consejo de la Magistratura, pero tambi\u00e9n hay que saber que los tiempos de la justicia no son los tiempos pol\u00edticos y no [&#8230;]<\/p>\n","protected":false},"author":4,"featured_media":0,"comment_status":"open","ping_status":"open","sticky":false,"template":"","format":"standard","meta":{"_jetpack_newsletter_access":"","_jetpack_dont_email_post_to_subs":false,"_jetpack_newsletter_tier_id":0,"_jetpack_memberships_contains_paywalled_content":false,"_jetpack_memberships_contains_paid_content":false,"footnotes":""},"categories":[1],"tags":[],"class_list":["post-8594","post","type-post","status-publish","format-standard","hentry","category-sociedad"],"jetpack_featured_media_url":"","jetpack_shortlink":"https:\/\/wp.me\/p2JWE0-2eC","jetpack-related-posts":[{"id":105164,"url":"https:\/\/www.24baires.com\/?p=105164","url_meta":{"origin":8594,"position":0},"title":"P\u00e9rez Esquivel: \u00abEst\u00e1n haciendo todo lo posible para que Cristina siga el camino de Lula\u00bb","author":"AF","date":"29\/10\/2018","format":false,"excerpt":"El premio nobel de la paz argentino expres\u00f3 que \"tenemos un estado de suspensi\u00f3n de consciencia: Lula, Cristina y Correa fueron juzgados y condenados medi\u00e1ticamente primero\". El premio nobel de la paz argentino, Adolfo P\u00e9rez Esquivel, se refiri\u00f3 al triunfo del ultra autoritario militar Jair Bolsonaro en las elecciones en\u2026","rel":"","context":"En \u00abPol\u00edtica\u00bb","block_context":{"text":"Pol\u00edtica","link":"https:\/\/www.24baires.com\/?cat=51"},"img":{"alt_text":"","src":"https:\/\/i0.wp.com\/www.24baires.com\/wp-content\/uploads\/2018\/10\/p%C3%A9rez-esquivel.jpg?resize=350%2C200","width":350,"height":200,"srcset":"https:\/\/i0.wp.com\/www.24baires.com\/wp-content\/uploads\/2018\/10\/p%C3%A9rez-esquivel.jpg?resize=350%2C200 1x, https:\/\/i0.wp.com\/www.24baires.com\/wp-content\/uploads\/2018\/10\/p%C3%A9rez-esquivel.jpg?resize=525%2C300 1.5x"},"classes":[]},{"id":58716,"url":"https:\/\/www.24baires.com\/?p=58716","url_meta":{"origin":8594,"position":1},"title":"P\u00e9rez Esquivel dijo que \u00abno se pueden relacionar los DD.HH con un curro\u00bb","author":"GB","date":"16\/12\/2014","format":false,"excerpt":"El premio Nobel de la Paz, Adolfo P\u00e9rez Esquivel, consider\u00f3 hoy que \"los derechos humanos nunca se pueden relacionar con un curro\" en respuesta a las pol\u00e9micas declaraciones del jefe de Gobierno porte\u00f1o, Mauricio Macri. \"Los derechos humanos nunca se pueden relacionar con un curro\" dijo P\u00e9rez Esquivel aunque admiti\u00f3\u2026","rel":"","context":"En \u00abSociedad\u00bb","block_context":{"text":"Sociedad","link":"https:\/\/www.24baires.com\/?cat=1"},"img":{"alt_text":"p\u00e9rez esquivel","src":"https:\/\/i0.wp.com\/www.24baires.com\/wp-content\/uploads\/2012\/12\/p%C3%A9rez-esquivel.jpg?resize=350%2C200","width":350,"height":200},"classes":[]},{"id":79668,"url":"https:\/\/www.24baires.com\/?p=79668","url_meta":{"origin":8594,"position":2},"title":"P\u00e9rez Esquivel le escribi\u00f3 una carta a Obama en relaci\u00f3n a su visita el pr\u00f3ximo 24 de marzo","author":"GB","date":"03\/03\/2016","format":false,"excerpt":"El N\u00f3bel de la Paz Adolfo P\u00e9rez Esquivel le envi\u00f3 una carta al presidente estadounidense Barack Obama haciendole pedidos para su visita el 24 de marzo. Le dijo que \"ser\u00e1 bien recibido\" cuando reconozca que Estados Unidos \"fue c\u00f3mplice de los golpes de Estado del pasado y del presente en\u2026","rel":"","context":"En \u00abPol\u00edtica\u00bb","block_context":{"text":"Pol\u00edtica","link":"https:\/\/www.24baires.com\/?cat=51"},"img":{"alt_text":"p\u00e9rez esquivel","src":"https:\/\/i0.wp.com\/www.24baires.com\/wp-content\/uploads\/2012\/12\/p%C3%A9rez-esquivel.jpg?resize=350%2C200","width":350,"height":200},"classes":[]},{"id":107231,"url":"https:\/\/www.24baires.com\/?p=107231","url_meta":{"origin":8594,"position":3},"title":"\u201cEl juez Padilla est\u00e1 a la intemperie, hay que resguardar su seguridad\u201d","author":"GB","date":"15\/03\/2019","format":false,"excerpt":"El Premio Nobel de la Paz argentino se mostr\u00f3 preocupado por la seguridad del juez que encabeza la causa en la que se demostr\u00f3 una red de espionaje paraestatal entre agentes de seguridad, fiscales y otros actores. \u201cEsto pone en peligro la estabilidad democr\u00e1tica\u201d, consider\u00f3 P\u00e9rez Esquivel. El informe que\u2026","rel":"","context":"En \u00abPol\u00edtica\u00bb","block_context":{"text":"Pol\u00edtica","link":"https:\/\/www.24baires.com\/?cat=51"},"img":{"alt_text":"","src":"https:\/\/i0.wp.com\/www.24baires.com\/wp-content\/uploads\/2018\/10\/p%C3%A9rez-esquivel.jpg?resize=350%2C200","width":350,"height":200,"srcset":"https:\/\/i0.wp.com\/www.24baires.com\/wp-content\/uploads\/2018\/10\/p%C3%A9rez-esquivel.jpg?resize=350%2C200 1x, https:\/\/i0.wp.com\/www.24baires.com\/wp-content\/uploads\/2018\/10\/p%C3%A9rez-esquivel.jpg?resize=525%2C300 1.5x"},"classes":[]},{"id":96981,"url":"https:\/\/www.24baires.com\/?p=96981","url_meta":{"origin":8594,"position":4},"title":"P\u00e9rez Esquivel sobre Santiago Maldonado: \u00abEst\u00e1 en peligro la democracia de nuestro pa\u00eds\u00bb","author":"GB","date":"26\/08\/2017","format":false,"excerpt":"El Premio N\u00f3bel de la Paz se\u00f1al\u00f3 que el Gobierno argentino \"quiere ocultar todo\" y que esta desaparici\u00f3n es un \"s\u00edntoma muy peligroso para la salud del pueblo\". El premio N\u00f3bel de la Paz, Adolfo P\u00e9rez Esquivel, dialog\u00f3 con Pol\u00edtica Argentina Radio sobre la desaparici\u00f3n de Santiago Maldonado y asegur\u00f3\u2026","rel":"","context":"En \u00abSociedad\u00bb","block_context":{"text":"Sociedad","link":"https:\/\/www.24baires.com\/?cat=1"},"img":{"alt_text":"","src":"https:\/\/i0.wp.com\/www.24baires.com\/wp-content\/uploads\/2012\/12\/p%C3%A9rez-esquivel.jpg?resize=350%2C200","width":350,"height":200},"classes":[]},{"id":90807,"url":"https:\/\/www.24baires.com\/?p=90807","url_meta":{"origin":8594,"position":5},"title":"P\u00e9rez Esquivel le pidi\u00f3 a Macri por la libertad de Milagro Sala","author":"GB","date":"15\/12\/2016","format":false,"excerpt":"El titular de la Comisi\u00f3n Provincial por la Memoria le envi\u00f3 una carta al Presidente para reclamarle que cumpla los pactos internacionales y las leyes nacionales \"vulneradas por el gobierno juje\u00f1o\". El titular de la Comisi\u00f3n Provincial por la Memoria (CPM), Adolfo P\u00e9rez Esquivel, pidi\u00f3 a trav\u00e9s de una carta\u2026","rel":"","context":"En \u00abSociedad\u00bb","block_context":{"text":"Sociedad","link":"https:\/\/www.24baires.com\/?cat=1"},"img":{"alt_text":"","src":"https:\/\/i0.wp.com\/www.24baires.com\/wp-content\/uploads\/2016\/06\/milagro-sala.jpg?resize=350%2C200","width":350,"height":200,"srcset":"https:\/\/i0.wp.com\/www.24baires.com\/wp-content\/uploads\/2016\/06\/milagro-sala.jpg?resize=350%2C200 1x, https:\/\/i0.wp.com\/www.24baires.com\/wp-content\/uploads\/2016\/06\/milagro-sala.jpg?resize=525%2C300 1.5x"},"classes":[]}],"jetpack_sharing_enabled":true,"jetpack_likes_enabled":true,"_links":{"self":[{"href":"https:\/\/www.24baires.com\/index.php?rest_route=\/wp\/v2\/posts\/8594","targetHints":{"allow":["GET"]}}],"collection":[{"href":"https:\/\/www.24baires.com\/index.php?rest_route=\/wp\/v2\/posts"}],"about":[{"href":"https:\/\/www.24baires.com\/index.php?rest_route=\/wp\/v2\/types\/post"}],"author":[{"embeddable":true,"href":"https:\/\/www.24baires.com\/index.php?rest_route=\/wp\/v2\/users\/4"}],"replies":[{"embeddable":true,"href":"https:\/\/www.24baires.com\/index.php?rest_route=%2Fwp%2Fv2%2Fcomments&post=8594"}],"version-history":[{"count":2,"href":"https:\/\/www.24baires.com\/index.php?rest_route=\/wp\/v2\/posts\/8594\/revisions"}],"predecessor-version":[{"id":8600,"href":"https:\/\/www.24baires.com\/index.php?rest_route=\/wp\/v2\/posts\/8594\/revisions\/8600"}],"wp:attachment":[{"href":"https:\/\/www.24baires.com\/index.php?rest_route=%2Fwp%2Fv2%2Fmedia&parent=8594"}],"wp:term":[{"taxonomy":"category","embeddable":true,"href":"https:\/\/www.24baires.com\/index.php?rest_route=%2Fwp%2Fv2%2Fcategories&post=8594"},{"taxonomy":"post_tag","embeddable":true,"href":"https:\/\/www.24baires.com\/index.php?rest_route=%2Fwp%2Fv2%2Ftags&post=8594"}],"curies":[{"name":"wp","href":"https:\/\/api.w.org\/{rel}","templated":true}]}}