{"id":8572,"date":"2012-12-10T14:27:32","date_gmt":"2012-12-10T17:27:32","guid":{"rendered":"http:\/\/www.24baires.com\/?p=8572"},"modified":"2012-12-11T10:53:31","modified_gmt":"2012-12-11T13:53:31","slug":"docentes-reiteran-que-no-comenzaran-las-clases-tras-la-reunion-con-scioli","status":"publish","type":"post","link":"https:\/\/www.24baires.com\/?p=8572","title":{"rendered":"Docentes reiteran que \u00abno comenzar\u00e1n las clases\u201d tras la reuni\u00f3n con Scioli"},"content":{"rendered":"<p><img data-recalc-dims=\"1\" loading=\"lazy\" decoding=\"async\" class=\"aligncenter size-full wp-image-8577\" title=\"baradel declaraciones\" src=\"https:\/\/i0.wp.com\/www.24baires.com\/wp-content\/uploads\/2012\/12\/baradel-declaraciones.jpg?resize=560%2C420\" alt=\"\" width=\"560\" height=\"420\" srcset=\"https:\/\/i0.wp.com\/www.24baires.com\/wp-content\/uploads\/2012\/12\/baradel-declaraciones.jpg?w=560&amp;ssl=1 560w, https:\/\/i0.wp.com\/www.24baires.com\/wp-content\/uploads\/2012\/12\/baradel-declaraciones.jpg?resize=300%2C225&amp;ssl=1 300w\" sizes=\"auto, (max-width: 560px) 100vw, 560px\" \/><\/p>\n<p><strong>LA PLATA &#8211;<\/strong> Lo advirtieron al finalizar el encuentro entre el gobierno bonaerense y el Frente Gremial. Se produjo un cuarto intermedio hasta el mi\u00e9rcoles \u201csolicitado por el gobernador\u201d, donde \u201cesperamos tener una respuesta\u201d, asegur\u00f3 Petrocini de la FEB. Por su parte, Roberto Baradel de SUTEBAdjo que \u201clos docentes no pueden esperar m\u00e1s tiempo\u201d. Ma\u00f1ana movilizan a la Casa de la Provincia, en Capital Federal.<!--more--><\/p>\n<p>La presidenta la Federaci\u00f3n de Educadores Bonaerenses (FEB), Mirta Petrocini asegur\u00f3 hoy al finalizar el encuentro que mantuvo el Frente Gremial Docente con el gobernador Daniel Scioli y parte de su gabinete que \u201cestamos en una cuenta regresiva con un grave perjuicio para todos los docentes que cobran irregularmente, parcialmente y, sobre todo, con descuentos. Se llamo a un cuarto intermedio para el d\u00eda mi\u00e9rcoles. All\u00ed esperamos que esta respuesta sea favorable para dar una soluci\u00f3n a todos los reclamos que venimos sosteniendo\u201d.<\/p>\n<p>\u201cEsto tambi\u00e9n, de cara a futuro a las pr\u00f3ximas negociaciones tiene que ser una clara definici\u00f3n de una decisi\u00f3n pol\u00edtica de descomprimir este alto nivel de conflictividad que no lo hemos llevado los docentes precisamente. Sino que queda de parte del gobierno de la provincia definir en ese sentido\u201d, ampli\u00f3 la dirigente gremial.<\/p>\n<p>Consultada sobre la posibilidad de que el gobierno provincial reintegre la plata descontada a los docentes que se adhirieron al paro, como aquellos que no lo hicieron. Petrocini explic\u00f3 que \u201cnos lo van a comunicar el mi\u00e9rcoles, luego de lo que adujo el Gobernador (Scioli) de realizar distintas consultas\u201d.<\/p>\n<p>Ante la requisitoria sobre como piensa el gobierno solucionar el problema causado a los docentes con licencia por maternidad y enfermedad que tambi\u00e9n sufrieron descuentos, la gremialista ampli\u00f3: \u201cse va a conformar una mesa de trabajo, donde se van a ir planteando los muchos casos para ir corrigi\u00e9ndolos\u201d.<\/p>\n<p>\u201cNosotros necesitamos respuestas y soluciones ya. Ma\u00f1ana hacemos una movilizaci\u00f3n a la Casa de la provincia de Buenos Aires y, en este sentido, vamos a seguir sino se resuelve a favor de los docentes. No iniciamos las clases en el 2013\u201d, finaliz\u00f3.<\/p>\n<p>En tanto, el titular del Sindicato \u00danificado de Trabajadores de la Educaci\u00f3n de la provincia de Buenos Aires (SUTEBA) Roberto Baradel, advirti\u00f3 que \u201cesperemos que la intervenci\u00f3n del Gobernador en el d\u00eda de hoy tenga un resultado positivo el d\u00eda mi\u00e9rcoles o jueves, sino se profundiza el conflicto en la provincia de Buenos Aires y el a\u00f1o que viene no comienzan las clases\u201d, concluy\u00f3.<\/p>\n","protected":false},"excerpt":{"rendered":"<p>LA PLATA &#8211; Lo advirtieron al finalizar el encuentro entre el gobierno bonaerense y el Frente Gremial. Se produjo un cuarto intermedio hasta el mi\u00e9rcoles \u201csolicitado por el gobernador\u201d, donde \u201cesperamos tener una respuesta\u201d, asegur\u00f3 Petrocini de la FEB. Por su parte, Roberto Baradel de SUTEBAdjo que \u201clos docentes no pueden esperar m\u00e1s tiempo\u201d. Ma\u00f1ana movilizan a la Casa de [&#8230;]<\/p>\n","protected":false},"author":11,"featured_media":0,"comment_status":"open","ping_status":"open","sticky":false,"template":"","format":"standard","meta":{"_jetpack_newsletter_access":"","_jetpack_dont_email_post_to_subs":false,"_jetpack_newsletter_tier_id":0,"_jetpack_memberships_contains_paywalled_content":false,"_jetpack_memberships_contains_paid_content":false,"footnotes":""},"categories":[40],"tags":[],"class_list":["post-8572","post","type-post","status-publish","format-standard","hentry","category-provincia"],"jetpack_featured_media_url":"","jetpack_shortlink":"https:\/\/wp.me\/p2JWE0-2eg","jetpack-related-posts":[{"id":24179,"url":"https:\/\/www.24baires.com\/?p=24179","url_meta":{"origin":8572,"position":0},"title":"Fracas\u00f3 reuni\u00f3n entre Frente Gremial y gobierno: docentes van al paro. Udocba se retir\u00f3 del encuentro.","author":"Grupo Sierra","date":"23\/05\/2013","format":false,"excerpt":"As\u00ed lo aseguraron los titulares de Suteba y la Feb, Roberto Baradel y Mirta Petrocini respectivamente al finalizar el encuentro que mantuvieron hace instantes con representantes del gobierno provincial. Pese al cuarto intermedio convocado el martes pasado, no hubo mejora en la propuesta y los trabajadores de la educaci\u00f3n se\u2026","rel":"","context":"En \u00abProvincia\u00bb","block_context":{"text":"Provincia","link":"https:\/\/www.24baires.com\/?cat=40"},"img":{"alt_text":"baradel declaraciones","src":"https:\/\/i0.wp.com\/www.24baires.com\/wp-content\/uploads\/2012\/12\/baradel-declaraciones.jpg?resize=350%2C200","width":350,"height":200,"srcset":"https:\/\/i0.wp.com\/www.24baires.com\/wp-content\/uploads\/2012\/12\/baradel-declaraciones.jpg?resize=350%2C200 1x, https:\/\/i0.wp.com\/www.24baires.com\/wp-content\/uploads\/2012\/12\/baradel-declaraciones.jpg?resize=525%2C300 1.5x"},"classes":[]},{"id":24089,"url":"https:\/\/www.24baires.com\/?p=24089","url_meta":{"origin":8572,"position":1},"title":"No hubo acuerdo con los docentes, cuarto intermedio y el paro est\u00e1 m\u00e1s cerca","author":"Grupo Sierra","date":"21\/05\/2013","format":false,"excerpt":"La reuni\u00f3n entre el Gobierno bonaerense y el Frente Gremial Docente, pas\u00f3 a un cuarto intermedio hasta el pr\u00f3ximo jueves. Presentaron una mejora en material did\u00e1ctico de 400 pesos a pagar en cuatro cuotas. El Frente Gremial Docente bonaerense rechaz\u00f3 esta noche una nueva oferta salarial del gobierno de Daniel\u2026","rel":"","context":"En \u00abProvincia\u00bb","block_context":{"text":"Provincia","link":"https:\/\/www.24baires.com\/?cat=40"},"img":{"alt_text":"","src":"","width":0,"height":0},"classes":[]},{"id":25010,"url":"https:\/\/www.24baires.com\/?p=25010","url_meta":{"origin":8572,"position":2},"title":"Docentes y gobierno avanzan en las negociaciones, pero a\u00fan no hay acuerdo","author":"Grupo Sierra","date":"03\/06\/2013","format":false,"excerpt":"Se llam\u00f3 a un cuarto intermedio hasta ma\u00f1ana, en el que habr\u00e1 novedades. Los docentes ponderaron que \u201cse comienza a negociar\u201d, aunque aclararon que \u201cla discusi\u00f3n no est\u00e1 cerrada\u201d. Luego de varias horas de reuni\u00f3n entre el Frente Gremial Docente y el gobierno bonaerense, los titulares de la FEB y\u2026","rel":"","context":"En \u00abProvincia\u00bb","block_context":{"text":"Provincia","link":"https:\/\/www.24baires.com\/?cat=40"},"img":{"alt_text":"baradel conferencia","src":"https:\/\/i0.wp.com\/www.24baires.com\/wp-content\/uploads\/2013\/06\/baradel-conferencia.jpg?resize=350%2C200","width":350,"height":200,"srcset":"https:\/\/i0.wp.com\/www.24baires.com\/wp-content\/uploads\/2013\/06\/baradel-conferencia.jpg?resize=350%2C200 1x, https:\/\/i0.wp.com\/www.24baires.com\/wp-content\/uploads\/2013\/06\/baradel-conferencia.jpg?resize=525%2C300 1.5x"},"classes":[]},{"id":102197,"url":"https:\/\/www.24baires.com\/?p=102197","url_meta":{"origin":8572,"position":3},"title":"Docentes afirmaron que el adelanto de Vidal es \u00abun parche\u00bb","author":"GB","date":"17\/05\/2018","format":false,"excerpt":"La titular de la FEB, Mirta Petrocini, cuestion\u00f3 el techo del 15 por ciento en la paritaria docente y record\u00f3 que \"hace casi un mes\" que la Gobernadora no convoca a los gremios. Los gremios del Frente de Unidad Docente rechazaron el adelanto que otorg\u00f3 Mar\u00eda Eugenia Vidal a cuenta\u2026","rel":"","context":"En \u00abProvincia\u00bb","block_context":{"text":"Provincia","link":"https:\/\/www.24baires.com\/?cat=40"},"img":{"alt_text":"","src":"https:\/\/i0.wp.com\/www.24baires.com\/wp-content\/uploads\/2017\/12\/docentes-300x200.jpeg?resize=350%2C200","width":350,"height":200},"classes":[]},{"id":8261,"url":"https:\/\/www.24baires.com\/?p=8261","url_meta":{"origin":8572,"position":4},"title":"Mirta Petrocini: \u201cSi el lunes no hay una soluci\u00f3n, el ciclo lectivo 2013 no comienza\u201d","author":"Grupo Sierra","date":"07\/12\/2012","format":false,"excerpt":"LA PLATA - As\u00ed lo asegur\u00f3 la titular de la Federaci\u00f3n de Educadores Bonaerenses (FEB), luego de que el gobernador Scioli convoque a los gremios docentes a una reuni\u00f3n para el pr\u00f3ximo lunes. Calific\u00f3 los descuentos de \u201caberrantes\u201d y que la intenci\u00f3n es, de todos modos, reabrir el di\u00e1logo con\u2026","rel":"","context":"En \u00abProvincia\u00bb","block_context":{"text":"Provincia","link":"https:\/\/www.24baires.com\/?cat=40"},"img":{"alt_text":"","src":"https:\/\/i0.wp.com\/www.24baires.com\/wp-content\/uploads\/2012\/12\/Petrocini-FEB-300x162.jpg?resize=350%2C200","width":350,"height":200},"classes":[]},{"id":25088,"url":"https:\/\/www.24baires.com\/?p=25088","url_meta":{"origin":8572,"position":5},"title":"M\u00e1s cerca del acuerdo: Scioli mejor\u00f3 la oferta a los docentes y responden el viernes","author":"Grupo Sierra","date":"04\/06\/2013","format":false,"excerpt":"Tras varias horas de reuni\u00f3n el gobierno elev\u00f3 de 22,6% a 24,5% el aumento. Los sindicatos responder\u00e1n el viernes si la aceptan. El titular de Suteba, Roberto Baradel explic\u00f3, al t\u00e9rmino del encuentro que el Frente Gremial Docente mantuvo con las autoridades provinciales, que \"no habr\u00e1 descuento por los d\u00edas\u2026","rel":"","context":"En \u00abProvincia\u00bb","block_context":{"text":"Provincia","link":"https:\/\/www.24baires.com\/?cat=40"},"img":{"alt_text":"docentes ultima","src":"https:\/\/i0.wp.com\/www.24baires.com\/wp-content\/uploads\/2013\/06\/docentes-ultima.jpg?resize=350%2C200","width":350,"height":200},"classes":[]}],"jetpack_sharing_enabled":true,"jetpack_likes_enabled":true,"_links":{"self":[{"href":"https:\/\/www.24baires.com\/index.php?rest_route=\/wp\/v2\/posts\/8572","targetHints":{"allow":["GET"]}}],"collection":[{"href":"https:\/\/www.24baires.com\/index.php?rest_route=\/wp\/v2\/posts"}],"about":[{"href":"https:\/\/www.24baires.com\/index.php?rest_route=\/wp\/v2\/types\/post"}],"author":[{"embeddable":true,"href":"https:\/\/www.24baires.com\/index.php?rest_route=\/wp\/v2\/users\/11"}],"replies":[{"embeddable":true,"href":"https:\/\/www.24baires.com\/index.php?rest_route=%2Fwp%2Fv2%2Fcomments&post=8572"}],"version-history":[{"count":3,"href":"https:\/\/www.24baires.com\/index.php?rest_route=\/wp\/v2\/posts\/8572\/revisions"}],"predecessor-version":[{"id":8583,"href":"https:\/\/www.24baires.com\/index.php?rest_route=\/wp\/v2\/posts\/8572\/revisions\/8583"}],"wp:attachment":[{"href":"https:\/\/www.24baires.com\/index.php?rest_route=%2Fwp%2Fv2%2Fmedia&parent=8572"}],"wp:term":[{"taxonomy":"category","embeddable":true,"href":"https:\/\/www.24baires.com\/index.php?rest_route=%2Fwp%2Fv2%2Fcategories&post=8572"},{"taxonomy":"post_tag","embeddable":true,"href":"https:\/\/www.24baires.com\/index.php?rest_route=%2Fwp%2Fv2%2Ftags&post=8572"}],"curies":[{"name":"wp","href":"https:\/\/api.w.org\/{rel}","templated":true}]}}