{"id":8558,"date":"2012-12-10T11:26:48","date_gmt":"2012-12-10T14:26:48","guid":{"rendered":"http:\/\/www.24baires.com\/?p=8558"},"modified":"2012-12-10T11:26:48","modified_gmt":"2012-12-10T14:26:48","slug":"la-madre-del-bebe-que-fue-dado-por-muerto-al-nacer-quiere-que-sea-atendido-en-el-garraham","status":"publish","type":"post","link":"https:\/\/www.24baires.com\/?p=8558","title":{"rendered":"La madre del beb\u00e9 que fue dado por muerto al nacer quiere que sea atendido en el Garraham"},"content":{"rendered":"<p><img data-recalc-dims=\"1\" loading=\"lazy\" decoding=\"async\" class=\"alignleft size-medium wp-image-8559\" title=\"mam\u00e1 santino\" src=\"https:\/\/i0.wp.com\/www.24baires.com\/wp-content\/uploads\/2012\/12\/mam%C3%A1-santino.jpg?resize=300%2C128\" alt=\"\" width=\"300\" height=\"128\" srcset=\"https:\/\/i0.wp.com\/www.24baires.com\/wp-content\/uploads\/2012\/12\/mam%C3%A1-santino.jpg?resize=300%2C128&amp;ssl=1 300w, https:\/\/i0.wp.com\/www.24baires.com\/wp-content\/uploads\/2012\/12\/mam%C3%A1-santino.jpg?w=560&amp;ssl=1 560w\" sizes=\"auto, (max-width: 300px) 100vw, 300px\" \/>Santino Franco, el beb\u00e9 que hace tres semanas naci\u00f3 prematuro y fue inicialmente dado por muerto, contin\u00faa en estado cr\u00edtico en un hospital de <strong>Pilar<\/strong>, y su mam\u00e1, Gisele, quiere que sea trasladado al hospital nacional de pediatr\u00eda Garraham, en la Capital Federal.<!--more--><\/p>\n<p>\u00abQuiero llevarlo a un lugar que est\u00e9 bien equipado, donde se puedan ocupar bien de \u00e9l\u00bb, dijo este domingo Gisele. La mujer explic\u00f3 que el beb\u00e9 est\u00e1 afectado por una bacteria en su sangre \u00abque le come las plaquetas y los gl\u00f3bulos rojos, y la sangre no le llega bien al cerebro\u00bb, dijo.<\/p>\n<p>Gisele admiti\u00f3 que los m\u00e9dicos del hospital de Pilar donde lo atienden desaconsejan cualquier traslado. \u00abDicen que hay que esperar al menos 48 horas, que no se puede trasladar\u00bb, relat\u00f3.<\/p>\n<p>Sin embargo, ella insiste en que Santino sea atendido en el principal hospital pedi\u00e1trico del pa\u00eds, que adem\u00e1s es p\u00fablico. El ni\u00f1o est\u00e1 internado en el hospital materno-infantil \u00abC\u00e9sar Meisner\u00bb, de la localidad bonaerense de Derqui, en ese partido del conurbano norte.<\/p>\n<p>Santino hab\u00eda sido dado por muerto al nacer en el hospital \u00abJuan Sanguinetti\u00bb, tambi\u00e9n de Pilar, pero sobrevivi\u00f3 gracias a que la abuela se dio cuenta de que presentaba signos vitales y alert\u00f3 a la pediatra de guardia.<\/p>\n<p>La mujer tuvo a su hijo con una ginec\u00f3loga de apellido Villegas, quien le dijo que hab\u00eda nacido muerto. Las autoridades del hospital iniciaron un sumario contra la m\u00e9dica por no haber seguido el protocolo dispuesto para los beb\u00e9s prematuros.<\/p>\n","protected":false},"excerpt":{"rendered":"<p>Santino Franco, el beb\u00e9 que hace tres semanas naci\u00f3 prematuro y fue inicialmente dado por muerto, contin\u00faa en estado cr\u00edtico en un hospital de Pilar, y su mam\u00e1, Gisele, quiere que sea trasladado al hospital nacional de pediatr\u00eda Garraham, en la Capital Federal.<\/p>\n","protected":false},"author":4,"featured_media":0,"comment_status":"open","ping_status":"open","sticky":false,"template":"","format":"standard","meta":{"_jetpack_newsletter_access":"","_jetpack_dont_email_post_to_subs":false,"_jetpack_newsletter_tier_id":0,"_jetpack_memberships_contains_paywalled_content":false,"_jetpack_memberships_contains_paid_content":false,"footnotes":""},"categories":[1],"tags":[],"class_list":["post-8558","post","type-post","status-publish","format-standard","hentry","category-sociedad"],"jetpack_featured_media_url":"","jetpack_shortlink":"https:\/\/wp.me\/p2JWE0-2e2","jetpack-related-posts":[{"id":7213,"url":"https:\/\/www.24baires.com\/?p=7213","url_meta":{"origin":8558,"position":0},"title":"Calificaron de \u00abinadmisible y repudiable\u00bb haber dado por muerto a un beb\u00e9 en Pilar","author":"AF","date":"29\/11\/2012","format":false,"excerpt":"El director del hospital \"Juan Sanguinetti\", del partido de Pilar, Gustavo Niotti, consider\u00f3 \"inadmisible\" y \"repudiable\" que se haya dado por muerto a un beb\u00e9 prematuro que naci\u00f3 en ese centro de salud. \"Es un hecho inadmisible y repudiable\", manifest\u00f3 este jueves Niotti, al tiempo que indic\u00f3 que el beb\u00e9\u2026","rel":"","context":"En \u00abSociedad\u00bb","block_context":{"text":"Sociedad","link":"https:\/\/www.24baires.com\/?cat=1"},"img":{"alt_text":"","src":"","width":0,"height":0},"classes":[]},{"id":50209,"url":"https:\/\/www.24baires.com\/?p=50209","url_meta":{"origin":8558,"position":1},"title":"\u00abMi hijo es una bestia\u00bb, dijo el padre del hombre acusado de meter a una beba al lavarropas","author":"GB","date":"19\/07\/2014","format":false,"excerpt":"QUILMES-Omar expres\u00f3 su dolor por lo ocurrido. \"Yo soy un simple trabajador que me mato desde siempre y eso le quise ense\u00f1ar a mi hijo, pero \u00e9l es distinto\", se lament\u00f3. El padre del hombre que meti\u00f3 a su hija de 14 meses en un lavarropas en medio de una\u2026","rel":"","context":"En \u00abSociedad\u00bb","block_context":{"text":"Sociedad","link":"https:\/\/www.24baires.com\/?cat=1"},"img":{"alt_text":"acusado quilmes","src":"https:\/\/i0.wp.com\/www.24baires.com\/wp-content\/uploads\/2014\/07\/acusado-quilmes.jpg?resize=350%2C200","width":350,"height":200,"srcset":"https:\/\/i0.wp.com\/www.24baires.com\/wp-content\/uploads\/2014\/07\/acusado-quilmes.jpg?resize=350%2C200 1x, https:\/\/i0.wp.com\/www.24baires.com\/wp-content\/uploads\/2014\/07\/acusado-quilmes.jpg?resize=525%2C300 1.5x"},"classes":[]},{"id":10255,"url":"https:\/\/www.24baires.com\/?p=10255","url_meta":{"origin":8558,"position":2},"title":"En Argentina, te enter\u00e1s antes si manej\u00e1s redes sociales","author":"AF","date":"23\/12\/2012","format":false,"excerpt":"El auge de las redes sociales como caja de resonancia de los sucesos que conmueven a los argentinos se hace notar desde 2010 y hoy se intensifica con los \"smartphones\" o tel\u00e9fonos inteligentes. El auge de las redes sociales en la Argentina, notorio ya desde 2010 con los comicios que\u2026","rel":"","context":"En \u00abSociedad\u00bb","block_context":{"text":"Sociedad","link":"https:\/\/www.24baires.com\/?cat=1"},"img":{"alt_text":"twitter","src":"https:\/\/i0.wp.com\/www.24baires.com\/wp-content\/uploads\/2012\/12\/twitter-300x200.jpg?resize=350%2C200","width":350,"height":200},"classes":[]},{"id":82579,"url":"https:\/\/www.24baires.com\/?p=82579","url_meta":{"origin":8558,"position":3},"title":"Nueva convocatoria de #NiUnaMenos contra los femicidios","author":"GB","date":"11\/05\/2016","format":false,"excerpt":"Tras confirmarse el asesinato de la joven Gisela L\u00f3pez, en Entre R\u00edos, se reactiv\u00f3 el reclamo por las redes sociales. Bajo el hashtag #VolvemosAGritar, se reactiv\u00f3 el reclamo en las redes sociales contra la violencia de g\u00e9nero y los femicidios en el pa\u00eds. Tras confirmarse el asesinato de la joven\u2026","rel":"","context":"En \u00abSociedad\u00bb","block_context":{"text":"Sociedad","link":"https:\/\/www.24baires.com\/?cat=1"},"img":{"alt_text":"ni una menos","src":"https:\/\/i0.wp.com\/www.24baires.com\/wp-content\/uploads\/2015\/11\/ni-una-menos.jpg?resize=350%2C200","width":350,"height":200,"srcset":"https:\/\/i0.wp.com\/www.24baires.com\/wp-content\/uploads\/2015\/11\/ni-una-menos.jpg?resize=350%2C200 1x, https:\/\/i0.wp.com\/www.24baires.com\/wp-content\/uploads\/2015\/11\/ni-una-menos.jpg?resize=525%2C300 1.5x"},"classes":[]},{"id":34862,"url":"https:\/\/www.24baires.com\/?p=34862","url_meta":{"origin":8558,"position":4},"title":"Denunciaron al Hospital Meisner de Pilar por la muerte de un beb\u00e9","author":"GB","date":"08\/11\/2013","format":false,"excerpt":"El Hospital ubicado en la localidad de Derqui es nuevamente se\u00f1alado por un presunto caso de mala praxis. Una mujer de 35 a\u00f1os denunci\u00f3 que no fue atendida como corresponde al momento de dar a luz, lo que provoc\u00f3 la muerte intrauterina de su beba. La denunciante, Silvia L\u00f3pez, hizo\u2026","rel":"","context":"En \u00abLocales\u00bb","block_context":{"text":"Locales","link":"https:\/\/www.24baires.com\/?cat=38"},"img":{"alt_text":"","src":"","width":0,"height":0},"classes":[]},{"id":61904,"url":"https:\/\/www.24baires.com\/?p=61904","url_meta":{"origin":8558,"position":5},"title":"Escalofriante: Una beba fue abusada y tiene muerte cerebral","author":"GB","date":"18\/02\/2015","format":false,"excerpt":"LA PLATA-Se encuentra internada en el hospital de Ni\u00f1os de La Plata, tras presuntamente ser violada y golpeada por sus padres. Los padres de la ni\u00f1a llamada M\u00eda, una joven de 19 a\u00f1os y su pareja de 22, fueron detenidos y acusados de \"abuso sexual con acceso carnal gravemente ultrajante\u2026","rel":"","context":"En \u00abPoliciales\u00bb","block_context":{"text":"Policiales","link":"https:\/\/www.24baires.com\/?cat=49"},"img":{"alt_text":"hospital ni\u00f1os la plata","src":"https:\/\/i0.wp.com\/www.24baires.com\/wp-content\/uploads\/2014\/06\/hospital-ni%C3%B1os-la-plata.jpg?resize=350%2C200","width":350,"height":200,"srcset":"https:\/\/i0.wp.com\/www.24baires.com\/wp-content\/uploads\/2014\/06\/hospital-ni%C3%B1os-la-plata.jpg?resize=350%2C200 1x, https:\/\/i0.wp.com\/www.24baires.com\/wp-content\/uploads\/2014\/06\/hospital-ni%C3%B1os-la-plata.jpg?resize=525%2C300 1.5x"},"classes":[]}],"jetpack_sharing_enabled":true,"jetpack_likes_enabled":true,"_links":{"self":[{"href":"https:\/\/www.24baires.com\/index.php?rest_route=\/wp\/v2\/posts\/8558","targetHints":{"allow":["GET"]}}],"collection":[{"href":"https:\/\/www.24baires.com\/index.php?rest_route=\/wp\/v2\/posts"}],"about":[{"href":"https:\/\/www.24baires.com\/index.php?rest_route=\/wp\/v2\/types\/post"}],"author":[{"embeddable":true,"href":"https:\/\/www.24baires.com\/index.php?rest_route=\/wp\/v2\/users\/4"}],"replies":[{"embeddable":true,"href":"https:\/\/www.24baires.com\/index.php?rest_route=%2Fwp%2Fv2%2Fcomments&post=8558"}],"version-history":[{"count":2,"href":"https:\/\/www.24baires.com\/index.php?rest_route=\/wp\/v2\/posts\/8558\/revisions"}],"predecessor-version":[{"id":8561,"href":"https:\/\/www.24baires.com\/index.php?rest_route=\/wp\/v2\/posts\/8558\/revisions\/8561"}],"wp:attachment":[{"href":"https:\/\/www.24baires.com\/index.php?rest_route=%2Fwp%2Fv2%2Fmedia&parent=8558"}],"wp:term":[{"taxonomy":"category","embeddable":true,"href":"https:\/\/www.24baires.com\/index.php?rest_route=%2Fwp%2Fv2%2Fcategories&post=8558"},{"taxonomy":"post_tag","embeddable":true,"href":"https:\/\/www.24baires.com\/index.php?rest_route=%2Fwp%2Fv2%2Ftags&post=8558"}],"curies":[{"name":"wp","href":"https:\/\/api.w.org\/{rel}","templated":true}]}}