{"id":85500,"date":"2016-07-26T22:00:04","date_gmt":"2016-07-27T01:00:04","guid":{"rendered":"http:\/\/www.24baires.com\/?p=85500"},"modified":"2016-07-26T19:53:42","modified_gmt":"2016-07-26T22:53:42","slug":"sanseacabo-macri-recibe-a-tinelli-este-miercoles-en-la-quinta-de-olivos","status":"publish","type":"post","link":"https:\/\/www.24baires.com\/?p=85500","title":{"rendered":"Sanseacab\u00f3: Macri recibe a Tinelli este mi\u00e9rcoles en la Quinta de Olivos"},"content":{"rendered":"<p><img data-recalc-dims=\"1\" loading=\"lazy\" decoding=\"async\" class=\"aligncenter size-full wp-image-85501\" src=\"https:\/\/i0.wp.com\/www.24baires.com\/wp-content\/uploads\/2016\/07\/tinelli-macri.jpg?resize=560%2C342\" alt=\"tinelli macri\" width=\"560\" height=\"342\" srcset=\"https:\/\/i0.wp.com\/www.24baires.com\/wp-content\/uploads\/2016\/07\/tinelli-macri.jpg?w=560&amp;ssl=1 560w, https:\/\/i0.wp.com\/www.24baires.com\/wp-content\/uploads\/2016\/07\/tinelli-macri.jpg?resize=300%2C183&amp;ssl=1 300w\" sizes=\"auto, (max-width: 560px) 100vw, 560px\" \/><\/p>\n<p>El Presidente Mauricio Macri recibir\u00e1 ma\u00f1ana en la quinta de Olivos al conductor televisivo Marcelo Tinelli, tras los cruces de los \u00faltimos d\u00edas por las imitaciones del mandatario en el programa Showmatch.<!--more--><\/p>\n<p>Fuentes oficiales confirmaron a NA la reuni\u00f3n, que se realizar\u00e1 desde las 12.00 en la residencia de Olivos, luego de que el Gobierno intentara bajarle el tono a la pol\u00e9mica por las s\u00e1tiras de Macri en el programa televisivo y las posteriores denuncias de Tinelli sobre agresiones recibidas a trav\u00e9s de Twitter por parte de usuarios de la red social que simpatizan con el Presidente.<\/p>\n<p>Los roces siguieron escalando cuando Macri le respondi\u00f3 al conductor durante una entrevista en la que dijo que Tinelli \u00abno se puede ofender porque 30 mil personas lo critican\u00bb.<\/p>\n<p>En rigor, el enfrentamiento entre Macri y Tinelli se gener\u00f3 meses atr\u00e1s cuando el jefe de Estado comenz\u00f3 a moverse para bloquear la llegada del conductor y empresario a la presidencia de la AFA.<\/p>\n<p>Este martes, horas antes de que se confirmara la reuni\u00f3n entre el Presidente y el conductor televisivo para intentar una tregua o un acercamiento, el jefe de Gabinete, Marcos Pe\u00f1a, busc\u00f3 desterrar el conflicto, al se\u00f1alar que al Gobierno no le molestan las imitaciones que se hacen del jefe de Estado en Showmatch.<\/p>\n<p>El funcionario, adem\u00e1s, manifest\u00f3 su solidaridad con Tinelli respecto a los ataques que recibi\u00f3 a trav\u00e9s de redes sociales y pidi\u00f3 \u00abbajar un cambio en las agresiones\u00bb.<\/p>\n<p>Tambi\u00e9n pareci\u00f3 referirse al tema el propio Macri al dar un discurso en la Rosada, cuando -sin mencionar a Tinelli- cuestion\u00f3 las \u00abagresiones en las redes sociales\u00bb, al presentar el plan Nacional de erradicaci\u00f3n de la violencia contra la mujer.<\/p>\n<p>\u00abRechazamos de plano cualquier ataque, difamaci\u00f3n o coacci\u00f3n a la libertad de expresi\u00f3n que pueda haber en la sociedad, sea de quien sea y sea contra quien sea\u00bb, manifest\u00f3 Pe\u00f1a en una conferencia de prensa que brind\u00f3 en la Casa Rosada junto al ministro del Interior, Rogelio Frigerio.<\/p>\n<p>\u00abNo tenemos problema con el humor pol\u00edtico ni con Tinelli. Eso no quita que consideremos que haya que sobredimensionar las opiniones en general. Es importante la mayor libertad y bajar un cambio en las agresiones\u00bb, a\u00f1adi\u00f3.<\/p>\n<p>A ra\u00edz una s\u00e1tira del presidente Mauricio Macri, durante el fin de semana se inici\u00f3 una campa\u00f1a en las redes sociales en las que se instaba a no ver el programa ShowMatch o apagar el televisor en el horario de transmisi\u00f3n del ciclo.<\/p>\n<p>\u00abEs importante la mayor libertad y apertura para unir a todos los argentinos. Yo hable con Marcelo Tinelli la semana pasada y le manifest\u00e9 nuestra solidaridad porque todos hemos sido v\u00edctimas en alg\u00fan momento de ataques en las redes\u00bb, indic\u00f3 Pe\u00f1a.<\/p>\n<p>Y agreg\u00f3 que \u00abno es bueno para la sociedad democr\u00e1tica la difamaci\u00f3n, el ataque, sea por el medio que sea, menos porque alguien exprese lo que piensa y menos si es en clave de humor\u00bb.<\/p>\n","protected":false},"excerpt":{"rendered":"<p>El Presidente Mauricio Macri recibir\u00e1 ma\u00f1ana en la quinta de Olivos al conductor televisivo Marcelo Tinelli, tras los cruces de los \u00faltimos d\u00edas por las imitaciones del mandatario en el programa Showmatch.<\/p>\n","protected":false},"author":11,"featured_media":0,"comment_status":"open","ping_status":"open","sticky":false,"template":"","format":"standard","meta":{"_jetpack_newsletter_access":"","_jetpack_dont_email_post_to_subs":false,"_jetpack_newsletter_tier_id":0,"_jetpack_memberships_contains_paywalled_content":false,"_jetpack_memberships_contains_paid_content":false,"footnotes":""},"categories":[54],"tags":[],"class_list":["post-85500","post","type-post","status-publish","format-standard","hentry","category-medios"],"jetpack_featured_media_url":"","jetpack_shortlink":"https:\/\/wp.me\/p2JWE0-mf2","jetpack-related-posts":[{"id":85535,"url":"https:\/\/www.24baires.com\/?p=85535","url_meta":{"origin":85500,"position":0},"title":"Finalmente se reunieron Macri y Tinelli e incluso &#8216;intercambiaron caras&#8217; por Snapchat","author":"Grupo Sierra","date":"27\/07\/2016","format":false,"excerpt":"El presidente Mauricio Macri recibi\u00f3 este mediod\u00eda al conductor de televisi\u00f3n Marcelo Tinelli, tras la pol\u00e9mica que se gener\u00f3 por la satirizaci\u00f3n del jefe de Estado en su programa Showmatch. Por ahora no trascendi\u00f3 el contenido de la charla. El encuentro se dio en el marco de los cruces de\u2026","rel":"","context":"En \u00abPol\u00edtica\u00bb","block_context":{"text":"Pol\u00edtica","link":"https:\/\/www.24baires.com\/?cat=51"},"img":{"alt_text":"tinelli macri snap","src":"https:\/\/i0.wp.com\/www.24baires.com\/wp-content\/uploads\/2016\/07\/tinelli-macri-snap.png?resize=350%2C200","width":350,"height":200,"srcset":"https:\/\/i0.wp.com\/www.24baires.com\/wp-content\/uploads\/2016\/07\/tinelli-macri-snap.png?resize=350%2C200 1x, https:\/\/i0.wp.com\/www.24baires.com\/wp-content\/uploads\/2016\/07\/tinelli-macri-snap.png?resize=525%2C300 1.5x"},"classes":[]},{"id":85225,"url":"https:\/\/www.24baires.com\/?p=85225","url_meta":{"origin":85500,"position":1},"title":"Despu\u00e9s de las cr\u00edticas al Gobierno, Tinelli afronta una denuncia impositiva","author":"Grupo Sierra","date":"20\/07\/2016","format":false,"excerpt":"En las \u00faltimas horas se inici\u00f3 una causa judicial contra el conductor de televisi\u00f3n por irregularidades impositivas. Luego de las cr\u00edticas que realiz\u00f3 a la figura de Mauricio Macri. En el fondo se esconde la confrontaci\u00f3n por el f\u00fatbol. No fueron bien recibidas las cr\u00edticas de Marcelo Tinelli para con\u2026","rel":"","context":"En \u00abPol\u00edtica\u00bb","block_context":{"text":"Pol\u00edtica","link":"https:\/\/www.24baires.com\/?cat=51"},"img":{"alt_text":"Tinelli","src":"https:\/\/i0.wp.com\/www.24baires.com\/wp-content\/uploads\/2014\/04\/Tinelli.jpg?resize=350%2C200","width":350,"height":200,"srcset":"https:\/\/i0.wp.com\/www.24baires.com\/wp-content\/uploads\/2014\/04\/Tinelli.jpg?resize=350%2C200 1x, https:\/\/i0.wp.com\/www.24baires.com\/wp-content\/uploads\/2014\/04\/Tinelli.jpg?resize=525%2C300 1.5x"},"classes":[]},{"id":58692,"url":"https:\/\/www.24baires.com\/?p=58692","url_meta":{"origin":85500,"position":2},"title":"La mujer de Massa se aleja de la pol\u00edtica y se va \u00bfal bailando?","author":"Grupo Sierra","date":"15\/12\/2014","format":false,"excerpt":"El conductor televisivo Marcelo Tinelli invit\u00f3 a Malena Galmarini a sumarse al concurso de baile. La participaci\u00f3n de Marcelo Tinelli en a\u00f1os electorales es algo archisabido. Pero nadie se imagin\u00f3 que se animase a proponerle a la esposa de uno de los precandidatos presidenciales a que se sume a su\u2026","rel":"","context":"En \u00abPol\u00edtica\u00bb","block_context":{"text":"Pol\u00edtica","link":"https:\/\/www.24baires.com\/?cat=51"},"img":{"alt_text":"massa y malena","src":"https:\/\/i0.wp.com\/www.24baires.com\/wp-content\/uploads\/2013\/08\/massa-y-malena.jpg?resize=350%2C200","width":350,"height":200,"srcset":"https:\/\/i0.wp.com\/www.24baires.com\/wp-content\/uploads\/2013\/08\/massa-y-malena.jpg?resize=350%2C200 1x, https:\/\/i0.wp.com\/www.24baires.com\/wp-content\/uploads\/2013\/08\/massa-y-malena.jpg?resize=525%2C300 1.5x"},"classes":[]},{"id":85425,"url":"https:\/\/www.24baires.com\/?p=85425","url_meta":{"origin":85500,"position":3},"title":"\u201cEn la intimidad Tinelli sue\u00f1a con la presidencia de la Naci\u00f3n, y Macri lo sabe\u201d","author":"AF","date":"25\/07\/2016","format":false,"excerpt":"Luis Ventura se refiri\u00f3 a la pol\u00e9mica entre el conductor de televisi\u00f3n y el presidente tras la imitaci\u00f3n en Showmatch. Tambi\u00e9n habl\u00f3 Fredy Villarreal: \"No es la primera vez que cuando uno interpreta a un primer mandatario, las aguas se dividen\". \u201cSi Macri lo deja crecer y Tinelli agarra el\u2026","rel":"","context":"En \u00abPol\u00edtica\u00bb","block_context":{"text":"Pol\u00edtica","link":"https:\/\/www.24baires.com\/?cat=51"},"img":{"alt_text":"Tinelli","src":"https:\/\/i0.wp.com\/www.24baires.com\/wp-content\/uploads\/2014\/04\/Tinelli.jpg?resize=350%2C200","width":350,"height":200,"srcset":"https:\/\/i0.wp.com\/www.24baires.com\/wp-content\/uploads\/2014\/04\/Tinelli.jpg?resize=350%2C200 1x, https:\/\/i0.wp.com\/www.24baires.com\/wp-content\/uploads\/2014\/04\/Tinelli.jpg?resize=525%2C300 1.5x"},"classes":[]},{"id":55790,"url":"https:\/\/www.24baires.com\/?p=55790","url_meta":{"origin":85500,"position":4},"title":"Montoya y Tinelli, del odio al amor","author":"Grupo Sierra","date":"21\/10\/2014","format":false,"excerpt":"El presidente del Grupo Provincia olvid\u00f3 por unos instantes las agudas cr\u00edticas que le hizo a Mart\u00edn Insaurralde por aparecer en el ShowMatch del \"cuervo\" y ahora le toc\u00f3 el turno a \u00e9l mismo en mostrarse junto al conductor televisivo y sacar r\u00e9dito de su imagen. Aunque con la excusa\u2026","rel":"","context":"En \u00abPol\u00edtica\u00bb","block_context":{"text":"Pol\u00edtica","link":"https:\/\/www.24baires.com\/?cat=51"},"img":{"alt_text":"tinelli montoya","src":"https:\/\/i0.wp.com\/www.24baires.com\/wp-content\/uploads\/2014\/10\/tinelli-montoya.jpg?resize=350%2C200","width":350,"height":200,"srcset":"https:\/\/i0.wp.com\/www.24baires.com\/wp-content\/uploads\/2014\/10\/tinelli-montoya.jpg?resize=350%2C200 1x, https:\/\/i0.wp.com\/www.24baires.com\/wp-content\/uploads\/2014\/10\/tinelli-montoya.jpg?resize=525%2C300 1.5x"},"classes":[]},{"id":44093,"url":"https:\/\/www.24baires.com\/?p=44093","url_meta":{"origin":85500,"position":5},"title":"\u00a1Basta de intriga! Se revel\u00f3 la fecha de inicio de ShowMatch","author":"GB","date":"17\/04\/2014","format":false,"excerpt":"Pablo \"el Chato Prada\", productor del ciclo \"ShowMatch\", dio a conocer la fecha de debut del esperado reality. Luego de realizarse este lunes, la foto oficial del Bailando 2014, el certamen m\u00e1s esperado de la televisi\u00f3n argentina y que contar\u00e1 con varias figuras del espect\u00e1culo, Pablo \"el Chato\" Prada -productor\u2026","rel":"","context":"En \u00abEspectaculos\u00bb","block_context":{"text":"Espectaculos","link":"https:\/\/www.24baires.com\/?cat=41"},"img":{"alt_text":"Tinelli","src":"https:\/\/i0.wp.com\/www.24baires.com\/wp-content\/uploads\/2014\/04\/Tinelli.jpg?resize=350%2C200","width":350,"height":200,"srcset":"https:\/\/i0.wp.com\/www.24baires.com\/wp-content\/uploads\/2014\/04\/Tinelli.jpg?resize=350%2C200 1x, https:\/\/i0.wp.com\/www.24baires.com\/wp-content\/uploads\/2014\/04\/Tinelli.jpg?resize=525%2C300 1.5x"},"classes":[]}],"jetpack_sharing_enabled":true,"jetpack_likes_enabled":true,"_links":{"self":[{"href":"https:\/\/www.24baires.com\/index.php?rest_route=\/wp\/v2\/posts\/85500","targetHints":{"allow":["GET"]}}],"collection":[{"href":"https:\/\/www.24baires.com\/index.php?rest_route=\/wp\/v2\/posts"}],"about":[{"href":"https:\/\/www.24baires.com\/index.php?rest_route=\/wp\/v2\/types\/post"}],"author":[{"embeddable":true,"href":"https:\/\/www.24baires.com\/index.php?rest_route=\/wp\/v2\/users\/11"}],"replies":[{"embeddable":true,"href":"https:\/\/www.24baires.com\/index.php?rest_route=%2Fwp%2Fv2%2Fcomments&post=85500"}],"version-history":[{"count":1,"href":"https:\/\/www.24baires.com\/index.php?rest_route=\/wp\/v2\/posts\/85500\/revisions"}],"predecessor-version":[{"id":85502,"href":"https:\/\/www.24baires.com\/index.php?rest_route=\/wp\/v2\/posts\/85500\/revisions\/85502"}],"wp:attachment":[{"href":"https:\/\/www.24baires.com\/index.php?rest_route=%2Fwp%2Fv2%2Fmedia&parent=85500"}],"wp:term":[{"taxonomy":"category","embeddable":true,"href":"https:\/\/www.24baires.com\/index.php?rest_route=%2Fwp%2Fv2%2Fcategories&post=85500"},{"taxonomy":"post_tag","embeddable":true,"href":"https:\/\/www.24baires.com\/index.php?rest_route=%2Fwp%2Fv2%2Ftags&post=85500"}],"curies":[{"name":"wp","href":"https:\/\/api.w.org\/{rel}","templated":true}]}}