{"id":8530,"date":"2012-12-10T09:53:53","date_gmt":"2012-12-10T12:53:53","guid":{"rendered":"http:\/\/www.24baires.com\/?p=8530"},"modified":"2012-12-10T14:31:35","modified_gmt":"2012-12-10T17:31:35","slug":"scioli-se-reune-con-el-frente-gremial-docente","status":"publish","type":"post","link":"https:\/\/www.24baires.com\/?p=8530","title":{"rendered":"Scioli se re\u00fane con el frente gremial docente"},"content":{"rendered":"<p>El encuentro est\u00e1 previsto para la ma\u00f1ana de este lunes en el marco de un clima de tensi\u00f3n por los descuentos que efectiviz\u00f3 la Direcci\u00f3n de Cultura y Educaci\u00f3n que conduce Nora de Luc\u00eda. Se espera que adem\u00e1s se traten las demandas del Frente en lo que respecta a las demoras en las liquidaciones y las falencias de infraestructura. El martes los maestros se movilizar\u00e1n a la Casa de la Provincia.<!--more--><\/p>\n<p>El gobernador de la provincia de Buenos Aires, Daniel Scioli, recibe este lunes a los representantes del Frente Gremial Docente -integrado por Suteba, la FEB, UDA, los t\u00e9cnicos de AMET y los privados de SADOP- en el marco del conflicto por los descuentos por los d\u00edas de paro que estableci\u00f3 la cartera que conduce Nora de Luc\u00eda.<\/p>\n<p>La presidenta de la Federaci\u00f3n de Educadores Bonaerenses (FEB), Mirta Petrocini, dijo que \u201cvamos a acudir al llamado porque nuestra entidad siempre ha dado muestras de su vocaci\u00f3n por el di\u00e1logo\u201d y advirti\u00f3 que \u201cel di\u00e1logo debe servir para resolver las cuestiones que afectan al sistema educativo, en referencia a \u201clas demoras en las liquidaciones y las falencias de infraestructura\u201d.<\/p>\n<p>Por su parte, el secretario general del Suteba, Roberto Baradel, expres\u00f3 a el diario que \u201clos descuentos salariales por los paros ser\u00e1n planteados durante el encuentro. Frente al atropello de los leg\u00edtimos reclamos de los docentes presentaremos una demanda penal contra el gobierno provincial y la direcci\u00f3n de Escuelas, una denuncia ante las autoridades de la Organizaci\u00f3n Internacional del Trabajo, pidiendo las sanciones correspondientes y el martes nos movilizaremos a la Casa de la Provincia, en la Capital Federal\u201d.<\/p>\n","protected":false},"excerpt":{"rendered":"<p>El encuentro est\u00e1 previsto para la ma\u00f1ana de este lunes en el marco de un clima de tensi\u00f3n por los descuentos que efectiviz\u00f3 la Direcci\u00f3n de Cultura y Educaci\u00f3n que conduce Nora de Luc\u00eda. Se espera que adem\u00e1s se traten las demandas del Frente en lo que respecta a las demoras en las liquidaciones y las falencias de infraestructura. El [&#8230;]<\/p>\n","protected":false},"author":4,"featured_media":0,"comment_status":"open","ping_status":"open","sticky":false,"template":"","format":"standard","meta":{"_jetpack_newsletter_access":"","_jetpack_dont_email_post_to_subs":false,"_jetpack_newsletter_tier_id":0,"_jetpack_memberships_contains_paywalled_content":false,"_jetpack_memberships_contains_paid_content":false,"footnotes":""},"categories":[1],"tags":[],"class_list":["post-8530","post","type-post","status-publish","format-standard","hentry","category-sociedad"],"jetpack_featured_media_url":"","jetpack_shortlink":"https:\/\/wp.me\/p2JWE0-2dA","jetpack-related-posts":[{"id":8898,"url":"https:\/\/www.24baires.com\/?p=8898","url_meta":{"origin":8530,"position":0},"title":"Scioli concedi\u00f3 gran parte de los reclamos docentes y se inicia una tregua","author":"Grupo Sierra","date":"12\/12\/2012","format":false,"excerpt":"El Frente Gremial Docente Bonaerense (FGDB) se reuni\u00f3 con el Gobernador de la Provincia de Buenos Aires, Daniel Scioli, con la Directora General de Cultura y Educaci\u00f3n, Nora De Lucia, y con el Jefe de Gabinete de la Provincia de Buenos Aires, Alberto P\u00e9rez, en Capital Federal donde se encuentra\u2026","rel":"","context":"En \u00abProvincia\u00bb","block_context":{"text":"Provincia","link":"https:\/\/www.24baires.com\/?cat=40"},"img":{"alt_text":"","src":"","width":0,"height":0},"classes":[]},{"id":2412,"url":"https:\/\/www.24baires.com\/?p=2412","url_meta":{"origin":8530,"position":1},"title":"El Frente Gremial docente marcha a Direcci\u00f3n General de Educaci\u00f3n","author":"AF","date":"17\/10\/2012","format":false,"excerpt":"Miembros de la FEB, Suteba, Sadop, AMET y UDA, se concentran esta ma\u00f1ana para marchar al edificio de la cartera que conduce Nora de Luc\u00eda. Exigen el correcto pago de salarios de 3 mil docentes y la reapertura de paritarias. A partir de las 10 de la ma\u00f1ana, la Plaza\u2026","rel":"","context":"En \u00abSociedad\u00bb","block_context":{"text":"Sociedad","link":"https:\/\/www.24baires.com\/?cat=1"},"img":{"alt_text":"","src":"https:\/\/i0.wp.com\/www.24baires.com\/wp-content\/uploads\/2012\/10\/frentegremialdocentes2-300x179.jpg?resize=350%2C200","width":350,"height":200},"classes":[]},{"id":21092,"url":"https:\/\/www.24baires.com\/?p=21092","url_meta":{"origin":8530,"position":2},"title":"Nueva advertencia: docentes amenazan con paro de 72 horas si no son convocados a discutir salarios","author":"Grupo Sierra","date":"15\/04\/2013","format":false,"excerpt":"El Frente Gremial Docente bonaerense alert\u00f3 hoy con \u201cponerle fecha\u201d al paro de 72 horas pendiente de la semana pasada, si el gobierno de Daniel Scioli no los convoca a discutir salarios \u201cesta semana o a principio de la pr\u00f3xima\u201d, luego de mantener una reuni\u00f3n con la directora general de\u2026","rel":"","context":"En \u00abProvincia\u00bb","block_context":{"text":"Provincia","link":"https:\/\/www.24baires.com\/?cat=40"},"img":{"alt_text":"","src":"","width":0,"height":0},"classes":[]},{"id":62604,"url":"https:\/\/www.24baires.com\/?p=62604","url_meta":{"origin":8530,"position":3},"title":"De Luc\u00eda advirti\u00f3 que sancionar\u00e1n a docentes que adhirieron al paro","author":"AF","date":"04\/03\/2015","format":false,"excerpt":"La Provincia advirti\u00f3 que iniciar\u00e1 sumarios y aplicar\u00e1 descuentos a los docentes que hayan adherido a la medida de fuerza , mientras que los gremios denunciaron \u201cintimidaciones\u201d contra los maestros. La directora general de Cultura y Educaci\u00f3n bonaerense, Nora De Luc\u00eda, anticip\u00f3 que el gobierno bonaerense iniciar\u00e1 sumarios contra los\u2026","rel":"","context":"En \u00abSociedad\u00bb","block_context":{"text":"Sociedad","link":"https:\/\/www.24baires.com\/?cat=1"},"img":{"alt_text":"de lucia","src":"https:\/\/i0.wp.com\/www.24baires.com\/wp-content\/uploads\/2014\/03\/de-lucia.jpg?resize=350%2C200","width":350,"height":200,"srcset":"https:\/\/i0.wp.com\/www.24baires.com\/wp-content\/uploads\/2014\/03\/de-lucia.jpg?resize=350%2C200 1x, https:\/\/i0.wp.com\/www.24baires.com\/wp-content\/uploads\/2014\/03\/de-lucia.jpg?resize=525%2C300 1.5x"},"classes":[]},{"id":23077,"url":"https:\/\/www.24baires.com\/?p=23077","url_meta":{"origin":8530,"position":4},"title":"Provincia y docentes retoman el di\u00e1logo por las negociaciones salariales","author":"AF","date":"09\/05\/2013","format":false,"excerpt":"El Frente Gremial Docente que lideran FEB y Suteba volver\u00e1 a reunirse este jueves con el Gobierno bonaerense en la continuidad de las negociaciones entre ambas partes tras el dictado de la conciliaci\u00f3n obligatoria que suspendi\u00f3 los paros sindicales en escuelas. Al igual que el lunes, hoy no estar\u00e1 presente\u2026","rel":"","context":"En \u00abSociedad\u00bb","block_context":{"text":"Sociedad","link":"https:\/\/www.24baires.com\/?cat=1"},"img":{"alt_text":"","src":"","width":0,"height":0},"classes":[]},{"id":8650,"url":"https:\/\/www.24baires.com\/?p=8650","url_meta":{"origin":8530,"position":5},"title":"Docentes marchan para reclamar el reintegro de haberes descontados irregularmente","author":"AF","date":"11\/12\/2012","format":false,"excerpt":"Luego de la reuni\u00f3n que mantuvieron con el Gobernador, los docentes se manifiestan en Capital Federal a la espera de respuesta a sus demandas. En tanto, los gremios exigieron a la Direcci\u00f3n General de Cultura y Educaci\u00f3n que preside Nora de Luc\u00eda, que \"proceda a la liquidaci\u00f3n en adicional de\u2026","rel":"","context":"En \u00abSociedad\u00bb","block_context":{"text":"Sociedad","link":"https:\/\/www.24baires.com\/?cat=1"},"img":{"alt_text":"","src":"","width":0,"height":0},"classes":[]}],"jetpack_sharing_enabled":true,"jetpack_likes_enabled":true,"_links":{"self":[{"href":"https:\/\/www.24baires.com\/index.php?rest_route=\/wp\/v2\/posts\/8530","targetHints":{"allow":["GET"]}}],"collection":[{"href":"https:\/\/www.24baires.com\/index.php?rest_route=\/wp\/v2\/posts"}],"about":[{"href":"https:\/\/www.24baires.com\/index.php?rest_route=\/wp\/v2\/types\/post"}],"author":[{"embeddable":true,"href":"https:\/\/www.24baires.com\/index.php?rest_route=\/wp\/v2\/users\/4"}],"replies":[{"embeddable":true,"href":"https:\/\/www.24baires.com\/index.php?rest_route=%2Fwp%2Fv2%2Fcomments&post=8530"}],"version-history":[{"count":3,"href":"https:\/\/www.24baires.com\/index.php?rest_route=\/wp\/v2\/posts\/8530\/revisions"}],"predecessor-version":[{"id":8532,"href":"https:\/\/www.24baires.com\/index.php?rest_route=\/wp\/v2\/posts\/8530\/revisions\/8532"}],"wp:attachment":[{"href":"https:\/\/www.24baires.com\/index.php?rest_route=%2Fwp%2Fv2%2Fmedia&parent=8530"}],"wp:term":[{"taxonomy":"category","embeddable":true,"href":"https:\/\/www.24baires.com\/index.php?rest_route=%2Fwp%2Fv2%2Fcategories&post=8530"},{"taxonomy":"post_tag","embeddable":true,"href":"https:\/\/www.24baires.com\/index.php?rest_route=%2Fwp%2Fv2%2Ftags&post=8530"}],"curies":[{"name":"wp","href":"https:\/\/api.w.org\/{rel}","templated":true}]}}