{"id":8504,"date":"2012-12-09T19:35:27","date_gmt":"2012-12-09T22:35:27","guid":{"rendered":"http:\/\/www.24baires.com\/?p=8504"},"modified":"2012-12-09T19:35:27","modified_gmt":"2012-12-09T22:35:27","slug":"le-piden-a-scioli-que-no-abandone-a-los-ninos","status":"publish","type":"post","link":"https:\/\/www.24baires.com\/?p=8504","title":{"rendered":"Le piden a Scioli que no abandone a los ni\u00f1os"},"content":{"rendered":"<p>La diputada provincial Nancy Monz\u00f3n le solicit\u00f3 al gobernador Daniel Scioli que informe acerca del incumplimiento en cuestiones relacionadas a la situaci\u00f3n de los hogares de ni\u00f1os, ni\u00f1as y adolescentes de la Provincia de Buenos Aires con los cuales el Poder Ejecutivo provincial mantiene convenios.<!--more--><\/p>\n<p>\u201cDurante el transcurso del a\u00f1o 2012, varios han sido los reclamos efectuados desde las distintas organizaciones no gubernamentales al gobierno bonaerense para que se cumplan los pagos de las becas a los ni\u00f1os, ni\u00f1as y\/o adolescentes que se encuentran alojados transitoriamente en cada uno de los dispositivos con los cuales la Secretar\u00eda de Ni\u00f1ez y Adolescencia de la provincia de Buenos Aires mantiene convenio\u201d, sostuvo la diputada provincial Nancy Monz\u00f3n.<\/p>\n<p>Seg\u00fan la diputada por la segunda secci\u00f3n electoral en representaci\u00f3n del Pro Peronismo, \u201cla falta de pagos que se vienen produciendo en algunos casos desde hace un a\u00f1o, hace que los hogares no cuenten con recursos que les permitan afrontar las necesidades b\u00e1sicas de los ni\u00f1os, ni\u00f1as y adolescentes en situaci\u00f3n de vulnerabilidad social, por lo que deben subsistir con la ayuda y solidaridad de los vecinos o la contribuci\u00f3n de la ciudadan\u00eda y a trav\u00e9s de sus propios emprendimientos y realizaci\u00f3n de eventos solidarios\u201d.<\/p>\n<p>\u201cEs el Estado el que debe ser garante de la salud, vestido, educaci\u00f3n, y desarrollo integral de los ni\u00f1os y como diputada no puedo hacer o\u00eddos sordos ante \u00e9sta problem\u00e1tica. Los derechos del ni\u00f1o est\u00e1n por sobre los derechos de la pol\u00edtica y ante esto el gobernador Daniel Scioli, no se puede hacer el distra\u00eddo\u201d, finaliz\u00f3 Monz\u00f3n.<\/p>\n<p>&nbsp;<\/p>\n<p>&nbsp;<\/p>\n<p>&nbsp;<\/p>\n<p>&nbsp;<\/p>\n<p>&nbsp;<\/p>\n<p>&nbsp;<\/p>\n<p>&nbsp;<\/p>\n<p>&nbsp;<\/p>\n<p>&nbsp;<\/p>\n<p>&nbsp;<\/p>\n","protected":false},"excerpt":{"rendered":"<p>La diputada provincial Nancy Monz\u00f3n le solicit\u00f3 al gobernador Daniel Scioli que informe acerca del incumplimiento en cuestiones relacionadas a la situaci\u00f3n de los hogares de ni\u00f1os, ni\u00f1as y adolescentes de la Provincia de Buenos Aires con los cuales el Poder Ejecutivo provincial mantiene convenios.<\/p>\n","protected":false},"author":11,"featured_media":0,"comment_status":"open","ping_status":"open","sticky":false,"template":"","format":"standard","meta":{"_jetpack_newsletter_access":"","_jetpack_dont_email_post_to_subs":false,"_jetpack_newsletter_tier_id":0,"_jetpack_memberships_contains_paywalled_content":false,"_jetpack_memberships_contains_paid_content":false,"footnotes":""},"categories":[40],"tags":[],"class_list":["post-8504","post","type-post","status-publish","format-standard","hentry","category-provincia"],"jetpack_featured_media_url":"","jetpack_shortlink":"https:\/\/wp.me\/p2JWE0-2da","jetpack-related-posts":[{"id":22946,"url":"https:\/\/www.24baires.com\/?p=22946","url_meta":{"origin":8504,"position":0},"title":"Exigen a Scioli que pague becas adeudadas a Hogares de Menores","author":"Grupo Sierra","date":"07\/05\/2013","format":false,"excerpt":"Mediante la presentaci\u00f3n de un proyecto de resoluci\u00f3n, el diputado provincial y vicepresidente del bloque PRO-Peronismo Gustavo Ferri le reclam\u00f3 al gobernador Daniel Scioli que \u201cproceda de manera urgente a regularizar el pago de las becas convenidas con los Hogares Convivenciales y Centros de D\u00eda que albergan ni\u00f1os, ni\u00f1as y\u2026","rel":"","context":"En \u00abProvincia\u00bb","block_context":{"text":"Provincia","link":"https:\/\/www.24baires.com\/?cat=40"},"img":{"alt_text":"","src":"","width":0,"height":0},"classes":[]},{"id":6328,"url":"https:\/\/www.24baires.com\/?p=6328","url_meta":{"origin":8504,"position":1},"title":"Ezeiza se suma al sistema de Protecci\u00f3n del Ni\u00f1o","author":"AF","date":"22\/11\/2012","format":false,"excerpt":"La comuna de Ezeiza, se incorpor\u00f3 al Sistema de Promoci\u00f3n y Protecci\u00f3n Integral de Derechos del Ni\u00f1o, con el objetivo de asegurar a todos los ni\u00f1os, ni\u00f1as y adolescentes el efectivo goce de los derechos y garant\u00edas reconocidos en la Constituci\u00f3n Nacional, la Constituci\u00f3n de la Provincia de Buenos Aires,\u2026","rel":"","context":"En \u00abLocales\u00bb","block_context":{"text":"Locales","link":"https:\/\/www.24baires.com\/?cat=38"},"img":{"alt_text":"","src":"","width":0,"height":0},"classes":[]},{"id":100944,"url":"https:\/\/www.24baires.com\/?p=100944","url_meta":{"origin":8504,"position":2},"title":"El Frente Renovador present\u00f3 un paquete de leyes contra la violencia de g\u00e9nero","author":"GB","date":"09\/03\/2018","format":false,"excerpt":"Comprende reparaciones econ\u00f3micas, creaci\u00f3n de fiscal\u00edas y campa\u00f1as de difusi\u00f3n y concientizaci\u00f3n sobre la problem\u00e1tica. El Frente Renovador bonaerense present\u00f3 un paquete de leyes contra la violencia de g\u00e9nero que comprende reparaciones econ\u00f3micas, creaci\u00f3n de fiscal\u00edas y campa\u00f1as de difusi\u00f3n y concientizaci\u00f3n sobre la problem\u00e1tica. Los proyectos fueron presentados por\u2026","rel":"","context":"En \u00abPol\u00edtica\u00bb","block_context":{"text":"Pol\u00edtica","link":"https:\/\/www.24baires.com\/?cat=51"},"img":{"alt_text":"","src":"https:\/\/i0.wp.com\/www.24baires.com\/wp-content\/uploads\/2015\/11\/ni-una-menos.jpg?resize=350%2C200","width":350,"height":200,"srcset":"https:\/\/i0.wp.com\/www.24baires.com\/wp-content\/uploads\/2015\/11\/ni-una-menos.jpg?resize=350%2C200 1x, https:\/\/i0.wp.com\/www.24baires.com\/wp-content\/uploads\/2015\/11\/ni-una-menos.jpg?resize=525%2C300 1.5x"},"classes":[]},{"id":82612,"url":"https:\/\/www.24baires.com\/?p=82612","url_meta":{"origin":8504,"position":3},"title":"Ni\u00f1os y adolescentes bonaerenses contar\u00e1n con un abogado gratuito","author":"AF","date":"12\/05\/2016","format":false,"excerpt":"El gobierno bonaerense y el Colegio de Abogados de la provincia de Buenos Aires pondr\u00e1n en marcha la figura del Abogado del Ni\u00f1o, lo cual cumple con una ley sancionada en 2013 que apunta a que los ni\u00f1os y adolescentes cuenten con un profesional que los represente en las cuestiones\u2026","rel":"","context":"En \u00abSociedad\u00bb","block_context":{"text":"Sociedad","link":"https:\/\/www.24baires.com\/?cat=1"},"img":{"alt_text":"","src":"","width":0,"height":0},"classes":[]},{"id":52952,"url":"https:\/\/www.24baires.com\/?p=52952","url_meta":{"origin":8504,"position":4},"title":"Abuelas de Plaza de Mayo firm\u00f3 un importante convenio con Provincia","author":"Grupo Sierra","date":"02\/09\/2014","format":false,"excerpt":"El acuerdo con Scioli es \"para el relevamiento, clasificaci\u00f3n y an\u00e1lisis de documentaci\u00f3n de ni\u00f1os y ni\u00f1as del per\u00edodo de la \u00faltima dictadura c\u00edvico militar\". Del acto, realizado en el Sal\u00f3n de Acuerdos de la Gobernaci\u00f3n, en La Plata, participaron la titular de Abuelas de Plaza de Mayo, Estela de\u2026","rel":"","context":"En \u00abSociedad\u00bb","block_context":{"text":"Sociedad","link":"https:\/\/www.24baires.com\/?cat=1"},"img":{"alt_text":"estela de carlotto scioli","src":"https:\/\/i0.wp.com\/www.24baires.com\/wp-content\/uploads\/2014\/09\/estela-de-carlotto-scioli.jpg?resize=350%2C200","width":350,"height":200,"srcset":"https:\/\/i0.wp.com\/www.24baires.com\/wp-content\/uploads\/2014\/09\/estela-de-carlotto-scioli.jpg?resize=350%2C200 1x, https:\/\/i0.wp.com\/www.24baires.com\/wp-content\/uploads\/2014\/09\/estela-de-carlotto-scioli.jpg?resize=525%2C300 1.5x"},"classes":[]},{"id":32359,"url":"https:\/\/www.24baires.com\/?p=32359","url_meta":{"origin":8504,"position":5},"title":"Comenzar\u00e1 a funcionar el programa \u00abOperadores de calle\u00bb en Lomas de Zamora","author":"AF","date":"24\/09\/2013","format":false,"excerpt":"La municipalidad de Lomas de Zamora, firm\u00f3 con la Secretar\u00eda de Ni\u00f1ez y Adolescencia, un convenio para el desarrollo del programa Operadores de Calle en ese distrito, una iniciativa de esta cartera provincial que tiene como objetivo la promoci\u00f3n y protecci\u00f3n de los derechos de los ni\u00f1os, ni\u00f1as y adolescentes.\u2026","rel":"","context":"En \u00abLocales\u00bb","block_context":{"text":"Locales","link":"https:\/\/www.24baires.com\/?cat=38"},"img":{"alt_text":"operadores calle lomas","src":"https:\/\/i0.wp.com\/www.24baires.com\/wp-content\/uploads\/2013\/09\/operadores-calle-lomas.jpg?resize=350%2C200","width":350,"height":200},"classes":[]}],"jetpack_sharing_enabled":true,"jetpack_likes_enabled":true,"_links":{"self":[{"href":"https:\/\/www.24baires.com\/index.php?rest_route=\/wp\/v2\/posts\/8504","targetHints":{"allow":["GET"]}}],"collection":[{"href":"https:\/\/www.24baires.com\/index.php?rest_route=\/wp\/v2\/posts"}],"about":[{"href":"https:\/\/www.24baires.com\/index.php?rest_route=\/wp\/v2\/types\/post"}],"author":[{"embeddable":true,"href":"https:\/\/www.24baires.com\/index.php?rest_route=\/wp\/v2\/users\/11"}],"replies":[{"embeddable":true,"href":"https:\/\/www.24baires.com\/index.php?rest_route=%2Fwp%2Fv2%2Fcomments&post=8504"}],"version-history":[{"count":1,"href":"https:\/\/www.24baires.com\/index.php?rest_route=\/wp\/v2\/posts\/8504\/revisions"}],"predecessor-version":[{"id":8505,"href":"https:\/\/www.24baires.com\/index.php?rest_route=\/wp\/v2\/posts\/8504\/revisions\/8505"}],"wp:attachment":[{"href":"https:\/\/www.24baires.com\/index.php?rest_route=%2Fwp%2Fv2%2Fmedia&parent=8504"}],"wp:term":[{"taxonomy":"category","embeddable":true,"href":"https:\/\/www.24baires.com\/index.php?rest_route=%2Fwp%2Fv2%2Fcategories&post=8504"},{"taxonomy":"post_tag","embeddable":true,"href":"https:\/\/www.24baires.com\/index.php?rest_route=%2Fwp%2Fv2%2Ftags&post=8504"}],"curies":[{"name":"wp","href":"https:\/\/api.w.org\/{rel}","templated":true}]}}