{"id":85039,"date":"2016-07-15T19:47:28","date_gmt":"2016-07-15T22:47:28","guid":{"rendered":"http:\/\/www.24baires.com\/?p=85039"},"modified":"2016-07-15T19:47:28","modified_gmt":"2016-07-15T22:47:28","slug":"y-esto-en-poco-mas-de-un-semestre","status":"publish","type":"post","link":"https:\/\/www.24baires.com\/?p=85039","title":{"rendered":"Y esto en poco m\u00e1s de un semestre"},"content":{"rendered":"<p><img data-recalc-dims=\"1\" loading=\"lazy\" decoding=\"async\" src=\"https:\/\/i0.wp.com\/www.24baires.com\/wp-content\/uploads\/2016\/03\/macri-congreso.jpg?resize=560%2C372\" alt=\"macri congreso\" width=\"560\" height=\"372\" class=\"aligncenter size-full wp-image-79560\" srcset=\"https:\/\/i0.wp.com\/www.24baires.com\/wp-content\/uploads\/2016\/03\/macri-congreso.jpg?w=560&amp;ssl=1 560w, https:\/\/i0.wp.com\/www.24baires.com\/wp-content\/uploads\/2016\/03\/macri-congreso.jpg?resize=300%2C199&amp;ssl=1 300w\" sizes=\"auto, (max-width: 560px) 100vw, 560px\" \/>No era campa\u00f1a del miedo. Mucho de lo anunciado se cumpli\u00f3, y con mayor celeridad y brutalidad de lo pensado. Ojal\u00e1 de aqu\u00ed en m\u00e1s la realidad nos contadiga. Pero decir esto no es m\u00e1s que un cumplido. El panorama es oscuro y hay razones para seguir anunciando p\u00e1lidos pron\u00f3sticos. <!--more--><\/p>\n<p>Este gobierno ha favorecido a los intereses de una reducida minor\u00eda. Ni bien asumi\u00f3 efectu\u00f3 una fenomenal transferencia de ingresos hacia sectores concentrados de la econom\u00eda a costa de las grandes mayor\u00edas por la doble v\u00eda de la devaluaci\u00f3n y de la quita de retenciones al agro y la miner\u00eda y la quita de derechos de exportaci\u00f3n en general.<br \/>\nAquello constituy\u00f3 un brusco ataque a la mesa de los argentinos. Fue un decidido puntapi\u00e9 para que se disparar\u00e1 la inflaci\u00f3n. El alza de precios fue liderada por los productos de primera necesidad y aument\u00f3 notablemente el costo de vida.<br \/>\nLos aumentos de los servicios p\u00fablicos y los aumentos en los combustibles han constituido otro golpe al bolsillo. Son de por s\u00ed un golpe al bolsillo y hasta donde mi entendimiento llega impactan en otros precios. Son muestra de insensibilidad social de parte del gobierno, son una impugnaci\u00f3n de derechos, un \u201cquien quiera tener que pagu\u00e9\u201d -si es que puede-. Son una enorme concesi\u00f3n de ganancias para el gran empresariado. De todos modos habr\u00e1 que ver en qu\u00e9 termina la contienda por las tarifas de los servicios p\u00fablicos, quiz\u00e1s termine aliviado el bolsillo de los usuarios.<br \/>\nAnuncian que este segundo semestre ser\u00e1 mejor y que la inflaci\u00f3n disminuir\u00e1. Probablemente la reduzcan pero a costa del salario y del empleo, por un enfriamiento de la econom\u00eda, debido a que el bestial ataque al poder de compra ya haya sido tal que se vea acotada la posibilidad de seguir incrementando precios.<br \/>\nLos salarios \u2013en su mayor\u00eda- han quedado muy por detr\u00e1s de este incremento de precios. El porcentaje de los aumentos salariales ha estado muy por debajo de la inflaci\u00f3n acumulada y proyectada. Esto con s\u00f3lo observar lo que hace al empleo formal y sujeto a negociaciones colectivas. Adem\u00e1s muchos de los acuerdos salariales han sido en c\u00f3modas cuotas que reci\u00e9n concluyen en los \u00faltimos meses del a\u00f1o. La p\u00e9rdida de poder adquisitivo ha sido muy importante.<br \/>\nEstas pol\u00edticas han redundado en un aumento de la pobreza y la indigencia como desconoc\u00edamos desde hace muchos a\u00f1os, acaso sin precedentes. Han conducido a un dr\u00e1stico empeoramiento de los niveles de vida de la mayor parte de la poblaci\u00f3n, a ca\u00eddas en los salarios reales y en los niveles de empleo.<br \/>\nLas familias involucran una mayor proporci\u00f3n de sus ingresos en alimentos y son muchos quienes se alimentan menos y peor. La ca\u00edda fue muy grande y no ven\u00edamos de ninguna panacea.<br \/>\nMillones de familias argentinas deben comprometer una parte mucho mayor de sus ingresos a lo que habituaban en hacer frente a las necesidades m\u00e1s b\u00e1sicas y al pago de los tarifas de los servicios p\u00fablicos, debiendo suprimir o reducir dr\u00e1sticamente numerosos gastos.<br \/>\nEsa supresi\u00f3n de gastos se traduci\u00f3 en una brutal ca\u00edda en los niveles de actividad en general y de determinados rubros en particular.<br \/>\nSe lo percibe con s\u00f3lo ver la situaci\u00f3n econ\u00f3mica personal de cada uno y de los cercanos. Se aprecia con s\u00f3lo recorrer las calles y notar en la concurrencia de gente a los comercios y en ciertos rubros en particular una estrepitosa ca\u00edda.<br \/>\nSe genera y se sostiene el empleo porque hay ingresos disponibles que se involucra en demandar determinados consumos. Hay empleo all\u00ed donde hay una demanda que lo genera y sostiene. Reducida la demanda en ciertos sectores de la econom\u00eda, comienzan a peligrar empleos. Eventualmente, con la ca\u00edda en el consumo se pierden empleos. La disminuci\u00f3n de los ingresos por la v\u00eda de las p\u00e9rdidas de empleo o de reducciones del poder adquisitivo del salario repercute negativamente en los niveles actividad y se entra en un c\u00edrculo vicioso.<br \/>\nSe han suscitado despidos en cantidad tanto en el Estado como en la esfera privada. Los medios de mayor llegada expusieron los despidos de manera insuficiente cuando no directamente los ocultaron.<br \/>\nLos despidos en el sector formal han sido m\u00e1s rastreables y expuestos. Lo cual es l\u00f3gico. Menos mencionados pero de mayor envergadura han sido los despidos o las ca\u00eddas en el nivel de empleo en el sector informal, m\u00e1s sujeto a las coyunturas de la demanda y sin garant\u00edas de estabilidad.<br \/>\nNo s\u00f3lo es despidos. Tambi\u00e9n es suspensiones, reducciones horarias, personas que ven asociado sus ingresos al volumen de trabajo y que con la disminuci\u00f3n de la demanda han visto sucumbir su volumen de trabajo y sus ingresos notablemente.<br \/>\nCantidad de empresas han cerrado y pronto podr\u00edan sumarse muchas m\u00e1s a esta triste lista. Muchas empresas, emprendimientos productivos, muchos empleos est\u00e1n en riesgo. A la mencionada ca\u00edda en la demanda se le suman los tarifazos que incrementaron sus costos y el incipiente aperturismo comercial que amenaza con sucumbir gran parte de la industria nacional impotente para competir con la baratura de afuera.<br \/>\n\u00bfCu\u00e1n lejos estamos de que el pueblo salga multitudinariamente a las calles diciendo \u201cbasta\u201d al curso que toman las pol\u00edticas del gobierno? Estas marchas contra los tarifazos son un incipiente inicio de movilizaci\u00f3n social contra las pol\u00edticas del gobierno.<br \/>\nMuchos de sus votantes se han visto desilusionados. Muchos se lo tienen guardado. La mayor parte no vot\u00f3 esto al votar el \u201ccambio\u201d y hoy en d\u00eda se saben damnificados. Es dif\u00edcil reconocerse enga\u00f1ado siendo que muchos involucraron en su voto cierto aire de superioridad moral e intelectual y reconocer aspectos positivos del gobierno anterior al que quiz\u00e1s tanto se empe\u00f1aron en odiar y que saltan a la vista con estos seis meses de macrismo.<br \/>\nLa imagen del gobierno ha ca\u00eddo r\u00e1pida y notablemente. Sin embargo, sigue siendo sorprendentemente alta teniendo en cuenta lo que han hecho. Dicen \u201chay que darles tiempo\u201d. \u00bfTiempo para qu\u00e9? \u00bfQu\u00e9 es eso que pueden estar prontos a hacer y puede mejorar la situaci\u00f3n? \u00bfNo les resulta claro a qu\u00e9 han venido con s\u00f3lo ver sus primeros actos de gobierno? \u00bfSer\u00e1 que incre\u00edblemente compran y ven asaltada su inteligencia por los medios de comunicaci\u00f3n crey\u00e9ndose que es por \u201cla herencia\u201d, que es porque el gobierno anterior dej\u00f3 \u201cuna bomba pronta a estallar\u201d y que estas medidas impopulares son correcciones necesarias, que es porque est\u00e1n pagando \u201clo que el gobierno anterior se rob\u00f3\u201d?<br \/>\n\u00bfEsta gente pretende estar cuatro a\u00f1os?  Uno imaginar\u00eda en principio que esta \u201cgente\u201d pretende perdurar en el poder, construir una mayor\u00eda que acompa\u00f1e o por lo menos contar con un p\u00fablico cautivo m\u00e1s o menos importante, que si lo tiene creo que va camino a perderlo. Imagina tambi\u00e9n uno que desean quedarse m\u00e1s de cuatro a\u00f1os. \u00bfPero c\u00f3mo? \u00bfQu\u00e9 pueden tener planeados para engrupir tan escandalosamente al electorado?<br \/>\n\u00bfO acaso vienen a restituir un orden de cosas, conceder enormes e ignominiosos beneficios a fracciones del poder econ\u00f3mico e irse con el da\u00f1o ya causado, contentos por haber favorecido a quienes pretend\u00edan favorecer; acaso pretendiendo y planeando que otra formaci\u00f3n pol\u00edtica llegue al poder y sea m\u00e1s o menos funcional a sus intereses y les haga perdurar un estado de cosas? Sabiendo que causado tanto da\u00f1o y destruyendo tanto, desandar lo hecho quedar\u00e1 cuesta arriba y demorar\u00e1. <\/p>\n","protected":false},"excerpt":{"rendered":"<p>No era campa\u00f1a del miedo. Mucho de lo anunciado se cumpli\u00f3, y con mayor celeridad y brutalidad de lo pensado. Ojal\u00e1 de aqu\u00ed en m\u00e1s la realidad nos contadiga. Pero decir esto no es m\u00e1s que un cumplido. El panorama es oscuro y hay razones para seguir anunciando p\u00e1lidos pron\u00f3sticos.<\/p>\n","protected":false},"author":8,"featured_media":0,"comment_status":"open","ping_status":"open","sticky":false,"template":"","format":"standard","meta":{"_jetpack_newsletter_access":"","_jetpack_dont_email_post_to_subs":false,"_jetpack_newsletter_tier_id":0,"_jetpack_memberships_contains_paywalled_content":false,"_jetpack_memberships_contains_paid_content":false,"footnotes":""},"categories":[64],"tags":[],"class_list":["post-85039","post","type-post","status-publish","format-standard","hentry","category-opinion"],"jetpack_featured_media_url":"","jetpack_shortlink":"https:\/\/wp.me\/p2JWE0-m7B","jetpack-related-posts":[{"id":114866,"url":"https:\/\/www.24baires.com\/?p=114866","url_meta":{"origin":85039,"position":0},"title":"Kicillof anuncia medidas para sectores productivos","author":"GB","date":"29\/04\/2020","format":false,"excerpt":"El anuncio ser\u00e1 a partir de las 11 de la ma\u00f1ana en el Sal\u00f3n Dorado de la Gobernaci\u00f3n bonaerense en La Plata y ampliar\u00e1 el auxilio para los sectores de la econom\u00eda m\u00e1s golpeados por la crisis que desat\u00f3 la pandemia. El gobernador de la provincia de Buenos Aires, Axel\u2026","rel":"","context":"En \u00abProvincia\u00bb","block_context":{"text":"Provincia","link":"https:\/\/www.24baires.com\/?cat=40"},"img":{"alt_text":"","src":"https:\/\/i0.wp.com\/www.24baires.com\/wp-content\/uploads\/2020\/04\/raverta-kici-vila.jpg?resize=350%2C200","width":350,"height":200,"srcset":"https:\/\/i0.wp.com\/www.24baires.com\/wp-content\/uploads\/2020\/04\/raverta-kici-vila.jpg?resize=350%2C200 1x, https:\/\/i0.wp.com\/www.24baires.com\/wp-content\/uploads\/2020\/04\/raverta-kici-vila.jpg?resize=525%2C300 1.5x"},"classes":[]},{"id":93461,"url":"https:\/\/www.24baires.com\/?p=93461","url_meta":{"origin":85039,"position":1},"title":"Llegan las primeras notebooks y tablets sin aranceles","author":"GB","date":"30\/03\/2017","format":false,"excerpt":"La quita de aranceles rige desde este s\u00e1bado. La oferta de computadoras ser\u00e1 progresiva. Se espera que las compras aumenten un 15%. El s\u00e1bado 1 de abril comienza a regir la quita de aranceles para la importaci\u00f3n de computadoras de escritorio, All-In-One, notebooks y tablets. La oferta ir\u00eda creciendo de\u2026","rel":"","context":"En \u00abConsumidores\u00bb","block_context":{"text":"Consumidores","link":"https:\/\/www.24baires.com\/?cat=78"},"img":{"alt_text":"","src":"https:\/\/i0.wp.com\/www.24baires.com\/wp-content\/uploads\/2013\/05\/notebook-atau-tablet-pc.jpg?resize=350%2C200","width":350,"height":200},"classes":[]},{"id":76080,"url":"https:\/\/www.24baires.com\/?p=76080","url_meta":{"origin":85039,"position":2},"title":"\u00abLos bruscos aumentos son por las expectativas de devaluaci\u00f3n\u00bb","author":"GB","date":"07\/12\/2015","format":false,"excerpt":"Lo hizo el Observatorio de Precios, que en las \u00faltimas semanas detect\u00f3 subas generalizadas. Del informe se desprende que los aumentos m\u00e1s fuertes son en alimentos y medicamentos. El informe del Observatorio de Precios de la Secretar\u00eda de Comercio \u2013organismo creado por ley en septiembre del a\u00f1o pasado\u2013 da cuenta\u2026","rel":"","context":"En \u00abEconom\u00eda\u00bb","block_context":{"text":"Econom\u00eda","link":"https:\/\/www.24baires.com\/?cat=45"},"img":{"alt_text":"","src":"","width":0,"height":0},"classes":[]},{"id":71333,"url":"https:\/\/www.24baires.com\/?p=71333","url_meta":{"origin":85039,"position":3},"title":"\u00abLa quita de subsidios al gas es tal cual se anunci\u00f3 en 2014\u00bb","author":"GB","date":"28\/08\/2015","format":false,"excerpt":"As\u00ed lo asever\u00f3 el ministro de Planificaci\u00f3n Federal, Julio De Vido, quien asegur\u00f3 que no se ha producido \"ninguna modificaci\u00f3n a las reglas tarifarias\u201d. De esta manera el ministro se refiri\u00f3 a un art\u00edculo publicado en el diario El Cronista, titulado \u201cPor el cambio de reglas tarifarias de 2014, hay\u2026","rel":"","context":"En \u00abPol\u00edtica\u00bb","block_context":{"text":"Pol\u00edtica","link":"https:\/\/www.24baires.com\/?cat=51"},"img":{"alt_text":"De Vido neg\u00f3 que haya crisis energ\u00e9tica en Argentina.","src":"https:\/\/i0.wp.com\/www.24baires.com\/wp-content\/uploads\/2014\/11\/de-vido.jpg?resize=350%2C200","width":350,"height":200,"srcset":"https:\/\/i0.wp.com\/www.24baires.com\/wp-content\/uploads\/2014\/11\/de-vido.jpg?resize=350%2C200 1x, https:\/\/i0.wp.com\/www.24baires.com\/wp-content\/uploads\/2014\/11\/de-vido.jpg?resize=525%2C300 1.5x"},"classes":[]},{"id":78382,"url":"https:\/\/www.24baires.com\/?p=78382","url_meta":{"origin":85039,"position":4},"title":"Frigerio y Aranguren se re\u00fanen con Intendentes por el aumento de la luz","author":"AF","date":"01\/02\/2016","format":false,"excerpt":"Los ministros del Interior, Rogelio Frigerio, y de Energ\u00eda, Juan Jos\u00e9 Aranguren, se reunir\u00e1n este mediod\u00eda con un grupo de intendentes, entre ellos del Frente para la Victoria y del massismo, para abordar el tema del impacto de la suba en las tarifas de luz en el conurbano bonaerense, informaron\u2026","rel":"","context":"En \u00abPol\u00edtica\u00bb","block_context":{"text":"Pol\u00edtica","link":"https:\/\/www.24baires.com\/?cat=51"},"img":{"alt_text":"","src":"","width":0,"height":0},"classes":[]},{"id":48199,"url":"https:\/\/www.24baires.com\/?p=48199","url_meta":{"origin":85039,"position":5},"title":"Kicillof: \u00bb Venimos a arreglar el desastre que dejaron en 2001&#8243;","author":"GB","date":"17\/06\/2014","format":false,"excerpt":"El ministro de Econom\u00eda se refiri\u00f3 esta tarde al tema de los fondos buitre en el Palacio de Hacienda, donde anunci\u00f3 adem\u00e1s que los abogados del Estado ir\u00e1n a hablar con el juez Thomas Griesa. \u201cEl Gobierno mantendr\u00e1 los principios que guiaron la reestructuraci\u00f3n de la deuda\u201d, anticip\u00f3. El funcionario\u2026","rel":"","context":"En \u00abEconom\u00eda\u00bb","block_context":{"text":"Econom\u00eda","link":"https:\/\/www.24baires.com\/?cat=45"},"img":{"alt_text":"kicillof2","src":"https:\/\/i0.wp.com\/www.24baires.com\/wp-content\/uploads\/2014\/01\/kicillof2.jpg?resize=350%2C200","width":350,"height":200,"srcset":"https:\/\/i0.wp.com\/www.24baires.com\/wp-content\/uploads\/2014\/01\/kicillof2.jpg?resize=350%2C200 1x, https:\/\/i0.wp.com\/www.24baires.com\/wp-content\/uploads\/2014\/01\/kicillof2.jpg?resize=525%2C300 1.5x"},"classes":[]}],"jetpack_sharing_enabled":true,"jetpack_likes_enabled":true,"_links":{"self":[{"href":"https:\/\/www.24baires.com\/index.php?rest_route=\/wp\/v2\/posts\/85039","targetHints":{"allow":["GET"]}}],"collection":[{"href":"https:\/\/www.24baires.com\/index.php?rest_route=\/wp\/v2\/posts"}],"about":[{"href":"https:\/\/www.24baires.com\/index.php?rest_route=\/wp\/v2\/types\/post"}],"author":[{"embeddable":true,"href":"https:\/\/www.24baires.com\/index.php?rest_route=\/wp\/v2\/users\/8"}],"replies":[{"embeddable":true,"href":"https:\/\/www.24baires.com\/index.php?rest_route=%2Fwp%2Fv2%2Fcomments&post=85039"}],"version-history":[{"count":1,"href":"https:\/\/www.24baires.com\/index.php?rest_route=\/wp\/v2\/posts\/85039\/revisions"}],"predecessor-version":[{"id":85040,"href":"https:\/\/www.24baires.com\/index.php?rest_route=\/wp\/v2\/posts\/85039\/revisions\/85040"}],"wp:attachment":[{"href":"https:\/\/www.24baires.com\/index.php?rest_route=%2Fwp%2Fv2%2Fmedia&parent=85039"}],"wp:term":[{"taxonomy":"category","embeddable":true,"href":"https:\/\/www.24baires.com\/index.php?rest_route=%2Fwp%2Fv2%2Fcategories&post=85039"},{"taxonomy":"post_tag","embeddable":true,"href":"https:\/\/www.24baires.com\/index.php?rest_route=%2Fwp%2Fv2%2Ftags&post=85039"}],"curies":[{"name":"wp","href":"https:\/\/api.w.org\/{rel}","templated":true}]}}