{"id":8499,"date":"2012-12-09T19:19:18","date_gmt":"2012-12-09T22:19:18","guid":{"rendered":"http:\/\/www.24baires.com\/?p=8499"},"modified":"2012-12-09T19:19:18","modified_gmt":"2012-12-09T22:19:18","slug":"un-pueblo-horrorizado-por-cinco-casos-de-abuso-infantil-pide-justicia","status":"publish","type":"post","link":"https:\/\/www.24baires.com\/?p=8499","title":{"rendered":"Un pueblo horrorizado por cinco casos de abuso infantil pide justicia"},"content":{"rendered":"<p><img data-recalc-dims=\"1\" loading=\"lazy\" decoding=\"async\" class=\"aligncenter size-full wp-image-8500\" title=\"villacacique3\" src=\"https:\/\/i0.wp.com\/www.24baires.com\/wp-content\/uploads\/2012\/12\/villacacique3.jpg?resize=560%2C236\" alt=\"\" width=\"560\" height=\"236\" srcset=\"https:\/\/i0.wp.com\/www.24baires.com\/wp-content\/uploads\/2012\/12\/villacacique3.jpg?w=560&amp;ssl=1 560w, https:\/\/i0.wp.com\/www.24baires.com\/wp-content\/uploads\/2012\/12\/villacacique3.jpg?resize=300%2C126&amp;ssl=1 300w\" sizes=\"auto, (max-width: 560px) 100vw, 560px\" \/><\/p>\n<p><strong>TANDIL &#8211;<\/strong> Este domingo al mediod\u00eda casi un centenar de vecinos de <strong>Villa Cacique<\/strong> que piden justicia por cinco casos de supuesto abuso sexual a menores, cometidos seg\u00fan las hip\u00f3tesis por un hombre que pertenece a esa comunidad,\u00a0se reunieron en el Monumento a las Islas Malvinas de la plaza San Mart\u00edn, para aguardar el resultado de la charla entre la Fiscal que lleva la causa y los padres de las supuestas v\u00edctimas.<!--more--><\/p>\n<p>Para este domingo estaba prevista la reuni\u00f3n entre la Fiscal Karina Calarco y los padres de las supuestas v\u00edctimas de abuso sexual, cinco nenas de entre 5 y 7 a\u00f1os.<br \/>\nEl encuentro se produjo en la Subestaci\u00f3n de la polic\u00eda comunal. Los padres estuvieron acompa\u00f1ados por la joven Alba Conforti (estudiante de derecho, elegida por los familiares) quien adem\u00e1s fue la encargada la encargada de transmitir a la gente el pedido de la Fiscal para que se detuvieran las marchas.<\/p>\n<p>Tras la charla con la representante judicial Conforti les inform\u00f3 se est\u00e1 trabajando para poder encontrar las pruebas que permita ordenar la detenci\u00f3n del sospechoso. Tras la reuni\u00f3n tambi\u00e9n habl\u00f3 uno de los padres de una de las v\u00edctimas quien con l\u00e1grimas en sus ojos, muy consternado, les dijo: \u00abPor favor detengan las marchas, nadie m\u00e1s que yo quiere que se haga Justicia, pero estemos tranquilos, gracias por el apoyo y lo que est\u00e1n haciendo\u00bb, manifest\u00f3.<\/p>\n<p>Los vecinos auto convocados ahora esperan lo que suceda en la pr\u00f3ximas horas si finalmente la Justicia obtiene las pruebas suficientes como para detener al sospechoso, que por ahora se encuentra en Benito Ju\u00e1rez, en libertad y al requerimiento de las familias.<\/p>\n","protected":false},"excerpt":{"rendered":"<p>TANDIL &#8211; Este domingo al mediod\u00eda casi un centenar de vecinos de Villa Cacique que piden justicia por cinco casos de supuesto abuso sexual a menores, cometidos seg\u00fan las hip\u00f3tesis por un hombre que pertenece a esa comunidad,\u00a0se reunieron en el Monumento a las Islas Malvinas de la plaza San Mart\u00edn, para aguardar el resultado de la charla entre la [&#8230;]<\/p>\n","protected":false},"author":11,"featured_media":0,"comment_status":"open","ping_status":"open","sticky":false,"template":"","format":"standard","meta":{"_jetpack_newsletter_access":"","_jetpack_dont_email_post_to_subs":false,"_jetpack_newsletter_tier_id":0,"_jetpack_memberships_contains_paywalled_content":false,"_jetpack_memberships_contains_paid_content":false,"footnotes":""},"categories":[1],"tags":[],"class_list":["post-8499","post","type-post","status-publish","format-standard","hentry","category-sociedad"],"jetpack_featured_media_url":"","jetpack_shortlink":"https:\/\/wp.me\/p2JWE0-2d5","jetpack-related-posts":[{"id":106502,"url":"https:\/\/www.24baires.com\/?p=106502","url_meta":{"origin":8499,"position":0},"title":"La chica de 14 a\u00f1os violada en un camping reconoci\u00f3 a tres de los cinco detenidos","author":"GB","date":"23\/01\/2019","format":false,"excerpt":"MIRAMAR-Los otros dos apresados que no fueron identificados por la adolescente quedaron libres. Los investigadores esperan los resultados de ADN. En una rueda de reconocimiento fotogr\u00e1fico, la adolescente de 14 a\u00f1os que fue violada el 1 de enero en Miramar en el camping \"El Durazno\" reconoci\u00f3 este martes a tres\u2026","rel":"","context":"En \u00abPoliciales\u00bb","block_context":{"text":"Policiales","link":"https:\/\/www.24baires.com\/?cat=49"},"img":{"alt_text":"","src":"https:\/\/i0.wp.com\/www.24baires.com\/wp-content\/uploads\/2019\/01\/detenidos-abuso-miramar.jpg?resize=350%2C200","width":350,"height":200,"srcset":"https:\/\/i0.wp.com\/www.24baires.com\/wp-content\/uploads\/2019\/01\/detenidos-abuso-miramar.jpg?resize=350%2C200 1x, https:\/\/i0.wp.com\/www.24baires.com\/wp-content\/uploads\/2019\/01\/detenidos-abuso-miramar.jpg?resize=525%2C300 1.5x"},"classes":[]},{"id":1435,"url":"https:\/\/www.24baires.com\/?p=1435","url_meta":{"origin":8499,"position":1},"title":"Rauch marcha reclamando Justicia para casos de abuso sexual a menores","author":"AF","date":"08\/10\/2012","format":false,"excerpt":"En la noche de ayer domingo, desde las 20, aproximadamente 200 personas se reunieron para marchar en reclamo de Justicia para casos de abuso y acoso sexual a menores. El aplauso r\u00edtmico y la reiteraci\u00f3n de la palabra \"Justicia\" fue el sonido que acompa\u00f1\u00f3 la marcha por la Avenida San\u2026","rel":"","context":"En \u00abSociedad\u00bb","block_context":{"text":"Sociedad","link":"https:\/\/www.24baires.com\/?cat=1"},"img":{"alt_text":"","src":"https:\/\/i0.wp.com\/www.24baires.com\/wp-content\/uploads\/2012\/10\/seguridadrauch-300x224.jpg?resize=350%2C200","width":350,"height":200},"classes":[]},{"id":65405,"url":"https:\/\/www.24baires.com\/?p=65405","url_meta":{"origin":8499,"position":2},"title":"Miramar: abus\u00f3 de una nena, lo condenaron a cinco a\u00f1os de prisi\u00f3n pero no ir\u00e1 a la c\u00e1rcel","author":"GB","date":"06\/05\/2015","format":false,"excerpt":"El hecho ocurri\u00f3 en Miramar. El acusado someti\u00f3 a distintos abusos sexuales a la nieta de su concubina y cumplir\u00e1 la pena en libertad. Un ex empleado judicial fue condenado a 5 a\u00f1os de prisi\u00f3n por el abuso sexual agravado de la peque\u00f1a nieta de su concubina. El tribunal que\u2026","rel":"","context":"En \u00abPoliciales\u00bb","block_context":{"text":"Policiales","link":"https:\/\/www.24baires.com\/?cat=49"},"img":{"alt_text":"","src":"","width":0,"height":0},"classes":[]},{"id":118907,"url":"https:\/\/www.24baires.com\/?p=118907","url_meta":{"origin":8499,"position":3},"title":"Confirman la fecha del nuevo juicio por el femicidio de Luc\u00eda P\u00e9rez","author":"GB","date":"27\/05\/2022","format":false,"excerpt":"Los padres de la joven abusada y asesinada cargaron contra los jueces Facundo G\u00f3mez Urso y Pablo Vi\u00f1as, que fueron suspendidos. \"Tienen que ser destituidos\", sostuvieron El nuevo juicio contra los acusados del abuso sexual y femicidio de la adolescente Luc\u00eda P\u00e9rez ya tiene fecha confirmada: comenzar\u00e1 el 7 de\u2026","rel":"","context":"En \u00abSociedad\u00bb","block_context":{"text":"Sociedad","link":"https:\/\/www.24baires.com\/?cat=1"},"img":{"alt_text":"","src":"https:\/\/i0.wp.com\/www.24baires.com\/wp-content\/uploads\/2016\/10\/Luc%C3%ADa-P%C3%A9rez.jpg?resize=350%2C200","width":350,"height":200,"srcset":"https:\/\/i0.wp.com\/www.24baires.com\/wp-content\/uploads\/2016\/10\/Luc%C3%ADa-P%C3%A9rez.jpg?resize=350%2C200 1x, https:\/\/i0.wp.com\/www.24baires.com\/wp-content\/uploads\/2016\/10\/Luc%C3%ADa-P%C3%A9rez.jpg?resize=525%2C300 1.5x, https:\/\/i0.wp.com\/www.24baires.com\/wp-content\/uploads\/2016\/10\/Luc%C3%ADa-P%C3%A9rez.jpg?resize=700%2C400 2x"},"classes":[]},{"id":52510,"url":"https:\/\/www.24baires.com\/?p=52510","url_meta":{"origin":8499,"position":4},"title":"Imputan a maestra de m\u00fasica por nueve casos de abuso sexual en Mar del Plata","author":"GB","date":"26\/08\/2014","format":false,"excerpt":"Adem\u00e1s se le imputan seis hechos por \u201ccorrupci\u00f3n de menores\u201d. Las v\u00edctimas tienen 4 y 5 a\u00f1os. La Fiscal\u00eda sostiene que la docente se val\u00eda de juegos para concretar el abuso y despu\u00e9s los amenazaba para que no contaran nada. La Fiscal\u00eda imput\u00f3 a una maestra de m\u00fasica por una\u2026","rel":"","context":"En \u00abJUDICIALES\u00bb","block_context":{"text":"JUDICIALES","link":"https:\/\/www.24baires.com\/?cat=68"},"img":{"alt_text":"colegio-","src":"https:\/\/i0.wp.com\/www.24baires.com\/wp-content\/uploads\/2014\/08\/colegio--300x225.jpg?resize=350%2C200","width":350,"height":200},"classes":[]},{"id":106165,"url":"https:\/\/www.24baires.com\/?p=106165","url_meta":{"origin":8499,"position":5},"title":"Miramar: violan a una chica de 14 a\u00f1os en un camping y detienen a cinco j\u00f3venes","author":"GB","date":"02\/01\/2019","format":false,"excerpt":"Una nena de 14 a\u00f1os que pas\u00f3 A\u00f1o Nuevo junto a su familia en un camping de la localidad de Miramar fue violada por cinco j\u00f3venes, todos mayores de edad y oriundos de Mar del Plata, como la v\u00edctima. El hecho ocurri\u00f3 en el camping El Durazno, sobre la ruta\u2026","rel":"","context":"En \u00abPoliciales\u00bb","block_context":{"text":"Policiales","link":"https:\/\/www.24baires.com\/?cat=49"},"img":{"alt_text":"","src":"https:\/\/i0.wp.com\/www.24baires.com\/wp-content\/uploads\/2019\/01\/camping-durazno-300x200.jpg?resize=350%2C200","width":350,"height":200},"classes":[]}],"jetpack_sharing_enabled":true,"jetpack_likes_enabled":true,"_links":{"self":[{"href":"https:\/\/www.24baires.com\/index.php?rest_route=\/wp\/v2\/posts\/8499","targetHints":{"allow":["GET"]}}],"collection":[{"href":"https:\/\/www.24baires.com\/index.php?rest_route=\/wp\/v2\/posts"}],"about":[{"href":"https:\/\/www.24baires.com\/index.php?rest_route=\/wp\/v2\/types\/post"}],"author":[{"embeddable":true,"href":"https:\/\/www.24baires.com\/index.php?rest_route=\/wp\/v2\/users\/11"}],"replies":[{"embeddable":true,"href":"https:\/\/www.24baires.com\/index.php?rest_route=%2Fwp%2Fv2%2Fcomments&post=8499"}],"version-history":[{"count":2,"href":"https:\/\/www.24baires.com\/index.php?rest_route=\/wp\/v2\/posts\/8499\/revisions"}],"predecessor-version":[{"id":8502,"href":"https:\/\/www.24baires.com\/index.php?rest_route=\/wp\/v2\/posts\/8499\/revisions\/8502"}],"wp:attachment":[{"href":"https:\/\/www.24baires.com\/index.php?rest_route=%2Fwp%2Fv2%2Fmedia&parent=8499"}],"wp:term":[{"taxonomy":"category","embeddable":true,"href":"https:\/\/www.24baires.com\/index.php?rest_route=%2Fwp%2Fv2%2Fcategories&post=8499"},{"taxonomy":"post_tag","embeddable":true,"href":"https:\/\/www.24baires.com\/index.php?rest_route=%2Fwp%2Fv2%2Ftags&post=8499"}],"curies":[{"name":"wp","href":"https:\/\/api.w.org\/{rel}","templated":true}]}}