{"id":8470,"date":"2012-12-09T13:13:49","date_gmt":"2012-12-09T16:13:49","guid":{"rendered":"http:\/\/www.24baires.com\/?p=8470"},"modified":"2012-12-09T13:37:27","modified_gmt":"2012-12-09T16:37:27","slug":"afsca-realizo-una-radio-abierta-en-villa-gesell-por-la-plena-aplicacion-de-la-ley-de-medios","status":"publish","type":"post","link":"https:\/\/www.24baires.com\/?p=8470","title":{"rendered":"AFSCA realiz\u00f3 una radio abierta en Villa Gesell por la plena aplicaci\u00f3n de la Ley de Medios"},"content":{"rendered":"<p><img data-recalc-dims=\"1\" loading=\"lazy\" decoding=\"async\" class=\"aligncenter size-full wp-image-8480\" title=\"AFSCA GESELL\" src=\"https:\/\/i0.wp.com\/www.24baires.com\/wp-content\/uploads\/2012\/12\/AFSCA-GESELL.png?resize=560%2C270\" alt=\"\" width=\"560\" height=\"270\" srcset=\"https:\/\/i0.wp.com\/www.24baires.com\/wp-content\/uploads\/2012\/12\/AFSCA-GESELL.png?w=560&amp;ssl=1 560w, https:\/\/i0.wp.com\/www.24baires.com\/wp-content\/uploads\/2012\/12\/AFSCA-GESELL.png?resize=300%2C144&amp;ssl=1 300w\" sizes=\"auto, (max-width: 560px) 100vw, 560px\" \/><\/p>\n<p>Bajo el lema \u00abPor la plena vigencia de la Ley de Servicios de Comunicaci\u00f3n Audiovisual\u00bb, la actividad se desarroll\u00f3 en la Plaza Primera Junta con propuestas de m\u00fasica, entrevistas y material audiovisual sobre la Ley de Medios.<!--more--><\/p>\n<p>Llenaron de m\u00fasica el coraz\u00f3n Tamarisco, Planalto Reggae, el d\u00fao Jonathan Arcangeli y Cecilia Marina, las bagualas de Josefina Pietro y La Vasca y el juvenil duo Juan y Manuel.<br \/>\nSumaron su voz al encuentro los periodistas y productores radiales Sabrina Picolla, Daniela Lopez, Gabriela Perez y Alejandro Viale de Radio del Bosque junto con Dario Stivale y Luciano Dorcazberro, militantes de La Campora y Nuevo Encuentro en Unidos Organizados y Solidarios. Se realiz\u00f3 una entrevista a La Asamblea de Vecinos Autoconvocados \u00abNo al aumento del boleto\u00bb y al escritor Daniel Garmendia escritor del libro \u00abLa hora de nuestras voces\u00bb junto con Manuel Navarro quien dio testimonio de su profunda investigaci\u00f3n sobre los medios en Sudam\u00e9rica. Estuvo presente al final de la jornada el coordinador de la delegaci\u00f3n regional de AFSCA, Fernando Araujo. La propuesta tambi\u00e9n cont\u00f3 con la asistencia de Juan Noriega de Mega Gesell FM, FM La Villa, Canal 2, Marcelo Di Luciano de El Ventanal junto con otras organizaciones sociales y culturales. Numerosos vecinos se acercaron al colorido espacio cultural dispuesto al pie del escenario de la plaza ocupado con diversas y plurales voces.<\/p>\n","protected":false},"excerpt":{"rendered":"<p>Bajo el lema \u00abPor la plena vigencia de la Ley de Servicios de Comunicaci\u00f3n Audiovisual\u00bb, la actividad se desarroll\u00f3 en la Plaza Primera Junta con propuestas de m\u00fasica, entrevistas y material audiovisual sobre la Ley de Medios.<\/p>\n","protected":false},"author":4,"featured_media":0,"comment_status":"open","ping_status":"open","sticky":false,"template":"","format":"standard","meta":{"_jetpack_newsletter_access":"","_jetpack_dont_email_post_to_subs":false,"_jetpack_newsletter_tier_id":0,"_jetpack_memberships_contains_paywalled_content":false,"_jetpack_memberships_contains_paid_content":false,"footnotes":""},"categories":[54],"tags":[],"class_list":["post-8470","post","type-post","status-publish","format-standard","hentry","category-medios"],"jetpack_featured_media_url":"","jetpack_shortlink":"https:\/\/wp.me\/p2JWE0-2cC","jetpack-related-posts":[{"id":721,"url":"https:\/\/www.24baires.com\/?p=721","url_meta":{"origin":8470,"position":0},"title":"Plenario de la Coalici\u00f3n por una Radiodifusi\u00f3n Democr\u00e1tica de cara a la plena vigencia de la Ley de Medios","author":"Grupo Sierra","date":"30\/09\/2012","format":false,"excerpt":"La Coalici\u00f3n por una Radiodifusi\u00f3n Democr\u00e1tica debatir\u00e1 el pr\u00f3ximo martes, en un plenario federal, las medidas en respaldo a la plena aplicaci\u00f3n de la Ley de Servicios de Comunicaci\u00f3n Audiovisual. El plenario tendr\u00e1 lugar a las 14 en la sede de la Asociaci\u00f3n Argentina de Actores, Alsina 1762 de la\u2026","rel":"","context":"En \u00abMedios\u00bb","block_context":{"text":"Medios","link":"https:\/\/www.24baires.com\/?cat=54"},"img":{"alt_text":"","src":"","width":0,"height":0},"classes":[]},{"id":7615,"url":"https:\/\/www.24baires.com\/?p=7615","url_meta":{"origin":8470,"position":1},"title":"Vila-Manzano, Crist\u00f3bal L\u00f3pez, los Ick y Aldrey presentaron propuestas a la AFSCA","author":"Grupo Sierra","date":"02\/12\/2012","format":false,"excerpt":"En el marco del proceso de adecuaci\u00f3n a la ley 26.522, varios grupos que explotan licencias de radio y televisi\u00f3n presentaron a fines de esta semana sus propuestas ante la AFSCA. En la Provincia el empresario marplatense Aldrey Iglesias reconoci\u00f3 ser socio del\u00a0Grupo Clar\u00edn y que se desprender\u00eda de dos\u2026","rel":"","context":"En \u00abMedios\u00bb","block_context":{"text":"Medios","link":"https:\/\/www.24baires.com\/?cat=54"},"img":{"alt_text":"","src":"https:\/\/i0.wp.com\/www.24baires.com\/wp-content\/uploads\/2012\/12\/sababtella-propuestas.jpg?resize=350%2C200","width":350,"height":200,"srcset":"https:\/\/i0.wp.com\/www.24baires.com\/wp-content\/uploads\/2012\/12\/sababtella-propuestas.jpg?resize=350%2C200 1x, https:\/\/i0.wp.com\/www.24baires.com\/wp-content\/uploads\/2012\/12\/sababtella-propuestas.jpg?resize=525%2C300 1.5x"},"classes":[]},{"id":6449,"url":"https:\/\/www.24baires.com\/?p=6449","url_meta":{"origin":8470,"position":2},"title":"Cristina encabeza la apertura del II Encuentro de Comunicaci\u00f3n Audiovisual","author":"Grupo Sierra","date":"22\/11\/2012","format":false,"excerpt":"MAR DEL PLATA - La presidenta Cristina Fern\u00e1ndez de Kirchner encabezar\u00e1 la apertura del Segundo Encuentro de Comunicaci\u00f3n Audiovisual este viernes a las 12 en un acto en el Sal\u00f3n de las Am\u00e9ricas del Hotel Provincial de Mar del Plata. La actividad ser\u00e1 el inicio de dos d\u00edas de debate\u2026","rel":"","context":"En \u00abMedios\u00bb","block_context":{"text":"Medios","link":"https:\/\/www.24baires.com\/?cat=54"},"img":{"alt_text":"","src":"https:\/\/i0.wp.com\/www.24baires.com\/wp-content\/uploads\/2012\/11\/cristina-eca.png?resize=350%2C200","width":350,"height":200,"srcset":"https:\/\/i0.wp.com\/www.24baires.com\/wp-content\/uploads\/2012\/11\/cristina-eca.png?resize=350%2C200 1x, https:\/\/i0.wp.com\/www.24baires.com\/wp-content\/uploads\/2012\/11\/cristina-eca.png?resize=525%2C300 1.5x"},"classes":[]},{"id":59027,"url":"https:\/\/www.24baires.com\/?p=59027","url_meta":{"origin":8470,"position":3},"title":"Uruguay ya tiene Ley de Medios","author":"Grupo Sierra","date":"22\/12\/2014","format":false,"excerpt":"Con 50 votos sobre 75 presentes el Congreso oriental aprob\u00f3 la norma que busca \"establecer la regulaci\u00f3n de la prestaci\u00f3n de servicios de radio, televisi\u00f3n y otros servicios de comunicaci\u00f3n audiovisual\". El Frente Amplio uruguayo impuso su mayor\u00eda en la C\u00e1mara de Diputados para convertir en ley el proyecto de\u2026","rel":"","context":"En \u00abInternacionales\u00bb","block_context":{"text":"Internacionales","link":"https:\/\/www.24baires.com\/?cat=73"},"img":{"alt_text":"uruguay-congreso","src":"https:\/\/i0.wp.com\/www.24baires.com\/wp-content\/uploads\/2014\/12\/uruguay-congreso.jpg?resize=350%2C200","width":350,"height":200,"srcset":"https:\/\/i0.wp.com\/www.24baires.com\/wp-content\/uploads\/2014\/12\/uruguay-congreso.jpg?resize=350%2C200 1x, https:\/\/i0.wp.com\/www.24baires.com\/wp-content\/uploads\/2014\/12\/uruguay-congreso.jpg?resize=525%2C300 1.5x"},"classes":[]},{"id":32293,"url":"https:\/\/www.24baires.com\/?p=32293","url_meta":{"origin":8470,"position":4},"title":"La Presidenta confi\u00f3 que en el tema deuda haya cordura como la que est\u00e1 habiendo con Siria","author":"GB","date":"22\/09\/2013","format":false,"excerpt":"\"Ser\u00e1 una cumbre entre los buitres de la deuda y los halcones de la guerra\" dijo Cristina refi\u00e9ndose as\u00ed a la Asamblea de la ONU que se llevar\u00e1 a cabo en Nueva York, hacia donde parti\u00f3 esta tarde. Fue en el marco de la entrevista de Hern\u00e1n Brienza, que es\u2026","rel":"","context":"En \u00abPol\u00edtica\u00bb","block_context":{"text":"Pol\u00edtica","link":"https:\/\/www.24baires.com\/?cat=51"},"img":{"alt_text":"","src":"","width":0,"height":0},"classes":[]},{"id":6315,"url":"https:\/\/www.24baires.com\/?p=6315","url_meta":{"origin":8470,"position":5},"title":"Foro de Medios en Mar del Plata dentro del marco del Festival de Cine","author":"AF","date":"21\/11\/2012","format":false,"excerpt":"Este jueves 22 se realizar\u00e1 en Mar del Plata un Foro Popular y Abierto por la plena aplicaci\u00f3n de la Ley de Medios, bajo el lema \"El 7D todos dentro de la Ley\".\u00a0 Organizado por ARBIA, IMFC, Red PAR, AraMdP y FecoopTV, el foro se desarrollar\u00e1 en las instalaciones del\u2026","rel":"","context":"En \u00abMedios\u00bb","block_context":{"text":"Medios","link":"https:\/\/www.24baires.com\/?cat=54"},"img":{"alt_text":"","src":"","width":0,"height":0},"classes":[]}],"jetpack_sharing_enabled":true,"jetpack_likes_enabled":true,"_links":{"self":[{"href":"https:\/\/www.24baires.com\/index.php?rest_route=\/wp\/v2\/posts\/8470","targetHints":{"allow":["GET"]}}],"collection":[{"href":"https:\/\/www.24baires.com\/index.php?rest_route=\/wp\/v2\/posts"}],"about":[{"href":"https:\/\/www.24baires.com\/index.php?rest_route=\/wp\/v2\/types\/post"}],"author":[{"embeddable":true,"href":"https:\/\/www.24baires.com\/index.php?rest_route=\/wp\/v2\/users\/4"}],"replies":[{"embeddable":true,"href":"https:\/\/www.24baires.com\/index.php?rest_route=%2Fwp%2Fv2%2Fcomments&post=8470"}],"version-history":[{"count":3,"href":"https:\/\/www.24baires.com\/index.php?rest_route=\/wp\/v2\/posts\/8470\/revisions"}],"predecessor-version":[{"id":8481,"href":"https:\/\/www.24baires.com\/index.php?rest_route=\/wp\/v2\/posts\/8470\/revisions\/8481"}],"wp:attachment":[{"href":"https:\/\/www.24baires.com\/index.php?rest_route=%2Fwp%2Fv2%2Fmedia&parent=8470"}],"wp:term":[{"taxonomy":"category","embeddable":true,"href":"https:\/\/www.24baires.com\/index.php?rest_route=%2Fwp%2Fv2%2Fcategories&post=8470"},{"taxonomy":"post_tag","embeddable":true,"href":"https:\/\/www.24baires.com\/index.php?rest_route=%2Fwp%2Fv2%2Ftags&post=8470"}],"curies":[{"name":"wp","href":"https:\/\/api.w.org\/{rel}","templated":true}]}}