{"id":84675,"date":"2016-07-06T20:10:13","date_gmt":"2016-07-06T23:10:13","guid":{"rendered":"http:\/\/www.24baires.com\/?p=84675"},"modified":"2016-07-06T19:56:40","modified_gmt":"2016-07-06T22:56:40","slug":"que-es-una-garrafa","status":"publish","type":"post","link":"https:\/\/www.24baires.com\/?p=84675","title":{"rendered":"\u00bfQu\u00e9 es una garrafa?"},"content":{"rendered":"<p><img data-recalc-dims=\"1\" loading=\"lazy\" decoding=\"async\" src=\"https:\/\/i0.wp.com\/www.24baires.com\/wp-content\/uploads\/2016\/06\/pobreza.jpg?resize=560%2C294\" alt=\"pobreza\" width=\"560\" height=\"294\" class=\"aligncenter size-full wp-image-83735\" srcset=\"https:\/\/i0.wp.com\/www.24baires.com\/wp-content\/uploads\/2016\/06\/pobreza.jpg?w=560&amp;ssl=1 560w, https:\/\/i0.wp.com\/www.24baires.com\/wp-content\/uploads\/2016\/06\/pobreza.jpg?resize=300%2C158&amp;ssl=1 300w\" sizes=\"auto, (max-width: 560px) 100vw, 560px\" \/>Es atinado preguntar cuando no se sabe. En vez de inventar una falacia e intentar argumentar con la masilla aguanchenta de un conocimiento escaso, decir \u201cno s\u00e9\u201d, es honesto. Casi sabio, arriesgo. Es decir, hablar sobre determinado t\u00f3pico y dejar a las claras el desconocimiento que se tiene sobre esa materia, aunque se hable mucho y lindo, no sirve. Denota la ignorancia, la pone bajo un reflector que alumbra el inevitable rid\u00edculo.<!--more--><\/p>\n<p>\u201cMe gustar\u00eda saber qu\u00e9 tan pobres son los pobres\u201d, pide Gonz\u00e1lez Fraga, economista de raigambre radical, actualmente consustanciado con el macrismo. Bueno, no sabe. Y pregunta. Bien por \u00e9l. Porque evidentemente necesita que le expliquen, es que no sabe nada de eso: \u201cCreo que la situaci\u00f3n de los pobres no se ha agravado tanto\u201d, dice. \u00bfVes? No sabe. Nada.<br \/>\nDebe pensar que cuando sos pobre, saltearte un almuerzo m\u00e1s o una cena m\u00e1s de las que de vez en cuando no pod\u00e9s costear, es lo mismo. Que tardes tres o cuatro d\u00edas m\u00e1s en comprar la garrafa, que el pibe no vaya otro d\u00eda a la escuela porque no ten\u00e9s para darle para el colectivo, que no puedas estudiar para un parcial porque no ten\u00e9s un peso para comprarte los apuntes de la facultad, es lo mismo. Eso debe pensar, en su ignorancia. Un d\u00eda m\u00e1s sin comer, un d\u00eda m\u00e1s sin nada caliente, sin ir a la escuela, sin estudiar. \u00bfQu\u00e9 te hace un d\u00eda m\u00e1s as\u00ed, si as\u00ed es como viv\u00eds? \u00bfNo es m\u00e1s o menos lo mismo? Debe preguntarse Gonz\u00e1lez Fraga, mientras le sirven entrada, plato principal, y postre, regados con un vino que, cap\u00e1z, encima alguna vez un gobierno te hizo creer que pod\u00edas llegar a probar.<br \/>\nBueno, pecando, quiz\u00e1, otra vez de ser autoreferencial, me permito desasnarlo un poco al economista de la derecha rancia. Y millonaria, como toda derecha rancia. E ignorante, como toda derecha rancia y millonaria. No, Gonz\u00e1lez Fraga, no es lo mismo. Es una diferencia gigante, como la que existe entre querer y amar. Suena similar, pero cabe un mundo en el medio.<br \/>\nEn la pobreza, -y me quedo en la pobreza que conozco, no avanzo en lo que no viv\u00ed, en la marginalidad, ni en la miseria, ni en la indigencia, que son los subsuelos de la pobreza-, as\u00ed como en la riqueza, no da lo mismo comer que pasar hambre. Un d\u00eda sin comer, aunque ya se conozca la sensaci\u00f3n del est\u00f3mago vac\u00edo, no es lo mismo que un d\u00eda con comida en la mesa. Y si cambia. Que un pibe o piba pierda d\u00edas de clase porque no puede llegar a la escuela, no es lo mismo que si tiene los recursos para ir todos los d\u00edas. Y ni qu\u00e9 decir de si puede ir todos los d\u00edas con la panza llena. Dir\u00eda que entiendo que Gonz\u00e1lez Fraga no sepa, pero no lo entiendo. Porque me parece demasiado obvio. Pero debe ser porque puedo y quiero ponerme en ese lugar. O, en mi caso, hacer memoria.<br \/>\nDicen que el que no sabe es como el que no ve. O no quiere ver, en el caso del economista. Los pobres son tan pobres como las decisiones pol\u00edticas que se toman quieren que sean. Aun con el esfuerzo personal. No es tan dif\u00edcil de entender, y menos aun para un hombre de sus estudios, de universidad cat\u00f3lica, con los apuntes al d\u00eda y comida caliente en la pancita.<br \/>\nY hoy los pobres son m\u00e1s pobres que hace seis meses. De la misma forma que los pobres de los &#8217;90 y el 2001 fuimos menos pobres a\u00f1os despu\u00e9s y muchos pudimos cubrir todas nuestras necesidades b\u00e1sicas, estudiar, cambiar el celular, viajar alguna vez y hasta pensar en el techo propio. Cosas que despu\u00e9s descubrimos que s\u00f3lo estaban reservadas para las personas como \u00e9l, como nos explic\u00f3 hace un tiempo, aqu\u00ed s\u00ed fingiendo conocer del tema: \u201cVenimos de 12 a\u00f1os en donde las cosas se hicieron mal. Se alent\u00f3 el sobreconsumo, se atrasaron las tarifas y el tipo de cambio&#8230; Donde le hiciste creer a un empleado medio que su sueldo serv\u00eda para comprar celulares, plasmas, autos, motos e irse al exterior\u201d.<br \/>\nCapaz, quienes venimos de una casa pobre, ni siquiera tengamos que hacer memoria para entender esta diferencia, porque la pobreza hizo \u00e9sto de nosotros. Y nosotros logramos hacer esto que somos despu\u00e9s de que la pobreza hizo lo que quiso con nosotros. Porque nunca dio lo mismo poder comprar la garrafa que pasar otro d\u00eda sin nada caliente para tomar. Porque Gonz\u00e1lez Fraga, al pensar en una garrafa en invierno, debe imaginar un envase de gas. Los pobres, cuando pensamos en una garrafa en invierno, imaginamos un t\u00e9, unos mates o un guiso.<br \/>\nComo yo s\u00ed pude estudiar, -y en universidad p\u00fablica, a diferencia de Gonz\u00e1lez Fraga-, despu\u00e9s, cuando s\u00ed pude costear transporte y fotocopias, y hoy s\u00e9 que nada de eso fue magia, recuerdo que el signo ling\u00fc\u00edstico est\u00e1 constituido por un significante y un significado. Y que Saussurre postulaba que el significado es el \u00abcontenido\u00bb del significante, es aquello a lo que apunta o refiere el significante. Lo gugli\u00e9 para ponerlo exacto. \u00bfVen? Una garrafa es una garrafa, pero significa cosas distintas seg\u00fan de d\u00f3nde vengas, qu\u00e9 haya hecho la vida con vos y qu\u00e9 decisiones sociales y econ\u00f3micas tomen tus gobiernos.<br \/>\nGonz\u00e1lez Fraga no va a poder desprenderse de su ignorancia, ni de su hipocres\u00eda canallesca. No va a entender nunca esta diferencia fundacional. Pero s\u00ed debe saber muy bien que el que tiene hambre no finge el hambre. Que el que desespera en el desempleo, no finge desesperaci\u00f3n. Que su \u201cMe gustar\u00eda saber qu\u00e9 tan pobres son los pobres\u201d, es como preguntar qu\u00e9 tanto duele el cuchillo que se clava siempre en el mismo lugar. Duele, cada vez m\u00e1s. Tambi\u00e9n debe saber, y si as\u00ed no es, resulta un propicio momento para que se entere, que el infame no finge ser infame. Lo es.<\/p>\n","protected":false},"excerpt":{"rendered":"<p>Es atinado preguntar cuando no se sabe. En vez de inventar una falacia e intentar argumentar con la masilla aguanchenta de un conocimiento escaso, decir \u201cno s\u00e9\u201d, es honesto. Casi sabio, arriesgo. Es decir, hablar sobre determinado t\u00f3pico y dejar a las claras el desconocimiento que se tiene sobre esa materia, aunque se hable mucho y lindo, no sirve. Denota [&#8230;]<\/p>\n","protected":false},"author":8,"featured_media":0,"comment_status":"open","ping_status":"open","sticky":false,"template":"","format":"standard","meta":{"_jetpack_newsletter_access":"","_jetpack_dont_email_post_to_subs":false,"_jetpack_newsletter_tier_id":0,"_jetpack_memberships_contains_paywalled_content":false,"_jetpack_memberships_contains_paid_content":false,"footnotes":""},"categories":[64],"tags":[],"class_list":["post-84675","post","type-post","status-publish","format-standard","hentry","category-opinion"],"jetpack_featured_media_url":"","jetpack_shortlink":"https:\/\/wp.me\/p2JWE0-m1J","jetpack-related-posts":[{"id":101503,"url":"https:\/\/www.24baires.com\/?p=101503","url_meta":{"origin":84675,"position":0},"title":"Que florezcan mil Lulas","author":"AF","date":"09\/04\/2018","format":false,"excerpt":"No les gusta cuando un pobre se declara en desacato contra la miseria. No soportan cuando un pobre no se arrodilla, aunque la bota pese como monta\u00f1as sobre sus hombros. Detestan que los pobres se organicen. Cuando un pobre empieza a hablar de derechos, reclama y pide justicia, lo castigan.\u2026","rel":"","context":"En \u00abOpini\u00f3n\u00bb","block_context":{"text":"Opini\u00f3n","link":"https:\/\/www.24baires.com\/?cat=64"},"img":{"alt_text":"","src":"https:\/\/i0.wp.com\/www.24baires.com\/wp-content\/uploads\/2018\/04\/lula-3.jpg?resize=350%2C200","width":350,"height":200,"srcset":"https:\/\/i0.wp.com\/www.24baires.com\/wp-content\/uploads\/2018\/04\/lula-3.jpg?resize=350%2C200 1x, https:\/\/i0.wp.com\/www.24baires.com\/wp-content\/uploads\/2018\/04\/lula-3.jpg?resize=525%2C300 1.5x"},"classes":[]},{"id":81214,"url":"https:\/\/www.24baires.com\/?p=81214","url_meta":{"origin":84675,"position":1},"title":"El Papa Francisco pidi\u00f3 \u00abno juzgar al pobre que pide una moneda para el vino\u00bb","author":"AF","date":"09\/04\/2016","format":false,"excerpt":"Fue en el marco de la Audiencia Jubilar que encabez\u00f3 en la Plaza San Pedro. \"La limosna es un gesto de amor\u201d, se\u00f1al\u00f3. El papa Francisco critic\u00f3 hoy a quienes juzgan \"al pobre que pide una moneda para un vaso de vino\" y conmin\u00f3 a los fieles a \"ser generosos\"\u2026","rel":"","context":"En \u00abSociedad\u00bb","block_context":{"text":"Sociedad","link":"https:\/\/www.24baires.com\/?cat=1"},"img":{"alt_text":"papa","src":"https:\/\/i0.wp.com\/www.24baires.com\/wp-content\/uploads\/2016\/04\/papa.jpg?resize=350%2C200","width":350,"height":200,"srcset":"https:\/\/i0.wp.com\/www.24baires.com\/wp-content\/uploads\/2016\/04\/papa.jpg?resize=350%2C200 1x, https:\/\/i0.wp.com\/www.24baires.com\/wp-content\/uploads\/2016\/04\/papa.jpg?resize=525%2C300 1.5x"},"classes":[]},{"id":92975,"url":"https:\/\/www.24baires.com\/?p=92975","url_meta":{"origin":84675,"position":2},"title":"Macri aclar\u00f3: \u00abCuando hablamos de &#8216;pobreza cero&#8217; no era de un d\u00eda para otro\u00bb","author":"GB","date":"10\/03\/2017","format":false,"excerpt":"El Presidente destac\u00f3 en un puerto rosarino que \"lo que importa es cu\u00e1ntos argentinos pobres rescatamos\". \"Cuando hablamos de \u2018pobreza cero\u2019 no hablamos de un d\u00eda para otro\", dijo Mauricio Macri. El presidente dio declaraciones en el puerto rosarino de Timb\u00faes, durante una recorrida para observar los avances en materia\u2026","rel":"","context":"En \u00abPol\u00edtica\u00bb","block_context":{"text":"Pol\u00edtica","link":"https:\/\/www.24baires.com\/?cat=51"},"img":{"alt_text":"","src":"https:\/\/i0.wp.com\/www.24baires.com\/wp-content\/uploads\/2017\/02\/macri-conferencia.jpg?resize=350%2C200","width":350,"height":200,"srcset":"https:\/\/i0.wp.com\/www.24baires.com\/wp-content\/uploads\/2017\/02\/macri-conferencia.jpg?resize=350%2C200 1x, https:\/\/i0.wp.com\/www.24baires.com\/wp-content\/uploads\/2017\/02\/macri-conferencia.jpg?resize=525%2C300 1.5x"},"classes":[]},{"id":45714,"url":"https:\/\/www.24baires.com\/?p=45714","url_meta":{"origin":84675,"position":3},"title":"Opci\u00f3n por Mugica","author":"AF","date":"10\/05\/2014","format":false,"excerpt":"A tiros. Lo mataron a tiros, despu\u00e9s de dar misa. Lo mataron porque les molestaba, porque representaba con su voz y sus acciones al pueblo oprimido, a los necesitados de siempre, a los que durante a\u00f1os estaban debajo de la suela de las botas, despreciados por los poderosos. Lo mataron\u2026","rel":"","context":"En \u00abOpini\u00f3n\u00bb","block_context":{"text":"Opini\u00f3n","link":"https:\/\/www.24baires.com\/?cat=64"},"img":{"alt_text":"mugica","src":"https:\/\/i0.wp.com\/www.24baires.com\/wp-content\/uploads\/2014\/05\/mugica.jpg?resize=350%2C200","width":350,"height":200,"srcset":"https:\/\/i0.wp.com\/www.24baires.com\/wp-content\/uploads\/2014\/05\/mugica.jpg?resize=350%2C200 1x, https:\/\/i0.wp.com\/www.24baires.com\/wp-content\/uploads\/2014\/05\/mugica.jpg?resize=525%2C300 1.5x"},"classes":[]},{"id":56654,"url":"https:\/\/www.24baires.com\/?p=56654","url_meta":{"origin":84675,"position":4},"title":"ALCArajo","author":"Grupo Sierra","date":"05\/11\/2014","format":false,"excerpt":"Dicen los que saben que no debe empezarse una nota con algo negativo, con la palabra \u2018no\u2019, por ejemplo. Pero as\u00ed voy a empezar, porque quiero decir que \u2018no\u2019 est\u00e1 bueno tampoco encabezar un art\u00edculo hablando de tumbas, no por la cuesti\u00f3n de estilo, sino m\u00e1s bien por la an\u00edmica.\u2026","rel":"","context":"En \u00abOpini\u00f3n\u00bb","block_context":{"text":"Opini\u00f3n","link":"https:\/\/www.24baires.com\/?cat=64"},"img":{"alt_text":"chavez_mdq ALCA","src":"https:\/\/i0.wp.com\/www.24baires.com\/wp-content\/uploads\/2014\/11\/chavez_mdq-ALCA.jpg?resize=350%2C200","width":350,"height":200},"classes":[]},{"id":25952,"url":"https:\/\/www.24baires.com\/?p=25952","url_meta":{"origin":84675,"position":5},"title":"Echegaray le sugiri\u00f3 a los clubes \u201csacarse de encima a los intermediarios\u201d","author":"AF","date":"14\/06\/2013","format":false,"excerpt":"El titular de la AFIP, Ricardo Echegaray, sostuvo que \u201chay muchos representantes y los clubes son cada vez m\u00e1s pobres\u201d. \u201cFuimos una potencia futbol\u00edstica cuando no ten\u00edamos tantos representantes\u201d, se\u00f1al\u00f3. Por la causa de lavado de dinero en los pases de jugadores hay diez detenidos y cinco pr\u00f3fugos. El titular\u2026","rel":"","context":"En \u00abEconom\u00eda\u00bb","block_context":{"text":"Econom\u00eda","link":"https:\/\/www.24baires.com\/?cat=45"},"img":{"alt_text":"","src":"","width":0,"height":0},"classes":[]}],"jetpack_sharing_enabled":true,"jetpack_likes_enabled":true,"_links":{"self":[{"href":"https:\/\/www.24baires.com\/index.php?rest_route=\/wp\/v2\/posts\/84675","targetHints":{"allow":["GET"]}}],"collection":[{"href":"https:\/\/www.24baires.com\/index.php?rest_route=\/wp\/v2\/posts"}],"about":[{"href":"https:\/\/www.24baires.com\/index.php?rest_route=\/wp\/v2\/types\/post"}],"author":[{"embeddable":true,"href":"https:\/\/www.24baires.com\/index.php?rest_route=\/wp\/v2\/users\/8"}],"replies":[{"embeddable":true,"href":"https:\/\/www.24baires.com\/index.php?rest_route=%2Fwp%2Fv2%2Fcomments&post=84675"}],"version-history":[{"count":1,"href":"https:\/\/www.24baires.com\/index.php?rest_route=\/wp\/v2\/posts\/84675\/revisions"}],"predecessor-version":[{"id":84676,"href":"https:\/\/www.24baires.com\/index.php?rest_route=\/wp\/v2\/posts\/84675\/revisions\/84676"}],"wp:attachment":[{"href":"https:\/\/www.24baires.com\/index.php?rest_route=%2Fwp%2Fv2%2Fmedia&parent=84675"}],"wp:term":[{"taxonomy":"category","embeddable":true,"href":"https:\/\/www.24baires.com\/index.php?rest_route=%2Fwp%2Fv2%2Fcategories&post=84675"},{"taxonomy":"post_tag","embeddable":true,"href":"https:\/\/www.24baires.com\/index.php?rest_route=%2Fwp%2Fv2%2Ftags&post=84675"}],"curies":[{"name":"wp","href":"https:\/\/api.w.org\/{rel}","templated":true}]}}